{"id":12163,"date":"2021-10-11T09:45:16","date_gmt":"2021-10-11T09:45:16","guid":{"rendered":"https:\/\/borges.es\/?p=12163"},"modified":"2021-10-11T10:03:38","modified_gmt":"2021-10-11T10:03:38","slug":"collita-nous","status":"publish","type":"post","link":"https:\/\/borges.es\/ca\/blog\/collita-nous\/","title":{"rendered":"\u00c9s temps de collita!"},"content":{"rendered":"<p><strong>Sabies que \u00e9s durant els mesos d\u2019octubre i novembre quan es cullen les nous?<\/strong><\/p>\n<p><span data-contrast=\"none\">A les nostres finques d\u2019Extremadura, on es cultiven les nous Pizarro, s\u2019hi viu, com cada any, un ambient molt especial. I \u00e9s que la collita segueix tenint, encara avui, aquell simbolisme de temps passats, capa\u00e7 d\u2019emocionar qualsevol: collir el fruit d\u2019un treball constant i incondicional, resultat de l\u2019amor amb qu\u00e8 els agricultors locals\u00a0<\/span><span data-contrast=\"none\">tenen\u00a0cura de\u00a0<\/span><span data-contrast=\"none\">les nogueres.<\/span><span data-ccp-props=\"{&quot;335559738&quot;:160}\">\u00a0<\/span><\/p>\n<p><span data-contrast=\"none\"><strong>Aix\u00ed doncs, tot \u00e9s a punt perqu\u00e8 les nous Pizarro viatgin directament del camp a taula<\/strong>, transmetent en tota la seva esplendor les singularitats del s\u00f2l en qu\u00e8 han crescut. Perqu\u00e8 aix\u00f2 sigui aix\u00ed, moltes persones treballen actualment en la collita, atrafegades per\u00f2 tamb\u00e9 amb una profunda satisfacci\u00f3: la que proporciona la feina ben feta.<\/span><span data-ccp-props=\"{&quot;335559738&quot;:160}\">\u00a0<\/span><\/p>\n","protected":false},"excerpt":{"rendered":"<p>Sabies que \u00e9s durant els mesos d\u2019octubre i novembre quan es cullen les nous? A les nostres finques d\u2019Extremadura, on&#8230;<\/p>\n","protected":false},"author":63,"featured_media":12178,"comment_status":"open","ping_status":"closed","sticky":false,"template":"","format":"standard","meta":{"_acf_changed":false,"footnotes":""},"categories":[3262,3260],"tags":[5130,2751],"class_list":["post-12163","post","type-post","status-publish","format-standard","has-post-thumbnail","hentry","category-estil-de-vida","category-sostenibilitat","tag-collita-de-nous","tag-nous-pizarro"],"acf":[],"yoast_head":"<!-- This site is optimized with the Yoast SEO plugin v27.4 - https:\/\/yoast.com\/product\/yoast-seo-wordpress\/ -->\n<title>\u00c9s temps de collita! - Borges<\/title>\n<meta name=\"description\" content=\"Sabies que \u00e9s durant els mesos d\u2019octubre i novembre quan es cullen les nous? Les nous Pizarro s\u00f3n a punt d\u2019arribar!\u00a0\" \/>\n<meta name=\"robots\" content=\"index, follow, max-snippet:-1, max-image-preview:large, max-video-preview:-1\" \/>\n<link rel=\"canonical\" href=\"https:\/\/borges.es\/ca\/blog\/collita-nous\/\" \/>\n<meta property=\"og:locale\" content=\"ca_ES\" \/>\n<meta property=\"og:type\" content=\"article\" \/>\n<meta property=\"og:title\" content=\"\u00c9s temps de collita! (Estem recollint les nous)\" \/>\n<meta property=\"og:description\" content=\"Sabies que \u00e9s durant els mesos d\u2019octubre i novembre quan es cullen les nous? A preparar les receptes, que les nous Pizarro s\u00f3n a punt d\u2019arribar!\u00a0\" \/>\n<meta property=\"og:url\" content=\"https:\/\/borges.es\/ca\/blog\/collita-nous\/\" \/>\n<meta property=\"og:site_name\" content=\"Borges\" \/>\n<meta property=\"article:published_time\" content=\"2021-10-11T09:45:16+00:00\" \/>\n<meta property=\"article:modified_time\" content=\"2021-10-11T10:03:38+00:00\" \/>\n<meta name=\"author\" content=\"S\u00edlvia Serra\" \/>\n<meta name=\"twitter:card\" content=\"summary_large_image\" \/>\n<meta name=\"twitter:title\" content=\"\u00c9s temps de collita! (Estem recollint les nous)\" \/>\n<meta name=\"twitter:description\" content=\"Sabies que \u00e9s durant els mesos d\u2019octubre i novembre quan es cullen les nous? A preparar les receptes, que les nous Pizarro s\u00f3n a punt d\u2019arribar!\u00a0\" \/>\n<meta name=\"twitter:creator\" content=\"@mortensen\" \/>\n<meta name=\"twitter:label1\" content=\"Escrit per\" \/>\n\t<meta name=\"twitter:data1\" content=\"S\u00edlvia Serra\" \/>\n\t<meta name=\"twitter:label2\" content=\"Temps estimat de lectura\" \/>\n\t<meta name=\"twitter:data2\" content=\"1 minut\" \/>\n<script type=\"application\/ld+json\" class=\"yoast-schema-graph\">{\"@context\":\"https:\\\/\\\/schema.org\",\"@graph\":[{\"@type\":\"Article\",\"@id\":\"https:\\\/\\\/borges.es\\\/ca\\\/blog\\\/collita-nous\\\/#article\",\"isPartOf\":{\"@id\":\"https:\\\/\\\/borges.es\\\/ca\\\/blog\\\/collita-nous\\\/\"},\"author\":{\"name\":\"S\u00edlvia Serra\",\"@id\":\"https:\\\/\\\/borges.es\\\/ca\\\/#\\\/schema\\\/person\\\/4d4336303ff947bb61578b6173db1cb3\"},\"headline\":\"\u00c9s temps de collita!\",\"datePublished\":\"2021-10-11T09:45:16+00:00\",\"dateModified\":\"2021-10-11T10:03:38+00:00\",\"mainEntityOfPage\":{\"@id\":\"https:\\\/\\\/borges.es\\\/ca\\\/blog\\\/collita-nous\\\/\"},\"wordCount\":138,\"commentCount\":0,\"image\":{\"@id\":\"https:\\\/\\\/borges.es\\\/ca\\\/blog\\\/collita-nous\\\/#primaryimage\"},\"thumbnailUrl\":\"https:\\\/\\\/borges1896.com\\\/app\\\/uploads\\\/\\\/2021\\\/10\\\/Cosecha-nuez.jpg\",\"keywords\":[\"collita de nous\",\"Nous Pizarro\"],\"articleSection\":[\"Estil de vida\",\"Sostenibilitat\"],\"inLanguage\":\"ca\",\"potentialAction\":[{\"@type\":\"CommentAction\",\"name\":\"Comment\",\"target\":[\"https:\\\/\\\/borges.es\\\/ca\\\/blog\\\/collita-nous\\\/#respond\"]}]},{\"@type\":\"WebPage\",\"@id\":\"https:\\\/\\\/borges.es\\\/ca\\\/blog\\\/collita-nous\\\/\",\"url\":\"https:\\\/\\\/borges.es\\\/ca\\\/blog\\\/collita-nous\\\/\",\"name\":\"\u00c9s temps de collita! - Borges\",\"isPartOf\":{\"@id\":\"https:\\\/\\\/borges.es\\\/ca\\\/#website\"},\"primaryImageOfPage\":{\"@id\":\"https:\\\/\\\/borges.es\\\/ca\\\/blog\\\/collita-nous\\\/#primaryimage\"},\"image\":{\"@id\":\"https:\\\/\\\/borges.es\\\/ca\\\/blog\\\/collita-nous\\\/#primaryimage\"},\"thumbnailUrl\":\"https:\\\/\\\/borges1896.com\\\/app\\\/uploads\\\/\\\/2021\\\/10\\\/Cosecha-nuez.jpg\",\"datePublished\":\"2021-10-11T09:45:16+00:00\",\"dateModified\":\"2021-10-11T10:03:38+00:00\",\"author\":{\"@id\":\"https:\\\/\\\/borges.es\\\/ca\\\/#\\\/schema\\\/person\\\/4d4336303ff947bb61578b6173db1cb3\"},\"description\":\"Sabies que \u00e9s durant els mesos d\u2019octubre i novembre quan es cullen les nous? Les nous Pizarro s\u00f3n a punt d\u2019arribar!\u00a0\",\"breadcrumb\":{\"@id\":\"https:\\\/\\\/borges.es\\\/ca\\\/blog\\\/collita-nous\\\/#breadcrumb\"},\"inLanguage\":\"ca\",\"potentialAction\":[{\"@type\":\"ReadAction\",\"target\":[\"https:\\\/\\\/borges.es\\\/ca\\\/blog\\\/collita-nous\\\/\"]}]},{\"@type\":\"ImageObject\",\"inLanguage\":\"ca\",\"@id\":\"https:\\\/\\\/borges.es\\\/ca\\\/blog\\\/collita-nous\\\/#primaryimage\",\"url\":\"https:\\\/\\\/borges1896.com\\\/app\\\/uploads\\\/\\\/2021\\\/10\\\/Cosecha-nuez.jpg\",\"contentUrl\":\"https:\\\/\\\/borges1896.com\\\/app\\\/uploads\\\/\\\/2021\\\/10\\\/Cosecha-nuez.jpg\",\"width\":1000,\"height\":1008,\"caption\":\"Cosecha nuez\"},{\"@type\":\"BreadcrumbList\",\"@id\":\"https:\\\/\\\/borges.es\\\/ca\\\/blog\\\/collita-nous\\\/#breadcrumb\",\"itemListElement\":[{\"@type\":\"ListItem\",\"position\":1,\"name\":\"Home\",\"item\":\"https:\\\/\\\/borges.es\\\/ca\\\/\"},{\"@type\":\"ListItem\",\"position\":2,\"name\":\"\u00c9s temps de collita!\"}]},{\"@type\":\"WebSite\",\"@id\":\"https:\\\/\\\/borges.es\\\/ca\\\/#website\",\"url\":\"https:\\\/\\\/borges.es\\\/ca\\\/\",\"name\":\"Borges\",\"description\":\"Aqu\u00ed disfrutamos de la cocina saludable y sabrosa. \u00bfTe apuntas?\",\"inLanguage\":\"ca\"},{\"@type\":\"Person\",\"@id\":\"https:\\\/\\\/borges.es\\\/ca\\\/#\\\/schema\\\/person\\\/4d4336303ff947bb61578b6173db1cb3\",\"name\":\"S\u00edlvia Serra\",\"image\":{\"@type\":\"ImageObject\",\"inLanguage\":\"ca\",\"@id\":\"https:\\\/\\\/secure.gravatar.com\\\/avatar\\\/34074626096365f59765ad518fb0221300ade7a2b5a585b878a1aec5d37810e3?s=96&d=mm&r=g\",\"url\":\"https:\\\/\\\/secure.gravatar.com\\\/avatar\\\/34074626096365f59765ad518fb0221300ade7a2b5a585b878a1aec5d37810e3?s=96&d=mm&r=g\",\"contentUrl\":\"https:\\\/\\\/secure.gravatar.com\\\/avatar\\\/34074626096365f59765ad518fb0221300ade7a2b5a585b878a1aec5d37810e3?s=96&d=mm&r=g\",\"caption\":\"S\u00edlvia Serra\"},\"sameAs\":[\"https:\\\/\\\/x.com\\\/mortensen\"],\"url\":\"https:\\\/\\\/borges.es\\\/ca\\\/blog\\\/author\\\/silvia-serra\\\/\"}]}<\/script>\n<!-- \/ Yoast SEO plugin. -->","yoast_head_json":{"title":"\u00c9s temps de collita! - Borges","description":"Sabies que \u00e9s durant els mesos d\u2019octubre i novembre quan es cullen les nous? Les nous Pizarro s\u00f3n a punt d\u2019arribar!\u00a0","robots":{"index":"index","follow":"follow","max-snippet":"max-snippet:-1","max-image-preview":"max-image-preview:large","max-video-preview":"max-video-preview:-1"},"canonical":"https:\/\/borges.es\/ca\/blog\/collita-nous\/","og_locale":"ca_ES","og_type":"article","og_title":"\u00c9s temps de collita! (Estem recollint les nous)","og_description":"Sabies que \u00e9s durant els mesos d\u2019octubre i novembre quan es cullen les nous? A preparar les receptes, que les nous Pizarro s\u00f3n a punt d\u2019arribar!\u00a0","og_url":"https:\/\/borges.es\/ca\/blog\/collita-nous\/","og_site_name":"Borges","article_published_time":"2021-10-11T09:45:16+00:00","article_modified_time":"2021-10-11T10:03:38+00:00","author":"S\u00edlvia Serra","twitter_card":"summary_large_image","twitter_title":"\u00c9s temps de collita! (Estem recollint les nous)","twitter_description":"Sabies que \u00e9s durant els mesos d\u2019octubre i novembre quan es cullen les nous? A preparar les receptes, que les nous Pizarro s\u00f3n a punt d\u2019arribar!\u00a0","twitter_creator":"@mortensen","twitter_misc":{"Escrit per":"S\u00edlvia Serra","Temps estimat de lectura":"1 minut"},"schema":{"@context":"https:\/\/schema.org","@graph":[{"@type":"Article","@id":"https:\/\/borges.es\/ca\/blog\/collita-nous\/#article","isPartOf":{"@id":"https:\/\/borges.es\/ca\/blog\/collita-nous\/"},"author":{"name":"S\u00edlvia Serra","@id":"https:\/\/borges.es\/ca\/#\/schema\/person\/4d4336303ff947bb61578b6173db1cb3"},"headline":"\u00c9s temps de collita!","datePublished":"2021-10-11T09:45:16+00:00","dateModified":"2021-10-11T10:03:38+00:00","mainEntityOfPage":{"@id":"https:\/\/borges.es\/ca\/blog\/collita-nous\/"},"wordCount":138,"commentCount":0,"image":{"@id":"https:\/\/borges.es\/ca\/blog\/collita-nous\/#primaryimage"},"thumbnailUrl":"https:\/\/borges1896.com\/app\/uploads\/\/2021\/10\/Cosecha-nuez.jpg","keywords":["collita de nous","Nous Pizarro"],"articleSection":["Estil de vida","Sostenibilitat"],"inLanguage":"ca","potentialAction":[{"@type":"CommentAction","name":"Comment","target":["https:\/\/borges.es\/ca\/blog\/collita-nous\/#respond"]}]},{"@type":"WebPage","@id":"https:\/\/borges.es\/ca\/blog\/collita-nous\/","url":"https:\/\/borges.es\/ca\/blog\/collita-nous\/","name":"\u00c9s temps de collita! - Borges","isPartOf":{"@id":"https:\/\/borges.es\/ca\/#website"},"primaryImageOfPage":{"@id":"https:\/\/borges.es\/ca\/blog\/collita-nous\/#primaryimage"},"image":{"@id":"https:\/\/borges.es\/ca\/blog\/collita-nous\/#primaryimage"},"thumbnailUrl":"https:\/\/borges1896.com\/app\/uploads\/\/2021\/10\/Cosecha-nuez.jpg","datePublished":"2021-10-11T09:45:16+00:00","dateModified":"2021-10-11T10:03:38+00:00","author":{"@id":"https:\/\/borges.es\/ca\/#\/schema\/person\/4d4336303ff947bb61578b6173db1cb3"},"description":"Sabies que \u00e9s durant els mesos d\u2019octubre i novembre quan es cullen les nous? Les nous Pizarro s\u00f3n a punt d\u2019arribar!\u00a0","breadcrumb":{"@id":"https:\/\/borges.es\/ca\/blog\/collita-nous\/#breadcrumb"},"inLanguage":"ca","potentialAction":[{"@type":"ReadAction","target":["https:\/\/borges.es\/ca\/blog\/collita-nous\/"]}]},{"@type":"ImageObject","inLanguage":"ca","@id":"https:\/\/borges.es\/ca\/blog\/collita-nous\/#primaryimage","url":"https:\/\/borges1896.com\/app\/uploads\/\/2021\/10\/Cosecha-nuez.jpg","contentUrl":"https:\/\/borges1896.com\/app\/uploads\/\/2021\/10\/Cosecha-nuez.jpg","width":1000,"height":1008,"caption":"Cosecha nuez"},{"@type":"BreadcrumbList","@id":"https:\/\/borges.es\/ca\/blog\/collita-nous\/#breadcrumb","itemListElement":[{"@type":"ListItem","position":1,"name":"Home","item":"https:\/\/borges.es\/ca\/"},{"@type":"ListItem","position":2,"name":"\u00c9s temps de collita!"}]},{"@type":"WebSite","@id":"https:\/\/borges.es\/ca\/#website","url":"https:\/\/borges.es\/ca\/","name":"Borges","description":"Aqu\u00ed disfrutamos de la cocina saludable y sabrosa. \u00bfTe apuntas?","inLanguage":"ca"},{"@type":"Person","@id":"https:\/\/borges.es\/ca\/#\/schema\/person\/4d4336303ff947bb61578b6173db1cb3","name":"S\u00edlvia Serra","image":{"@type":"ImageObject","inLanguage":"ca","@id":"https:\/\/secure.gravatar.com\/avatar\/34074626096365f59765ad518fb0221300ade7a2b5a585b878a1aec5d37810e3?s=96&d=mm&r=g","url":"https:\/\/secure.gravatar.com\/avatar\/34074626096365f59765ad518fb0221300ade7a2b5a585b878a1aec5d37810e3?s=96&d=mm&r=g","contentUrl":"https:\/\/secure.gravatar.com\/avatar\/34074626096365f59765ad518fb0221300ade7a2b5a585b878a1aec5d37810e3?s=96&d=mm&r=g","caption":"S\u00edlvia Serra"},"sameAs":["https:\/\/x.com\/mortensen"],"url":"https:\/\/borges.es\/ca\/blog\/author\/silvia-serra\/"}]}},"_links":{"self":[{"href":"https:\/\/borges.es\/ca\/wp-json\/wp\/v2\/posts\/12163","targetHints":{"allow":["GET"]}}],"collection":[{"href":"https:\/\/borges.es\/ca\/wp-json\/wp\/v2\/posts"}],"about":[{"href":"https:\/\/borges.es\/ca\/wp-json\/wp\/v2\/types\/post"}],"author":[{"embeddable":true,"href":"https:\/\/borges.es\/ca\/wp-json\/wp\/v2\/users\/63"}],"replies":[{"embeddable":true,"href":"https:\/\/borges.es\/ca\/wp-json\/wp\/v2\/comments?post=12163"}],"version-history":[{"count":3,"href":"https:\/\/borges.es\/ca\/wp-json\/wp\/v2\/posts\/12163\/revisions"}],"predecessor-version":[{"id":12184,"href":"https:\/\/borges.es\/ca\/wp-json\/wp\/v2\/posts\/12163\/revisions\/12184"}],"wp:featuredmedia":[{"embeddable":true,"href":"https:\/\/borges.es\/ca\/wp-json\/wp\/v2\/media\/12178"}],"wp:attachment":[{"href":"https:\/\/borges.es\/ca\/wp-json\/wp\/v2\/media?parent=12163"}],"wp:term":[{"taxonomy":"category","embeddable":true,"href":"https:\/\/borges.es\/ca\/wp-json\/wp\/v2\/categories?post=12163"},{"taxonomy":"post_tag","embeddable":true,"href":"https:\/\/borges.es\/ca\/wp-json\/wp\/v2\/tags?post=12163"}],"curies":[{"name":"wp","href":"https:\/\/api.w.org\/{rel}","templated":true}]}}