{"id":2863,"date":"2016-06-21T00:00:00","date_gmt":"2016-06-21T00:00:00","guid":{"rendered":"https:\/\/borges.es\/blog\/tres-amanides-pasta-originals-sanes-i-gustoses\/"},"modified":"2018-06-05T14:16:50","modified_gmt":"2018-06-05T14:16:50","slug":"tres-amanides-pasta-originals-sanes-i-gustoses","status":"publish","type":"post","link":"https:\/\/borges.es\/ca\/blog\/tres-amanides-pasta-originals-sanes-i-gustoses\/","title":{"rendered":"Tres amanides de pasta originals, sanes, i gustoses"},"content":{"rendered":"<p>Ets dels que sempre fan la mateixa amanida de pasta? T\u2019agradaria sentir-te m\u00e9s creatiu? Tranquil, portem unes quantes idees diferents per alegrar el teu receptari de cap\u00e7alera amb un toc de mar, fruita fresca, amaniments, herbes\u2026 Fes-hi una ullada, segur que et passen pel cap moltes m\u00e9s combinacions.<\/p>\n<h4><span style=\"color: #ff0000;\"><strong>Alvocat i gambes<\/strong><\/span><\/h4>\n<p>Combina la pasta cuita amb alvocat, gambes cuites i pelades (o llagostins), ceba morada i un xic de coriandre fresc ben picat; aquesta barreja senzilla harmonitza la delicadesa del guacamole amb la frescor de la ceba i el coriandre. Per rematar-la, li anir\u00e0 de primera una vinagreta de M\u00f2dena o un amaniment amb oli d\u2019oliva, pebre i llima. V\u00e9s amb compte quan barregis l\u2019amanida perqu\u00e8 els trossos d\u2019alvocat no s\u2019esmicolin. Si t\u2019estimes m\u00e9s fer-ne una versi\u00f3 t\u00e8bia, pots substituir les gambes cuites per gambes saltades.<\/p>\n<h4><span style=\"color: #ff0000;\"><strong>Tom\u00e0quets secs i mozzarella<\/strong><\/span><\/h4>\n<p>Una barreja ben italiana amb un toc especial. Pasta, mozzarella fresca, olives negres, tom\u00e0quet sec i alf\u00e0brega. Pots fer servir tom\u00e0quet fresc, per\u00f2 la gr\u00e0cia d\u2019aquesta proposta prov\u00e9 precisament de la pot\u00e8ncia i la personalitat del tom\u00e0quet sec. Una vinagreta de fruits secs li anir\u00e0 com l\u2019anell al dit i en potenciar\u00e0 la identitat m\u00e9s mediterr\u00e0nia.<\/p>\n<h4><span style=\"color: #ff0000;\"><strong>Mel\u00f3 i feta<\/strong><\/span><\/h4>\n<p>Ja vam veure que b\u00e9 que casen el mel\u00f3 i el formatge feta en aquestes <a href=\"https:\/\/borges.es\/recetas-veraniegas\/\" target=\"_blank\"><u>receptes d\u2019estiu<\/u><\/a>, una combinaci\u00f3 que ara aprofitem per dissenyar una proposta d\u2019amanida amb un punt dol\u00e7: pasta, mel\u00f3 trossejat, formatge feta en daus petits, fulles d\u2019espinac fresques i un grapat de panses. Refrescant i llaminera. La pots alegrar amb una crema bals\u00e0mica de M\u00f2dena o amb oli d\u2019oliva i pebre.<\/p>\n","protected":false},"excerpt":{"rendered":"<p>Ets dels que sempre fan la mateixa amanida de pasta? T\u2019agradaria sentir-te m\u00e9s creatiu? Tranquil, portem unes quantes idees diferents&#8230;<\/p>\n","protected":false},"author":2,"featured_media":1856,"comment_status":"open","ping_status":"open","sticky":false,"template":"","format":"standard","meta":{"_acf_changed":false,"footnotes":""},"categories":[2],"tags":[647,1932,1931,1930,1929,1928,1927,1926,1925,1924,1888,1863,1861,1811,1805,1770,1764,941,727,678,664,663],"class_list":["post-2863","post","type-post","status-publish","format-standard","has-post-thumbnail","hentry","category-uncategorized-ca","tag-amanida","tag-tomaquet-i-mozzarella","tag-melo-i-feta","tag-melo","tag-fresques","tag-fresc","tag-amanides-de-pasta","tag-amanida-de-pasta","tag-alvocat-i-gambes","tag-alvocat","tag-estiu","tag-lleugeres","tag-lleuger","tag-cuinar","tag-recepta","tag-receptes","tag-cuina","tag-ensalada-ca","tag-pasta-ca","tag-mozzarella-ca","tag-gambes","tag-gambas-ca"],"acf":[],"yoast_head":"<!-- This site is optimized with the Yoast SEO plugin v27.4 - https:\/\/yoast.com\/product\/yoast-seo-wordpress\/ -->\n<title>Tres amanides de pasta originals, sanes, i gustoses - Borges<\/title>\n<meta name=\"robots\" content=\"index, follow, max-snippet:-1, max-image-preview:large, max-video-preview:-1\" \/>\n<link rel=\"canonical\" href=\"https:\/\/borges.es\/ca\/blog\/tres-amanides-pasta-originals-sanes-i-gustoses\/\" \/>\n<meta property=\"og:locale\" content=\"ca_ES\" \/>\n<meta property=\"og:type\" content=\"article\" \/>\n<meta property=\"og:title\" content=\"Tres amanides de pasta originals, sanes, i gustoses - Borges\" \/>\n<meta property=\"og:description\" content=\"Ets dels que sempre fan la mateixa amanida de pasta? T\u2019agradaria sentir-te m\u00e9s creatiu? Tranquil, portem unes quantes idees diferents...\" \/>\n<meta property=\"og:url\" content=\"https:\/\/borges.es\/ca\/blog\/tres-amanides-pasta-originals-sanes-i-gustoses\/\" \/>\n<meta property=\"og:site_name\" content=\"Borges\" \/>\n<meta property=\"article:published_time\" content=\"2016-06-21T00:00:00+00:00\" \/>\n<meta property=\"article:modified_time\" content=\"2018-06-05T14:16:50+00:00\" \/>\n<meta property=\"og:image\" content=\"https:\/\/borges1896.com\/app\/uploads\/\/2018\/06\/POST-20160621-WEB.jpg\" \/>\n\t<meta property=\"og:image:width\" content=\"1000\" \/>\n\t<meta property=\"og:image:height\" content=\"667\" \/>\n\t<meta property=\"og:image:type\" content=\"image\/jpeg\" \/>\n<meta name=\"author\" content=\"mortensen\" \/>\n<meta name=\"twitter:card\" content=\"summary_large_image\" \/>\n<meta name=\"twitter:label1\" content=\"Escrit per\" \/>\n\t<meta name=\"twitter:data1\" content=\"mortensen\" \/>\n\t<meta name=\"twitter:label2\" content=\"Temps estimat de lectura\" \/>\n\t<meta name=\"twitter:data2\" content=\"1 minut\" \/>\n<script type=\"application\/ld+json\" class=\"yoast-schema-graph\">{\"@context\":\"https:\\\/\\\/schema.org\",\"@graph\":[{\"@type\":\"Article\",\"@id\":\"https:\\\/\\\/borges.es\\\/ca\\\/blog\\\/tres-amanides-pasta-originals-sanes-i-gustoses\\\/#article\",\"isPartOf\":{\"@id\":\"https:\\\/\\\/borges.es\\\/ca\\\/blog\\\/tres-amanides-pasta-originals-sanes-i-gustoses\\\/\"},\"author\":{\"name\":\"mortensen\",\"@id\":\"https:\\\/\\\/borges.es\\\/ca\\\/#\\\/schema\\\/person\\\/f9ce1a648d852dd65f2508352b7f9a60\"},\"headline\":\"Tres amanides de pasta originals, sanes, i gustoses\",\"datePublished\":\"2016-06-21T00:00:00+00:00\",\"dateModified\":\"2018-06-05T14:16:50+00:00\",\"mainEntityOfPage\":{\"@id\":\"https:\\\/\\\/borges.es\\\/ca\\\/blog\\\/tres-amanides-pasta-originals-sanes-i-gustoses\\\/\"},\"wordCount\":302,\"commentCount\":0,\"image\":{\"@id\":\"https:\\\/\\\/borges.es\\\/ca\\\/blog\\\/tres-amanides-pasta-originals-sanes-i-gustoses\\\/#primaryimage\"},\"thumbnailUrl\":\"https:\\\/\\\/borges1896.com\\\/app\\\/uploads\\\/\\\/2018\\\/06\\\/POST-20160621-WEB.jpg\",\"keywords\":[\"amanida\",\"tom\u00e0quet i mozzarella\",\"mel\u00f3 i feta\",\"mel\u00f3\",\"fresques\",\"fresc\",\"amanides de pasta\",\"amanida de pasta\",\"alvocat i gambes\",\"alvocat\",\"estiu\",\"lleugeres\",\"lleuger\",\"cuinar\",\"recepta\",\"receptes\",\"cuina\",\"ensalada\",\"pasta\",\"mozzarella\",\"gambes\",\"gambas\"],\"articleSection\":[\"Uncategorized @ca\"],\"inLanguage\":\"ca\",\"potentialAction\":[{\"@type\":\"CommentAction\",\"name\":\"Comment\",\"target\":[\"https:\\\/\\\/borges.es\\\/ca\\\/blog\\\/tres-amanides-pasta-originals-sanes-i-gustoses\\\/#respond\"]}]},{\"@type\":\"WebPage\",\"@id\":\"https:\\\/\\\/borges.es\\\/ca\\\/blog\\\/tres-amanides-pasta-originals-sanes-i-gustoses\\\/\",\"url\":\"https:\\\/\\\/borges.es\\\/ca\\\/blog\\\/tres-amanides-pasta-originals-sanes-i-gustoses\\\/\",\"name\":\"Tres amanides de pasta originals, sanes, i gustoses - Borges\",\"isPartOf\":{\"@id\":\"https:\\\/\\\/borges.es\\\/ca\\\/#website\"},\"primaryImageOfPage\":{\"@id\":\"https:\\\/\\\/borges.es\\\/ca\\\/blog\\\/tres-amanides-pasta-originals-sanes-i-gustoses\\\/#primaryimage\"},\"image\":{\"@id\":\"https:\\\/\\\/borges.es\\\/ca\\\/blog\\\/tres-amanides-pasta-originals-sanes-i-gustoses\\\/#primaryimage\"},\"thumbnailUrl\":\"https:\\\/\\\/borges1896.com\\\/app\\\/uploads\\\/\\\/2018\\\/06\\\/POST-20160621-WEB.jpg\",\"datePublished\":\"2016-06-21T00:00:00+00:00\",\"dateModified\":\"2018-06-05T14:16:50+00:00\",\"author\":{\"@id\":\"https:\\\/\\\/borges.es\\\/ca\\\/#\\\/schema\\\/person\\\/f9ce1a648d852dd65f2508352b7f9a60\"},\"breadcrumb\":{\"@id\":\"https:\\\/\\\/borges.es\\\/ca\\\/blog\\\/tres-amanides-pasta-originals-sanes-i-gustoses\\\/#breadcrumb\"},\"inLanguage\":\"ca\",\"potentialAction\":[{\"@type\":\"ReadAction\",\"target\":[\"https:\\\/\\\/borges.es\\\/ca\\\/blog\\\/tres-amanides-pasta-originals-sanes-i-gustoses\\\/\"]}]},{\"@type\":\"ImageObject\",\"inLanguage\":\"ca\",\"@id\":\"https:\\\/\\\/borges.es\\\/ca\\\/blog\\\/tres-amanides-pasta-originals-sanes-i-gustoses\\\/#primaryimage\",\"url\":\"https:\\\/\\\/borges1896.com\\\/app\\\/uploads\\\/\\\/2018\\\/06\\\/POST-20160621-WEB.jpg\",\"contentUrl\":\"https:\\\/\\\/borges1896.com\\\/app\\\/uploads\\\/\\\/2018\\\/06\\\/POST-20160621-WEB.jpg\",\"width\":1000,\"height\":667},{\"@type\":\"BreadcrumbList\",\"@id\":\"https:\\\/\\\/borges.es\\\/ca\\\/blog\\\/tres-amanides-pasta-originals-sanes-i-gustoses\\\/#breadcrumb\",\"itemListElement\":[{\"@type\":\"ListItem\",\"position\":1,\"name\":\"Home\",\"item\":\"https:\\\/\\\/borges.es\\\/ca\\\/\"},{\"@type\":\"ListItem\",\"position\":2,\"name\":\"Tres amanides de pasta originals, sanes, i gustoses\"}]},{\"@type\":\"WebSite\",\"@id\":\"https:\\\/\\\/borges.es\\\/ca\\\/#website\",\"url\":\"https:\\\/\\\/borges.es\\\/ca\\\/\",\"name\":\"Borges\",\"description\":\"Aqu\u00ed disfrutamos de la cocina saludable y sabrosa. \u00bfTe apuntas?\",\"inLanguage\":\"ca\"},{\"@type\":\"Person\",\"@id\":\"https:\\\/\\\/borges.es\\\/ca\\\/#\\\/schema\\\/person\\\/f9ce1a648d852dd65f2508352b7f9a60\",\"name\":\"mortensen\",\"image\":{\"@type\":\"ImageObject\",\"inLanguage\":\"ca\",\"@id\":\"https:\\\/\\\/secure.gravatar.com\\\/avatar\\\/dd2bd5aa753e679cd6f252540910ce11cd98c07228cac0664dcedefa61649290?s=96&d=mm&r=g\",\"url\":\"https:\\\/\\\/secure.gravatar.com\\\/avatar\\\/dd2bd5aa753e679cd6f252540910ce11cd98c07228cac0664dcedefa61649290?s=96&d=mm&r=g\",\"contentUrl\":\"https:\\\/\\\/secure.gravatar.com\\\/avatar\\\/dd2bd5aa753e679cd6f252540910ce11cd98c07228cac0664dcedefa61649290?s=96&d=mm&r=g\",\"caption\":\"mortensen\"},\"url\":\"https:\\\/\\\/borges.es\\\/ca\\\/blog\\\/author\\\/mortensen\\\/\"}]}<\/script>\n<!-- \/ Yoast SEO plugin. -->","yoast_head_json":{"title":"Tres amanides de pasta originals, sanes, i gustoses - Borges","robots":{"index":"index","follow":"follow","max-snippet":"max-snippet:-1","max-image-preview":"max-image-preview:large","max-video-preview":"max-video-preview:-1"},"canonical":"https:\/\/borges.es\/ca\/blog\/tres-amanides-pasta-originals-sanes-i-gustoses\/","og_locale":"ca_ES","og_type":"article","og_title":"Tres amanides de pasta originals, sanes, i gustoses - Borges","og_description":"Ets dels que sempre fan la mateixa amanida de pasta? T\u2019agradaria sentir-te m\u00e9s creatiu? Tranquil, portem unes quantes idees diferents...","og_url":"https:\/\/borges.es\/ca\/blog\/tres-amanides-pasta-originals-sanes-i-gustoses\/","og_site_name":"Borges","article_published_time":"2016-06-21T00:00:00+00:00","article_modified_time":"2018-06-05T14:16:50+00:00","og_image":[{"width":1000,"height":667,"url":"https:\/\/borges1896.com\/app\/uploads\/\/2018\/06\/POST-20160621-WEB.jpg","type":"image\/jpeg"}],"author":"mortensen","twitter_card":"summary_large_image","twitter_misc":{"Escrit per":"mortensen","Temps estimat de lectura":"1 minut"},"schema":{"@context":"https:\/\/schema.org","@graph":[{"@type":"Article","@id":"https:\/\/borges.es\/ca\/blog\/tres-amanides-pasta-originals-sanes-i-gustoses\/#article","isPartOf":{"@id":"https:\/\/borges.es\/ca\/blog\/tres-amanides-pasta-originals-sanes-i-gustoses\/"},"author":{"name":"mortensen","@id":"https:\/\/borges.es\/ca\/#\/schema\/person\/f9ce1a648d852dd65f2508352b7f9a60"},"headline":"Tres amanides de pasta originals, sanes, i gustoses","datePublished":"2016-06-21T00:00:00+00:00","dateModified":"2018-06-05T14:16:50+00:00","mainEntityOfPage":{"@id":"https:\/\/borges.es\/ca\/blog\/tres-amanides-pasta-originals-sanes-i-gustoses\/"},"wordCount":302,"commentCount":0,"image":{"@id":"https:\/\/borges.es\/ca\/blog\/tres-amanides-pasta-originals-sanes-i-gustoses\/#primaryimage"},"thumbnailUrl":"https:\/\/borges1896.com\/app\/uploads\/\/2018\/06\/POST-20160621-WEB.jpg","keywords":["amanida","tom\u00e0quet i mozzarella","mel\u00f3 i feta","mel\u00f3","fresques","fresc","amanides de pasta","amanida de pasta","alvocat i gambes","alvocat","estiu","lleugeres","lleuger","cuinar","recepta","receptes","cuina","ensalada","pasta","mozzarella","gambes","gambas"],"articleSection":["Uncategorized @ca"],"inLanguage":"ca","potentialAction":[{"@type":"CommentAction","name":"Comment","target":["https:\/\/borges.es\/ca\/blog\/tres-amanides-pasta-originals-sanes-i-gustoses\/#respond"]}]},{"@type":"WebPage","@id":"https:\/\/borges.es\/ca\/blog\/tres-amanides-pasta-originals-sanes-i-gustoses\/","url":"https:\/\/borges.es\/ca\/blog\/tres-amanides-pasta-originals-sanes-i-gustoses\/","name":"Tres amanides de pasta originals, sanes, i gustoses - Borges","isPartOf":{"@id":"https:\/\/borges.es\/ca\/#website"},"primaryImageOfPage":{"@id":"https:\/\/borges.es\/ca\/blog\/tres-amanides-pasta-originals-sanes-i-gustoses\/#primaryimage"},"image":{"@id":"https:\/\/borges.es\/ca\/blog\/tres-amanides-pasta-originals-sanes-i-gustoses\/#primaryimage"},"thumbnailUrl":"https:\/\/borges1896.com\/app\/uploads\/\/2018\/06\/POST-20160621-WEB.jpg","datePublished":"2016-06-21T00:00:00+00:00","dateModified":"2018-06-05T14:16:50+00:00","author":{"@id":"https:\/\/borges.es\/ca\/#\/schema\/person\/f9ce1a648d852dd65f2508352b7f9a60"},"breadcrumb":{"@id":"https:\/\/borges.es\/ca\/blog\/tres-amanides-pasta-originals-sanes-i-gustoses\/#breadcrumb"},"inLanguage":"ca","potentialAction":[{"@type":"ReadAction","target":["https:\/\/borges.es\/ca\/blog\/tres-amanides-pasta-originals-sanes-i-gustoses\/"]}]},{"@type":"ImageObject","inLanguage":"ca","@id":"https:\/\/borges.es\/ca\/blog\/tres-amanides-pasta-originals-sanes-i-gustoses\/#primaryimage","url":"https:\/\/borges1896.com\/app\/uploads\/\/2018\/06\/POST-20160621-WEB.jpg","contentUrl":"https:\/\/borges1896.com\/app\/uploads\/\/2018\/06\/POST-20160621-WEB.jpg","width":1000,"height":667},{"@type":"BreadcrumbList","@id":"https:\/\/borges.es\/ca\/blog\/tres-amanides-pasta-originals-sanes-i-gustoses\/#breadcrumb","itemListElement":[{"@type":"ListItem","position":1,"name":"Home","item":"https:\/\/borges.es\/ca\/"},{"@type":"ListItem","position":2,"name":"Tres amanides de pasta originals, sanes, i gustoses"}]},{"@type":"WebSite","@id":"https:\/\/borges.es\/ca\/#website","url":"https:\/\/borges.es\/ca\/","name":"Borges","description":"Aqu\u00ed disfrutamos de la cocina saludable y sabrosa. \u00bfTe apuntas?","inLanguage":"ca"},{"@type":"Person","@id":"https:\/\/borges.es\/ca\/#\/schema\/person\/f9ce1a648d852dd65f2508352b7f9a60","name":"mortensen","image":{"@type":"ImageObject","inLanguage":"ca","@id":"https:\/\/secure.gravatar.com\/avatar\/dd2bd5aa753e679cd6f252540910ce11cd98c07228cac0664dcedefa61649290?s=96&d=mm&r=g","url":"https:\/\/secure.gravatar.com\/avatar\/dd2bd5aa753e679cd6f252540910ce11cd98c07228cac0664dcedefa61649290?s=96&d=mm&r=g","contentUrl":"https:\/\/secure.gravatar.com\/avatar\/dd2bd5aa753e679cd6f252540910ce11cd98c07228cac0664dcedefa61649290?s=96&d=mm&r=g","caption":"mortensen"},"url":"https:\/\/borges.es\/ca\/blog\/author\/mortensen\/"}]}},"_links":{"self":[{"href":"https:\/\/borges.es\/ca\/wp-json\/wp\/v2\/posts\/2863","targetHints":{"allow":["GET"]}}],"collection":[{"href":"https:\/\/borges.es\/ca\/wp-json\/wp\/v2\/posts"}],"about":[{"href":"https:\/\/borges.es\/ca\/wp-json\/wp\/v2\/types\/post"}],"author":[{"embeddable":true,"href":"https:\/\/borges.es\/ca\/wp-json\/wp\/v2\/users\/2"}],"replies":[{"embeddable":true,"href":"https:\/\/borges.es\/ca\/wp-json\/wp\/v2\/comments?post=2863"}],"version-history":[{"count":1,"href":"https:\/\/borges.es\/ca\/wp-json\/wp\/v2\/posts\/2863\/revisions"}],"predecessor-version":[{"id":3325,"href":"https:\/\/borges.es\/ca\/wp-json\/wp\/v2\/posts\/2863\/revisions\/3325"}],"wp:featuredmedia":[{"embeddable":true,"href":"https:\/\/borges.es\/ca\/wp-json\/wp\/v2\/media\/1856"}],"wp:attachment":[{"href":"https:\/\/borges.es\/ca\/wp-json\/wp\/v2\/media?parent=2863"}],"wp:term":[{"taxonomy":"category","embeddable":true,"href":"https:\/\/borges.es\/ca\/wp-json\/wp\/v2\/categories?post=2863"},{"taxonomy":"post_tag","embeddable":true,"href":"https:\/\/borges.es\/ca\/wp-json\/wp\/v2\/tags?post=2863"}],"curies":[{"name":"wp","href":"https:\/\/api.w.org\/{rel}","templated":true}]}}