{"id":2873,"date":"2016-07-11T00:00:00","date_gmt":"2016-07-11T00:00:00","guid":{"rendered":"https:\/\/borges.es\/blog\/olis-per-a-les-amanides\/"},"modified":"2018-06-05T14:16:15","modified_gmt":"2018-06-05T14:16:15","slug":"olis-per-a-les-amanides","status":"publish","type":"post","link":"https:\/\/borges.es\/ca\/blog\/olis-per-a-les-amanides\/","title":{"rendered":"Olis per donar un nou aire a les amanides"},"content":{"rendered":"<p>Condimentar les amanides nom\u00e9s amb oli d\u2019oliva, vinagre i sal ja no es porta.\u00a0Aquesta combinaci\u00f3 cl\u00e0ssica ha evolucionat cap a un ventall de possibilitats\u00a0que converteix cada amanida en un plat especial amb matisos \u2014ex\u00f2tic,\u00a0mediterrani, dol\u00e7, potent\u2014 amb els quals podr\u00e0s jugar amb llibertat.<\/p>\n<p>Llan\u00e7a\u2019t a transformar la teva cuina en un laboratori de proves, surt de la\u00a0monotonia, fes servir bitxo, pebre, roman\u00ed, alf\u00e0brega. Apr\u00e8n a encertar la millor\u00a0varietat d\u2019oli d\u2019oliva, segons l\u2019amanida que et disposes a fer, i d\u00f3na un tomb a\u00a0les teves receptes m\u00e9s fresques preparant olis aromatitzats o vinagretes. Com?\u00a0Te\u2019n donem unes quantes claus.<\/p>\n<p><span style=\"color: #ff0000;\"><strong>A cada amanida el seu oli d\u2019oliva<\/strong><\/span><\/p>\n<p>L\u2019oli d\u2019oliva verge extra \u00e9s un tresor gastron\u00f2mic que assoleix la seva m\u00e0xima\u00a0expressi\u00f3 en cru. Si el tema va d\u2019amanides, \u00e9s un company perfecte per si\u00a0mateix, sense disfresses ni m\u00e0scares. I encara que pugui semblar que parlar\u00a0de varietats \u00e9s embolicar la troca, pots estar segur que aquests consells\u00a0pr\u00e0ctics no s\u00f3n cosa de sibarites. El fet \u00e9s que cada varietat d\u2019oliva registra uns\u00a0matisos diferents i la clau \u00e9s trobar la seva harmonia perfecta amb els aliments\u00a0que acompanya. Per exemple, si volem preparar una amanida de brots tendres\u00a0i enciams diversos, amb hortalisses i molta horta, la varietat picual \u00e9s la m\u00e9s\u00a0apropiada, pel seu car\u00e0cter amarg i herbaci; si, al contrari, hem combinat\u00a0alvocat, formatge i panses, aleshores la millor opci\u00f3 ser\u00e0 l\u2019hojiblanca, amb un\u00a0cert sabor de fruits secs, i si ens agrada combinar-hi fruita fresca, sens dubte\u00a0hem de triar l\u2019arbequina, amb el seu punt dol\u00e7 i amor\u00f3s. Prova-ho i ho veur\u00e0s.<\/p>\n<p><span style=\"color: #ff0000;\"><strong>Aromatitzem?<\/strong><\/span><\/p>\n<p>Un cop aprovat el cap\u00edtol de varietats, farem un pas m\u00e9s i ens llan\u00e7arem a\u00a0aromatitzar-los. N\u2019hi ha prou amb omplir un pot de coll ample amb oli d\u2019oliva\u00a0verge extra i els ingredients amb qu\u00e8 el volem aromatitzar: pela de llimona,\u00a0alf\u00e0brega, pebres diversos, gingebre, all, bitxo\u2026 Ho deixem reposar unes\u00a0quantes setmanes, el filtrem i ja estar\u00e0 llest. Si no tens temps per perdre,\u00a0sempre pots optar pels diversos olis arom\u00e0tics naturals que hi ha al mercat,\u00a0com ara el d\u2019oliva negra, perfecte per a una amanida de tom\u00e0quet i formatge\u00a0fresc, o el de soja i gingebre, per a les amanides amb pop o gambes.\u00a0<\/p>\n<p><span style=\"color: #ff0000;\"><strong>Vinagretes per a tots els gustos\u00a0<\/strong><\/span><\/p>\n<p>M\u00e9s amunt hem apuntat que la cl\u00e0ssica combinaci\u00f3 d\u2019oli d\u2019oliva, vinagre i sal ja\u00a0no es porta, el que \u00e9s porta ara \u00e9s la vinagreta. En lloc de posar l\u2019oli per\u00a0separat i directament a l\u2019amanida, preparem l\u2019amaniment a part, assaonant-lo,\u00a0especiant-lo i combinant-lo al gust: oli d\u2019oliva, vinagre bals\u00e0mic de M\u00f2dena i\u00a0una cullerada petita de mostassa en gra, o amb pebre i orenga, alf\u00e0brega i\u00a0llimona\u2026 Si la imaginaci\u00f3 i la qu\u00edmica no s\u00f3n el teu fort, tamb\u00e9 pots optar per\u00a0les vinagretes preparades amb barreges evocadores com ara: ametlles,\u00a0avellanes, tom\u00e0quet i vinagre, perfecta per a una recepta mediterr\u00e0nia, o si\u00a0busques un sabor m\u00e9s oriental: soja, vinagre, mel i s\u00e8sam torrat.<\/p>\n","protected":false},"excerpt":{"rendered":"<p>Condimentar les amanides nom\u00e9s amb oli d\u2019oliva, vinagre i sal ja no es porta.\u00a0Aquesta combinaci\u00f3 cl\u00e0ssica ha evolucionat cap a&#8230;<\/p>\n","protected":false},"author":2,"featured_media":1876,"comment_status":"open","ping_status":"open","sticky":false,"template":"","format":"standard","meta":{"_acf_changed":false,"footnotes":""},"categories":[2],"tags":[1805,1771,1764,941,647,1770,1811,1949,1888,1885,1872,1869,1861],"class_list":["post-2873","post","type-post","status-publish","format-standard","has-post-thumbnail","hentry","category-uncategorized-ca","tag-recepta","tag-sa","tag-cuina","tag-ensalada-ca","tag-amanida","tag-receptes","tag-cuinar","tag-vinagretes","tag-estiu","tag-amanides","tag-salses","tag-amanir","tag-lleuger"],"acf":[],"yoast_head":"<!-- This site is optimized with the Yoast SEO plugin v27.4 - https:\/\/yoast.com\/product\/yoast-seo-wordpress\/ -->\n<title>Olis per donar un nou aire a les amanides - Borges<\/title>\n<meta name=\"robots\" content=\"index, follow, max-snippet:-1, max-image-preview:large, max-video-preview:-1\" \/>\n<link rel=\"canonical\" href=\"https:\/\/borges.es\/ca\/blog\/olis-per-a-les-amanides\/\" \/>\n<meta property=\"og:locale\" content=\"ca_ES\" \/>\n<meta property=\"og:type\" content=\"article\" \/>\n<meta property=\"og:title\" content=\"Olis per donar un nou aire a les amanides - Borges\" \/>\n<meta property=\"og:description\" content=\"Condimentar les amanides nom\u00e9s amb oli d\u2019oliva, vinagre i sal ja no es porta.\u00a0Aquesta combinaci\u00f3 cl\u00e0ssica ha evolucionat cap a...\" \/>\n<meta property=\"og:url\" content=\"https:\/\/borges.es\/ca\/blog\/olis-per-a-les-amanides\/\" \/>\n<meta property=\"og:site_name\" content=\"Borges\" \/>\n<meta property=\"article:published_time\" content=\"2016-07-11T00:00:00+00:00\" \/>\n<meta property=\"article:modified_time\" content=\"2018-06-05T14:16:15+00:00\" \/>\n<meta property=\"og:image\" content=\"https:\/\/borges1896.com\/app\/uploads\/\/2018\/06\/POST-20160712-WEB.jpg\" \/>\n\t<meta property=\"og:image:width\" content=\"1000\" \/>\n\t<meta property=\"og:image:height\" content=\"667\" \/>\n\t<meta property=\"og:image:type\" content=\"image\/jpeg\" \/>\n<meta name=\"author\" content=\"mortensen\" \/>\n<meta name=\"twitter:card\" content=\"summary_large_image\" \/>\n<meta name=\"twitter:label1\" content=\"Escrit per\" \/>\n\t<meta name=\"twitter:data1\" content=\"mortensen\" \/>\n\t<meta name=\"twitter:label2\" content=\"Temps estimat de lectura\" \/>\n\t<meta name=\"twitter:data2\" content=\"3 minuts\" \/>\n<script type=\"application\/ld+json\" class=\"yoast-schema-graph\">{\"@context\":\"https:\\\/\\\/schema.org\",\"@graph\":[{\"@type\":\"Article\",\"@id\":\"https:\\\/\\\/borges.es\\\/ca\\\/blog\\\/olis-per-a-les-amanides\\\/#article\",\"isPartOf\":{\"@id\":\"https:\\\/\\\/borges.es\\\/ca\\\/blog\\\/olis-per-a-les-amanides\\\/\"},\"author\":{\"name\":\"mortensen\",\"@id\":\"https:\\\/\\\/borges.es\\\/ca\\\/#\\\/schema\\\/person\\\/f9ce1a648d852dd65f2508352b7f9a60\"},\"headline\":\"Olis per donar un nou aire a les amanides\",\"datePublished\":\"2016-07-11T00:00:00+00:00\",\"dateModified\":\"2018-06-05T14:16:15+00:00\",\"mainEntityOfPage\":{\"@id\":\"https:\\\/\\\/borges.es\\\/ca\\\/blog\\\/olis-per-a-les-amanides\\\/\"},\"wordCount\":565,\"commentCount\":0,\"image\":{\"@id\":\"https:\\\/\\\/borges.es\\\/ca\\\/blog\\\/olis-per-a-les-amanides\\\/#primaryimage\"},\"thumbnailUrl\":\"https:\\\/\\\/borges1896.com\\\/app\\\/uploads\\\/\\\/2018\\\/06\\\/POST-20160712-WEB.jpg\",\"keywords\":[\"recepta\",\"sa\",\"cuina\",\"ensalada\",\"amanida\",\"receptes\",\"cuinar\",\"vinagretes\",\"estiu\",\"amanides\",\"salses\",\"amanir\",\"lleuger\"],\"articleSection\":[\"Uncategorized @ca\"],\"inLanguage\":\"ca\",\"potentialAction\":[{\"@type\":\"CommentAction\",\"name\":\"Comment\",\"target\":[\"https:\\\/\\\/borges.es\\\/ca\\\/blog\\\/olis-per-a-les-amanides\\\/#respond\"]}]},{\"@type\":\"WebPage\",\"@id\":\"https:\\\/\\\/borges.es\\\/ca\\\/blog\\\/olis-per-a-les-amanides\\\/\",\"url\":\"https:\\\/\\\/borges.es\\\/ca\\\/blog\\\/olis-per-a-les-amanides\\\/\",\"name\":\"Olis per donar un nou aire a les amanides - Borges\",\"isPartOf\":{\"@id\":\"https:\\\/\\\/borges.es\\\/ca\\\/#website\"},\"primaryImageOfPage\":{\"@id\":\"https:\\\/\\\/borges.es\\\/ca\\\/blog\\\/olis-per-a-les-amanides\\\/#primaryimage\"},\"image\":{\"@id\":\"https:\\\/\\\/borges.es\\\/ca\\\/blog\\\/olis-per-a-les-amanides\\\/#primaryimage\"},\"thumbnailUrl\":\"https:\\\/\\\/borges1896.com\\\/app\\\/uploads\\\/\\\/2018\\\/06\\\/POST-20160712-WEB.jpg\",\"datePublished\":\"2016-07-11T00:00:00+00:00\",\"dateModified\":\"2018-06-05T14:16:15+00:00\",\"author\":{\"@id\":\"https:\\\/\\\/borges.es\\\/ca\\\/#\\\/schema\\\/person\\\/f9ce1a648d852dd65f2508352b7f9a60\"},\"breadcrumb\":{\"@id\":\"https:\\\/\\\/borges.es\\\/ca\\\/blog\\\/olis-per-a-les-amanides\\\/#breadcrumb\"},\"inLanguage\":\"ca\",\"potentialAction\":[{\"@type\":\"ReadAction\",\"target\":[\"https:\\\/\\\/borges.es\\\/ca\\\/blog\\\/olis-per-a-les-amanides\\\/\"]}]},{\"@type\":\"ImageObject\",\"inLanguage\":\"ca\",\"@id\":\"https:\\\/\\\/borges.es\\\/ca\\\/blog\\\/olis-per-a-les-amanides\\\/#primaryimage\",\"url\":\"https:\\\/\\\/borges1896.com\\\/app\\\/uploads\\\/\\\/2018\\\/06\\\/POST-20160712-WEB.jpg\",\"contentUrl\":\"https:\\\/\\\/borges1896.com\\\/app\\\/uploads\\\/\\\/2018\\\/06\\\/POST-20160712-WEB.jpg\",\"width\":1000,\"height\":667},{\"@type\":\"BreadcrumbList\",\"@id\":\"https:\\\/\\\/borges.es\\\/ca\\\/blog\\\/olis-per-a-les-amanides\\\/#breadcrumb\",\"itemListElement\":[{\"@type\":\"ListItem\",\"position\":1,\"name\":\"Home\",\"item\":\"https:\\\/\\\/borges.es\\\/ca\\\/\"},{\"@type\":\"ListItem\",\"position\":2,\"name\":\"Olis per donar un nou aire a les amanides\"}]},{\"@type\":\"WebSite\",\"@id\":\"https:\\\/\\\/borges.es\\\/ca\\\/#website\",\"url\":\"https:\\\/\\\/borges.es\\\/ca\\\/\",\"name\":\"Borges\",\"description\":\"Aqu\u00ed disfrutamos de la cocina saludable y sabrosa. \u00bfTe apuntas?\",\"inLanguage\":\"ca\"},{\"@type\":\"Person\",\"@id\":\"https:\\\/\\\/borges.es\\\/ca\\\/#\\\/schema\\\/person\\\/f9ce1a648d852dd65f2508352b7f9a60\",\"name\":\"mortensen\",\"image\":{\"@type\":\"ImageObject\",\"inLanguage\":\"ca\",\"@id\":\"https:\\\/\\\/secure.gravatar.com\\\/avatar\\\/dd2bd5aa753e679cd6f252540910ce11cd98c07228cac0664dcedefa61649290?s=96&d=mm&r=g\",\"url\":\"https:\\\/\\\/secure.gravatar.com\\\/avatar\\\/dd2bd5aa753e679cd6f252540910ce11cd98c07228cac0664dcedefa61649290?s=96&d=mm&r=g\",\"contentUrl\":\"https:\\\/\\\/secure.gravatar.com\\\/avatar\\\/dd2bd5aa753e679cd6f252540910ce11cd98c07228cac0664dcedefa61649290?s=96&d=mm&r=g\",\"caption\":\"mortensen\"},\"url\":\"https:\\\/\\\/borges.es\\\/ca\\\/blog\\\/author\\\/mortensen\\\/\"}]}<\/script>\n<!-- \/ Yoast SEO plugin. -->","yoast_head_json":{"title":"Olis per donar un nou aire a les amanides - Borges","robots":{"index":"index","follow":"follow","max-snippet":"max-snippet:-1","max-image-preview":"max-image-preview:large","max-video-preview":"max-video-preview:-1"},"canonical":"https:\/\/borges.es\/ca\/blog\/olis-per-a-les-amanides\/","og_locale":"ca_ES","og_type":"article","og_title":"Olis per donar un nou aire a les amanides - Borges","og_description":"Condimentar les amanides nom\u00e9s amb oli d\u2019oliva, vinagre i sal ja no es porta.\u00a0Aquesta combinaci\u00f3 cl\u00e0ssica ha evolucionat cap a...","og_url":"https:\/\/borges.es\/ca\/blog\/olis-per-a-les-amanides\/","og_site_name":"Borges","article_published_time":"2016-07-11T00:00:00+00:00","article_modified_time":"2018-06-05T14:16:15+00:00","og_image":[{"width":1000,"height":667,"url":"https:\/\/borges1896.com\/app\/uploads\/\/2018\/06\/POST-20160712-WEB.jpg","type":"image\/jpeg"}],"author":"mortensen","twitter_card":"summary_large_image","twitter_misc":{"Escrit per":"mortensen","Temps estimat de lectura":"3 minuts"},"schema":{"@context":"https:\/\/schema.org","@graph":[{"@type":"Article","@id":"https:\/\/borges.es\/ca\/blog\/olis-per-a-les-amanides\/#article","isPartOf":{"@id":"https:\/\/borges.es\/ca\/blog\/olis-per-a-les-amanides\/"},"author":{"name":"mortensen","@id":"https:\/\/borges.es\/ca\/#\/schema\/person\/f9ce1a648d852dd65f2508352b7f9a60"},"headline":"Olis per donar un nou aire a les amanides","datePublished":"2016-07-11T00:00:00+00:00","dateModified":"2018-06-05T14:16:15+00:00","mainEntityOfPage":{"@id":"https:\/\/borges.es\/ca\/blog\/olis-per-a-les-amanides\/"},"wordCount":565,"commentCount":0,"image":{"@id":"https:\/\/borges.es\/ca\/blog\/olis-per-a-les-amanides\/#primaryimage"},"thumbnailUrl":"https:\/\/borges1896.com\/app\/uploads\/\/2018\/06\/POST-20160712-WEB.jpg","keywords":["recepta","sa","cuina","ensalada","amanida","receptes","cuinar","vinagretes","estiu","amanides","salses","amanir","lleuger"],"articleSection":["Uncategorized @ca"],"inLanguage":"ca","potentialAction":[{"@type":"CommentAction","name":"Comment","target":["https:\/\/borges.es\/ca\/blog\/olis-per-a-les-amanides\/#respond"]}]},{"@type":"WebPage","@id":"https:\/\/borges.es\/ca\/blog\/olis-per-a-les-amanides\/","url":"https:\/\/borges.es\/ca\/blog\/olis-per-a-les-amanides\/","name":"Olis per donar un nou aire a les amanides - Borges","isPartOf":{"@id":"https:\/\/borges.es\/ca\/#website"},"primaryImageOfPage":{"@id":"https:\/\/borges.es\/ca\/blog\/olis-per-a-les-amanides\/#primaryimage"},"image":{"@id":"https:\/\/borges.es\/ca\/blog\/olis-per-a-les-amanides\/#primaryimage"},"thumbnailUrl":"https:\/\/borges1896.com\/app\/uploads\/\/2018\/06\/POST-20160712-WEB.jpg","datePublished":"2016-07-11T00:00:00+00:00","dateModified":"2018-06-05T14:16:15+00:00","author":{"@id":"https:\/\/borges.es\/ca\/#\/schema\/person\/f9ce1a648d852dd65f2508352b7f9a60"},"breadcrumb":{"@id":"https:\/\/borges.es\/ca\/blog\/olis-per-a-les-amanides\/#breadcrumb"},"inLanguage":"ca","potentialAction":[{"@type":"ReadAction","target":["https:\/\/borges.es\/ca\/blog\/olis-per-a-les-amanides\/"]}]},{"@type":"ImageObject","inLanguage":"ca","@id":"https:\/\/borges.es\/ca\/blog\/olis-per-a-les-amanides\/#primaryimage","url":"https:\/\/borges1896.com\/app\/uploads\/\/2018\/06\/POST-20160712-WEB.jpg","contentUrl":"https:\/\/borges1896.com\/app\/uploads\/\/2018\/06\/POST-20160712-WEB.jpg","width":1000,"height":667},{"@type":"BreadcrumbList","@id":"https:\/\/borges.es\/ca\/blog\/olis-per-a-les-amanides\/#breadcrumb","itemListElement":[{"@type":"ListItem","position":1,"name":"Home","item":"https:\/\/borges.es\/ca\/"},{"@type":"ListItem","position":2,"name":"Olis per donar un nou aire a les amanides"}]},{"@type":"WebSite","@id":"https:\/\/borges.es\/ca\/#website","url":"https:\/\/borges.es\/ca\/","name":"Borges","description":"Aqu\u00ed disfrutamos de la cocina saludable y sabrosa. \u00bfTe apuntas?","inLanguage":"ca"},{"@type":"Person","@id":"https:\/\/borges.es\/ca\/#\/schema\/person\/f9ce1a648d852dd65f2508352b7f9a60","name":"mortensen","image":{"@type":"ImageObject","inLanguage":"ca","@id":"https:\/\/secure.gravatar.com\/avatar\/dd2bd5aa753e679cd6f252540910ce11cd98c07228cac0664dcedefa61649290?s=96&d=mm&r=g","url":"https:\/\/secure.gravatar.com\/avatar\/dd2bd5aa753e679cd6f252540910ce11cd98c07228cac0664dcedefa61649290?s=96&d=mm&r=g","contentUrl":"https:\/\/secure.gravatar.com\/avatar\/dd2bd5aa753e679cd6f252540910ce11cd98c07228cac0664dcedefa61649290?s=96&d=mm&r=g","caption":"mortensen"},"url":"https:\/\/borges.es\/ca\/blog\/author\/mortensen\/"}]}},"_links":{"self":[{"href":"https:\/\/borges.es\/ca\/wp-json\/wp\/v2\/posts\/2873","targetHints":{"allow":["GET"]}}],"collection":[{"href":"https:\/\/borges.es\/ca\/wp-json\/wp\/v2\/posts"}],"about":[{"href":"https:\/\/borges.es\/ca\/wp-json\/wp\/v2\/types\/post"}],"author":[{"embeddable":true,"href":"https:\/\/borges.es\/ca\/wp-json\/wp\/v2\/users\/2"}],"replies":[{"embeddable":true,"href":"https:\/\/borges.es\/ca\/wp-json\/wp\/v2\/comments?post=2873"}],"version-history":[{"count":1,"href":"https:\/\/borges.es\/ca\/wp-json\/wp\/v2\/posts\/2873\/revisions"}],"predecessor-version":[{"id":3317,"href":"https:\/\/borges.es\/ca\/wp-json\/wp\/v2\/posts\/2873\/revisions\/3317"}],"wp:featuredmedia":[{"embeddable":true,"href":"https:\/\/borges.es\/ca\/wp-json\/wp\/v2\/media\/1876"}],"wp:attachment":[{"href":"https:\/\/borges.es\/ca\/wp-json\/wp\/v2\/media?parent=2873"}],"wp:term":[{"taxonomy":"category","embeddable":true,"href":"https:\/\/borges.es\/ca\/wp-json\/wp\/v2\/categories?post=2873"},{"taxonomy":"post_tag","embeddable":true,"href":"https:\/\/borges.es\/ca\/wp-json\/wp\/v2\/tags?post=2873"}],"curies":[{"name":"wp","href":"https:\/\/api.w.org\/{rel}","templated":true}]}}