{"id":2940,"date":"2017-01-02T00:00:00","date_gmt":"2017-01-02T00:00:00","guid":{"rendered":"https:\/\/borges.es\/blog\/temps-coccio-pasta-al-forn\/"},"modified":"2018-06-05T14:15:10","modified_gmt":"2018-06-05T14:15:10","slug":"temps-coccio-pasta-al-forn","status":"publish","type":"post","link":"https:\/\/borges.es\/ca\/blog\/temps-coccio-pasta-al-forn\/","title":{"rendered":"Temps de cocci\u00f3 per receptes de pasta al forn"},"content":{"rendered":"<p>Si vols rematar la teva recepta de pasta amb un cop de forn i gratinat, \u00e9s recomanable deixar-la al dente, \u00e9s a dir, ferma per\u00f2 no dura. Encara que habitualment t\u2019agradi m\u00e9s suau, no et preocupis, perqu\u00e8 al forn continuar\u00e0 rebent calor i agafar\u00e0 un punt m\u00e9s de cocci\u00f3. Si per contra la cous massa amb l\u2019aigua, quedar\u00e0 passada.<\/p>\n","protected":false},"excerpt":{"rendered":"<p>Si vols rematar la teva recepta de pasta amb un cop de forn i gratinat, \u00e9s recomanable deixar-la al dente,&#8230;<\/p>\n","protected":false},"author":2,"featured_media":1992,"comment_status":"open","ping_status":"open","sticky":false,"template":"","format":"standard","meta":{"_acf_changed":false,"footnotes":""},"categories":[2],"tags":[727,1764,1767,1768,1770,1805,1811,1892,2087,2088,2089,2090],"class_list":["post-2940","post","type-post","status-publish","format-standard","has-post-thumbnail","hentry","category-uncategorized-ca","tag-pasta-ca","tag-cuina","tag-truc","tag-trucs","tag-receptes","tag-recepta","tag-cuinar","tag-borges","tag-bullir","tag-forn","tag-temps","tag-temps-de-coccio"],"acf":[],"yoast_head":"<!-- This site is optimized with the Yoast SEO plugin v27.4 - https:\/\/yoast.com\/product\/yoast-seo-wordpress\/ -->\n<title>Temps de cocci\u00f3 per receptes de pasta al forn - Borges<\/title>\n<meta name=\"robots\" content=\"index, follow, max-snippet:-1, max-image-preview:large, max-video-preview:-1\" \/>\n<link rel=\"canonical\" href=\"https:\/\/borges.es\/ca\/blog\/temps-coccio-pasta-al-forn\/\" \/>\n<meta property=\"og:locale\" content=\"ca_ES\" \/>\n<meta property=\"og:type\" content=\"article\" \/>\n<meta property=\"og:title\" content=\"Temps de cocci\u00f3 per receptes de pasta al forn - Borges\" \/>\n<meta property=\"og:description\" content=\"Si vols rematar la teva recepta de pasta amb un cop de forn i gratinat, \u00e9s recomanable deixar-la al dente,...\" \/>\n<meta property=\"og:url\" content=\"https:\/\/borges.es\/ca\/blog\/temps-coccio-pasta-al-forn\/\" \/>\n<meta property=\"og:site_name\" content=\"Borges\" \/>\n<meta property=\"article:published_time\" content=\"2017-01-02T00:00:00+00:00\" \/>\n<meta property=\"article:modified_time\" content=\"2018-06-05T14:15:10+00:00\" \/>\n<meta property=\"og:image\" content=\"https:\/\/borges1896.com\/app\/uploads\/\/2018\/06\/TRUC-20171204.jpg\" \/>\n\t<meta property=\"og:image:width\" content=\"849\" \/>\n\t<meta property=\"og:image:height\" content=\"566\" \/>\n\t<meta property=\"og:image:type\" content=\"image\/jpeg\" \/>\n<meta name=\"author\" content=\"mortensen\" \/>\n<meta name=\"twitter:card\" content=\"summary_large_image\" \/>\n<meta name=\"twitter:label1\" content=\"Escrit per\" \/>\n\t<meta name=\"twitter:data1\" content=\"mortensen\" \/>\n<script type=\"application\/ld+json\" class=\"yoast-schema-graph\">{\"@context\":\"https:\\\/\\\/schema.org\",\"@graph\":[{\"@type\":\"Article\",\"@id\":\"https:\\\/\\\/borges.es\\\/ca\\\/blog\\\/temps-coccio-pasta-al-forn\\\/#article\",\"isPartOf\":{\"@id\":\"https:\\\/\\\/borges.es\\\/ca\\\/blog\\\/temps-coccio-pasta-al-forn\\\/\"},\"author\":{\"name\":\"mortensen\",\"@id\":\"https:\\\/\\\/borges.es\\\/ca\\\/#\\\/schema\\\/person\\\/f9ce1a648d852dd65f2508352b7f9a60\"},\"headline\":\"Temps de cocci\u00f3 per receptes de pasta al forn\",\"datePublished\":\"2017-01-02T00:00:00+00:00\",\"dateModified\":\"2018-06-05T14:15:10+00:00\",\"mainEntityOfPage\":{\"@id\":\"https:\\\/\\\/borges.es\\\/ca\\\/blog\\\/temps-coccio-pasta-al-forn\\\/\"},\"wordCount\":72,\"commentCount\":0,\"image\":{\"@id\":\"https:\\\/\\\/borges.es\\\/ca\\\/blog\\\/temps-coccio-pasta-al-forn\\\/#primaryimage\"},\"thumbnailUrl\":\"https:\\\/\\\/borges1896.com\\\/app\\\/uploads\\\/\\\/2018\\\/06\\\/TRUC-20171204.jpg\",\"keywords\":[\"pasta\",\"cuina\",\"truc\",\"trucs\",\"receptes\",\"recepta\",\"cuinar\",\"borges\",\"bullir\",\"forn\",\"temps\",\"temps de cocci\u00f3\"],\"articleSection\":[\"Uncategorized @ca\"],\"inLanguage\":\"ca\",\"potentialAction\":[{\"@type\":\"CommentAction\",\"name\":\"Comment\",\"target\":[\"https:\\\/\\\/borges.es\\\/ca\\\/blog\\\/temps-coccio-pasta-al-forn\\\/#respond\"]}]},{\"@type\":\"WebPage\",\"@id\":\"https:\\\/\\\/borges.es\\\/ca\\\/blog\\\/temps-coccio-pasta-al-forn\\\/\",\"url\":\"https:\\\/\\\/borges.es\\\/ca\\\/blog\\\/temps-coccio-pasta-al-forn\\\/\",\"name\":\"Temps de cocci\u00f3 per receptes de pasta al forn - Borges\",\"isPartOf\":{\"@id\":\"https:\\\/\\\/borges.es\\\/ca\\\/#website\"},\"primaryImageOfPage\":{\"@id\":\"https:\\\/\\\/borges.es\\\/ca\\\/blog\\\/temps-coccio-pasta-al-forn\\\/#primaryimage\"},\"image\":{\"@id\":\"https:\\\/\\\/borges.es\\\/ca\\\/blog\\\/temps-coccio-pasta-al-forn\\\/#primaryimage\"},\"thumbnailUrl\":\"https:\\\/\\\/borges1896.com\\\/app\\\/uploads\\\/\\\/2018\\\/06\\\/TRUC-20171204.jpg\",\"datePublished\":\"2017-01-02T00:00:00+00:00\",\"dateModified\":\"2018-06-05T14:15:10+00:00\",\"author\":{\"@id\":\"https:\\\/\\\/borges.es\\\/ca\\\/#\\\/schema\\\/person\\\/f9ce1a648d852dd65f2508352b7f9a60\"},\"breadcrumb\":{\"@id\":\"https:\\\/\\\/borges.es\\\/ca\\\/blog\\\/temps-coccio-pasta-al-forn\\\/#breadcrumb\"},\"inLanguage\":\"ca\",\"potentialAction\":[{\"@type\":\"ReadAction\",\"target\":[\"https:\\\/\\\/borges.es\\\/ca\\\/blog\\\/temps-coccio-pasta-al-forn\\\/\"]}]},{\"@type\":\"ImageObject\",\"inLanguage\":\"ca\",\"@id\":\"https:\\\/\\\/borges.es\\\/ca\\\/blog\\\/temps-coccio-pasta-al-forn\\\/#primaryimage\",\"url\":\"https:\\\/\\\/borges1896.com\\\/app\\\/uploads\\\/\\\/2018\\\/06\\\/TRUC-20171204.jpg\",\"contentUrl\":\"https:\\\/\\\/borges1896.com\\\/app\\\/uploads\\\/\\\/2018\\\/06\\\/TRUC-20171204.jpg\",\"width\":849,\"height\":566},{\"@type\":\"BreadcrumbList\",\"@id\":\"https:\\\/\\\/borges.es\\\/ca\\\/blog\\\/temps-coccio-pasta-al-forn\\\/#breadcrumb\",\"itemListElement\":[{\"@type\":\"ListItem\",\"position\":1,\"name\":\"Home\",\"item\":\"https:\\\/\\\/borges.es\\\/ca\\\/\"},{\"@type\":\"ListItem\",\"position\":2,\"name\":\"Temps de cocci\u00f3 per receptes de pasta al forn\"}]},{\"@type\":\"WebSite\",\"@id\":\"https:\\\/\\\/borges.es\\\/ca\\\/#website\",\"url\":\"https:\\\/\\\/borges.es\\\/ca\\\/\",\"name\":\"Borges\",\"description\":\"Aqu\u00ed disfrutamos de la cocina saludable y sabrosa. \u00bfTe apuntas?\",\"inLanguage\":\"ca\"},{\"@type\":\"Person\",\"@id\":\"https:\\\/\\\/borges.es\\\/ca\\\/#\\\/schema\\\/person\\\/f9ce1a648d852dd65f2508352b7f9a60\",\"name\":\"mortensen\",\"image\":{\"@type\":\"ImageObject\",\"inLanguage\":\"ca\",\"@id\":\"https:\\\/\\\/secure.gravatar.com\\\/avatar\\\/dd2bd5aa753e679cd6f252540910ce11cd98c07228cac0664dcedefa61649290?s=96&d=mm&r=g\",\"url\":\"https:\\\/\\\/secure.gravatar.com\\\/avatar\\\/dd2bd5aa753e679cd6f252540910ce11cd98c07228cac0664dcedefa61649290?s=96&d=mm&r=g\",\"contentUrl\":\"https:\\\/\\\/secure.gravatar.com\\\/avatar\\\/dd2bd5aa753e679cd6f252540910ce11cd98c07228cac0664dcedefa61649290?s=96&d=mm&r=g\",\"caption\":\"mortensen\"},\"url\":\"https:\\\/\\\/borges.es\\\/ca\\\/blog\\\/author\\\/mortensen\\\/\"}]}<\/script>\n<!-- \/ Yoast SEO plugin. -->","yoast_head_json":{"title":"Temps de cocci\u00f3 per receptes de pasta al forn - Borges","robots":{"index":"index","follow":"follow","max-snippet":"max-snippet:-1","max-image-preview":"max-image-preview:large","max-video-preview":"max-video-preview:-1"},"canonical":"https:\/\/borges.es\/ca\/blog\/temps-coccio-pasta-al-forn\/","og_locale":"ca_ES","og_type":"article","og_title":"Temps de cocci\u00f3 per receptes de pasta al forn - Borges","og_description":"Si vols rematar la teva recepta de pasta amb un cop de forn i gratinat, \u00e9s recomanable deixar-la al dente,...","og_url":"https:\/\/borges.es\/ca\/blog\/temps-coccio-pasta-al-forn\/","og_site_name":"Borges","article_published_time":"2017-01-02T00:00:00+00:00","article_modified_time":"2018-06-05T14:15:10+00:00","og_image":[{"width":849,"height":566,"url":"https:\/\/borges1896.com\/app\/uploads\/\/2018\/06\/TRUC-20171204.jpg","type":"image\/jpeg"}],"author":"mortensen","twitter_card":"summary_large_image","twitter_misc":{"Escrit per":"mortensen"},"schema":{"@context":"https:\/\/schema.org","@graph":[{"@type":"Article","@id":"https:\/\/borges.es\/ca\/blog\/temps-coccio-pasta-al-forn\/#article","isPartOf":{"@id":"https:\/\/borges.es\/ca\/blog\/temps-coccio-pasta-al-forn\/"},"author":{"name":"mortensen","@id":"https:\/\/borges.es\/ca\/#\/schema\/person\/f9ce1a648d852dd65f2508352b7f9a60"},"headline":"Temps de cocci\u00f3 per receptes de pasta al forn","datePublished":"2017-01-02T00:00:00+00:00","dateModified":"2018-06-05T14:15:10+00:00","mainEntityOfPage":{"@id":"https:\/\/borges.es\/ca\/blog\/temps-coccio-pasta-al-forn\/"},"wordCount":72,"commentCount":0,"image":{"@id":"https:\/\/borges.es\/ca\/blog\/temps-coccio-pasta-al-forn\/#primaryimage"},"thumbnailUrl":"https:\/\/borges1896.com\/app\/uploads\/\/2018\/06\/TRUC-20171204.jpg","keywords":["pasta","cuina","truc","trucs","receptes","recepta","cuinar","borges","bullir","forn","temps","temps de cocci\u00f3"],"articleSection":["Uncategorized @ca"],"inLanguage":"ca","potentialAction":[{"@type":"CommentAction","name":"Comment","target":["https:\/\/borges.es\/ca\/blog\/temps-coccio-pasta-al-forn\/#respond"]}]},{"@type":"WebPage","@id":"https:\/\/borges.es\/ca\/blog\/temps-coccio-pasta-al-forn\/","url":"https:\/\/borges.es\/ca\/blog\/temps-coccio-pasta-al-forn\/","name":"Temps de cocci\u00f3 per receptes de pasta al forn - Borges","isPartOf":{"@id":"https:\/\/borges.es\/ca\/#website"},"primaryImageOfPage":{"@id":"https:\/\/borges.es\/ca\/blog\/temps-coccio-pasta-al-forn\/#primaryimage"},"image":{"@id":"https:\/\/borges.es\/ca\/blog\/temps-coccio-pasta-al-forn\/#primaryimage"},"thumbnailUrl":"https:\/\/borges1896.com\/app\/uploads\/\/2018\/06\/TRUC-20171204.jpg","datePublished":"2017-01-02T00:00:00+00:00","dateModified":"2018-06-05T14:15:10+00:00","author":{"@id":"https:\/\/borges.es\/ca\/#\/schema\/person\/f9ce1a648d852dd65f2508352b7f9a60"},"breadcrumb":{"@id":"https:\/\/borges.es\/ca\/blog\/temps-coccio-pasta-al-forn\/#breadcrumb"},"inLanguage":"ca","potentialAction":[{"@type":"ReadAction","target":["https:\/\/borges.es\/ca\/blog\/temps-coccio-pasta-al-forn\/"]}]},{"@type":"ImageObject","inLanguage":"ca","@id":"https:\/\/borges.es\/ca\/blog\/temps-coccio-pasta-al-forn\/#primaryimage","url":"https:\/\/borges1896.com\/app\/uploads\/\/2018\/06\/TRUC-20171204.jpg","contentUrl":"https:\/\/borges1896.com\/app\/uploads\/\/2018\/06\/TRUC-20171204.jpg","width":849,"height":566},{"@type":"BreadcrumbList","@id":"https:\/\/borges.es\/ca\/blog\/temps-coccio-pasta-al-forn\/#breadcrumb","itemListElement":[{"@type":"ListItem","position":1,"name":"Home","item":"https:\/\/borges.es\/ca\/"},{"@type":"ListItem","position":2,"name":"Temps de cocci\u00f3 per receptes de pasta al forn"}]},{"@type":"WebSite","@id":"https:\/\/borges.es\/ca\/#website","url":"https:\/\/borges.es\/ca\/","name":"Borges","description":"Aqu\u00ed disfrutamos de la cocina saludable y sabrosa. \u00bfTe apuntas?","inLanguage":"ca"},{"@type":"Person","@id":"https:\/\/borges.es\/ca\/#\/schema\/person\/f9ce1a648d852dd65f2508352b7f9a60","name":"mortensen","image":{"@type":"ImageObject","inLanguage":"ca","@id":"https:\/\/secure.gravatar.com\/avatar\/dd2bd5aa753e679cd6f252540910ce11cd98c07228cac0664dcedefa61649290?s=96&d=mm&r=g","url":"https:\/\/secure.gravatar.com\/avatar\/dd2bd5aa753e679cd6f252540910ce11cd98c07228cac0664dcedefa61649290?s=96&d=mm&r=g","contentUrl":"https:\/\/secure.gravatar.com\/avatar\/dd2bd5aa753e679cd6f252540910ce11cd98c07228cac0664dcedefa61649290?s=96&d=mm&r=g","caption":"mortensen"},"url":"https:\/\/borges.es\/ca\/blog\/author\/mortensen\/"}]}},"_links":{"self":[{"href":"https:\/\/borges.es\/ca\/wp-json\/wp\/v2\/posts\/2940","targetHints":{"allow":["GET"]}}],"collection":[{"href":"https:\/\/borges.es\/ca\/wp-json\/wp\/v2\/posts"}],"about":[{"href":"https:\/\/borges.es\/ca\/wp-json\/wp\/v2\/types\/post"}],"author":[{"embeddable":true,"href":"https:\/\/borges.es\/ca\/wp-json\/wp\/v2\/users\/2"}],"replies":[{"embeddable":true,"href":"https:\/\/borges.es\/ca\/wp-json\/wp\/v2\/comments?post=2940"}],"version-history":[{"count":1,"href":"https:\/\/borges.es\/ca\/wp-json\/wp\/v2\/posts\/2940\/revisions"}],"predecessor-version":[{"id":3259,"href":"https:\/\/borges.es\/ca\/wp-json\/wp\/v2\/posts\/2940\/revisions\/3259"}],"wp:featuredmedia":[{"embeddable":true,"href":"https:\/\/borges.es\/ca\/wp-json\/wp\/v2\/media\/1992"}],"wp:attachment":[{"href":"https:\/\/borges.es\/ca\/wp-json\/wp\/v2\/media?parent=2940"}],"wp:term":[{"taxonomy":"category","embeddable":true,"href":"https:\/\/borges.es\/ca\/wp-json\/wp\/v2\/categories?post=2940"},{"taxonomy":"post_tag","embeddable":true,"href":"https:\/\/borges.es\/ca\/wp-json\/wp\/v2\/tags?post=2940"}],"curies":[{"name":"wp","href":"https:\/\/api.w.org\/{rel}","templated":true}]}}