{"id":2941,"date":"2017-01-10T00:00:00","date_gmt":"2017-01-10T00:00:00","guid":{"rendered":"https:\/\/borges.es\/blog\/temps-consum-oli-oliva\/"},"modified":"2018-06-05T14:15:07","modified_gmt":"2018-06-05T14:15:07","slug":"temps-consum-oli-oliva","status":"publish","type":"post","link":"https:\/\/borges.es\/ca\/blog\/temps-consum-oli-oliva\/","title":{"rendered":"Temps de consum d\u2019un oli d\u2019oliva verge extra un cop obert"},"content":{"rendered":"<p>L\u2019oli d\u2019oliva verge extra no caduca, encara que t\u00e9 una data de consum preferent. No es fa malb\u00e9 un cop obert, per\u00f2 \u00e9s recomanable consumir-lo en un m\u00e0xim de sis setmanes. Si es conserva adequadament no s\u2019hauria de fer malb\u00e9 per\u00f2, un cop ha passat aquest temps, comen\u00e7ar\u00e0 a perdre les propietats.<\/p>\n","protected":false},"excerpt":{"rendered":"<p>L\u2019oli d\u2019oliva verge extra no caduca, encara que t\u00e9 una data de consum preferent. No es fa malb\u00e9 un cop&#8230;<\/p>\n","protected":false},"author":2,"featured_media":1994,"comment_status":"open","ping_status":"open","sticky":false,"template":"","format":"standard","meta":{"_acf_changed":false,"footnotes":""},"categories":[2],"tags":[88,982,1784,1795,1880,2023,2089,2091,2092,2093,2094,2095],"class_list":["post-2941","post","type-post","status-publish","format-standard","has-post-thumbnail","hentry","category-uncategorized-ca","tag-oli-doliva","tag-aceite-de-oliva-virgen-extra-ca","tag-oli","tag-propietats","tag-caducitat","tag-oli-doliva-verge-extra","tag-temps","tag-consum","tag-consum-preferent","tag-data","tag-duracio","tag-verge-extra"],"acf":[],"yoast_head":"<!-- This site is optimized with the Yoast SEO plugin v27.4 - https:\/\/yoast.com\/product\/yoast-seo-wordpress\/ -->\n<title>Temps de consum d\u2019un oli d\u2019oliva verge extra un cop obert - Borges<\/title>\n<meta name=\"robots\" content=\"index, follow, max-snippet:-1, max-image-preview:large, max-video-preview:-1\" \/>\n<link rel=\"canonical\" href=\"https:\/\/borges.es\/ca\/blog\/temps-consum-oli-oliva\/\" \/>\n<meta property=\"og:locale\" content=\"ca_ES\" \/>\n<meta property=\"og:type\" content=\"article\" \/>\n<meta property=\"og:title\" content=\"Temps de consum d\u2019un oli d\u2019oliva verge extra un cop obert - Borges\" \/>\n<meta property=\"og:description\" content=\"L\u2019oli d\u2019oliva verge extra no caduca, encara que t\u00e9 una data de consum preferent. No es fa malb\u00e9 un cop...\" \/>\n<meta property=\"og:url\" content=\"https:\/\/borges.es\/ca\/blog\/temps-consum-oli-oliva\/\" \/>\n<meta property=\"og:site_name\" content=\"Borges\" \/>\n<meta property=\"article:published_time\" content=\"2017-01-10T00:00:00+00:00\" \/>\n<meta property=\"article:modified_time\" content=\"2018-06-05T14:15:07+00:00\" \/>\n<meta property=\"og:image\" content=\"https:\/\/borges1896.com\/app\/uploads\/\/2018\/06\/TRUC-20170110.png\" \/>\n\t<meta property=\"og:image:width\" content=\"1204\" \/>\n\t<meta property=\"og:image:height\" content=\"600\" \/>\n\t<meta property=\"og:image:type\" content=\"image\/png\" \/>\n<meta name=\"author\" content=\"mortensen\" \/>\n<meta name=\"twitter:card\" content=\"summary_large_image\" \/>\n<meta name=\"twitter:label1\" content=\"Escrit per\" \/>\n\t<meta name=\"twitter:data1\" content=\"mortensen\" \/>\n<script type=\"application\/ld+json\" class=\"yoast-schema-graph\">{\"@context\":\"https:\\\/\\\/schema.org\",\"@graph\":[{\"@type\":\"Article\",\"@id\":\"https:\\\/\\\/borges.es\\\/ca\\\/blog\\\/temps-consum-oli-oliva\\\/#article\",\"isPartOf\":{\"@id\":\"https:\\\/\\\/borges.es\\\/ca\\\/blog\\\/temps-consum-oli-oliva\\\/\"},\"author\":{\"name\":\"mortensen\",\"@id\":\"https:\\\/\\\/borges.es\\\/ca\\\/#\\\/schema\\\/person\\\/f9ce1a648d852dd65f2508352b7f9a60\"},\"headline\":\"Temps de consum d\u2019un oli d\u2019oliva verge extra un cop obert\",\"datePublished\":\"2017-01-10T00:00:00+00:00\",\"dateModified\":\"2018-06-05T14:15:07+00:00\",\"mainEntityOfPage\":{\"@id\":\"https:\\\/\\\/borges.es\\\/ca\\\/blog\\\/temps-consum-oli-oliva\\\/\"},\"wordCount\":70,\"commentCount\":0,\"image\":{\"@id\":\"https:\\\/\\\/borges.es\\\/ca\\\/blog\\\/temps-consum-oli-oliva\\\/#primaryimage\"},\"thumbnailUrl\":\"https:\\\/\\\/borges1896.com\\\/app\\\/uploads\\\/\\\/2018\\\/06\\\/TRUC-20170110.png\",\"keywords\":[\"Oli d'oliva\",\"aceite de oliva virgen extra\",\"oli\",\"propietats\",\"caducitat\",\"oli d'oliva verge extra\",\"temps\",\"consum\",\"consum preferent\",\"data\",\"duraci\u00f3\",\"verge extra\"],\"articleSection\":[\"Uncategorized @ca\"],\"inLanguage\":\"ca\",\"potentialAction\":[{\"@type\":\"CommentAction\",\"name\":\"Comment\",\"target\":[\"https:\\\/\\\/borges.es\\\/ca\\\/blog\\\/temps-consum-oli-oliva\\\/#respond\"]}]},{\"@type\":\"WebPage\",\"@id\":\"https:\\\/\\\/borges.es\\\/ca\\\/blog\\\/temps-consum-oli-oliva\\\/\",\"url\":\"https:\\\/\\\/borges.es\\\/ca\\\/blog\\\/temps-consum-oli-oliva\\\/\",\"name\":\"Temps de consum d\u2019un oli d\u2019oliva verge extra un cop obert - Borges\",\"isPartOf\":{\"@id\":\"https:\\\/\\\/borges.es\\\/ca\\\/#website\"},\"primaryImageOfPage\":{\"@id\":\"https:\\\/\\\/borges.es\\\/ca\\\/blog\\\/temps-consum-oli-oliva\\\/#primaryimage\"},\"image\":{\"@id\":\"https:\\\/\\\/borges.es\\\/ca\\\/blog\\\/temps-consum-oli-oliva\\\/#primaryimage\"},\"thumbnailUrl\":\"https:\\\/\\\/borges1896.com\\\/app\\\/uploads\\\/\\\/2018\\\/06\\\/TRUC-20170110.png\",\"datePublished\":\"2017-01-10T00:00:00+00:00\",\"dateModified\":\"2018-06-05T14:15:07+00:00\",\"author\":{\"@id\":\"https:\\\/\\\/borges.es\\\/ca\\\/#\\\/schema\\\/person\\\/f9ce1a648d852dd65f2508352b7f9a60\"},\"breadcrumb\":{\"@id\":\"https:\\\/\\\/borges.es\\\/ca\\\/blog\\\/temps-consum-oli-oliva\\\/#breadcrumb\"},\"inLanguage\":\"ca\",\"potentialAction\":[{\"@type\":\"ReadAction\",\"target\":[\"https:\\\/\\\/borges.es\\\/ca\\\/blog\\\/temps-consum-oli-oliva\\\/\"]}]},{\"@type\":\"ImageObject\",\"inLanguage\":\"ca\",\"@id\":\"https:\\\/\\\/borges.es\\\/ca\\\/blog\\\/temps-consum-oli-oliva\\\/#primaryimage\",\"url\":\"https:\\\/\\\/borges1896.com\\\/app\\\/uploads\\\/\\\/2018\\\/06\\\/TRUC-20170110.png\",\"contentUrl\":\"https:\\\/\\\/borges1896.com\\\/app\\\/uploads\\\/\\\/2018\\\/06\\\/TRUC-20170110.png\",\"width\":1204,\"height\":600},{\"@type\":\"BreadcrumbList\",\"@id\":\"https:\\\/\\\/borges.es\\\/ca\\\/blog\\\/temps-consum-oli-oliva\\\/#breadcrumb\",\"itemListElement\":[{\"@type\":\"ListItem\",\"position\":1,\"name\":\"Home\",\"item\":\"https:\\\/\\\/borges.es\\\/ca\\\/\"},{\"@type\":\"ListItem\",\"position\":2,\"name\":\"Temps de consum d\u2019un oli d\u2019oliva verge extra un cop obert\"}]},{\"@type\":\"WebSite\",\"@id\":\"https:\\\/\\\/borges.es\\\/ca\\\/#website\",\"url\":\"https:\\\/\\\/borges.es\\\/ca\\\/\",\"name\":\"Borges\",\"description\":\"Aqu\u00ed disfrutamos de la cocina saludable y sabrosa. \u00bfTe apuntas?\",\"inLanguage\":\"ca\"},{\"@type\":\"Person\",\"@id\":\"https:\\\/\\\/borges.es\\\/ca\\\/#\\\/schema\\\/person\\\/f9ce1a648d852dd65f2508352b7f9a60\",\"name\":\"mortensen\",\"image\":{\"@type\":\"ImageObject\",\"inLanguage\":\"ca\",\"@id\":\"https:\\\/\\\/secure.gravatar.com\\\/avatar\\\/dd2bd5aa753e679cd6f252540910ce11cd98c07228cac0664dcedefa61649290?s=96&d=mm&r=g\",\"url\":\"https:\\\/\\\/secure.gravatar.com\\\/avatar\\\/dd2bd5aa753e679cd6f252540910ce11cd98c07228cac0664dcedefa61649290?s=96&d=mm&r=g\",\"contentUrl\":\"https:\\\/\\\/secure.gravatar.com\\\/avatar\\\/dd2bd5aa753e679cd6f252540910ce11cd98c07228cac0664dcedefa61649290?s=96&d=mm&r=g\",\"caption\":\"mortensen\"},\"url\":\"https:\\\/\\\/borges.es\\\/ca\\\/blog\\\/author\\\/mortensen\\\/\"}]}<\/script>\n<!-- \/ Yoast SEO plugin. -->","yoast_head_json":{"title":"Temps de consum d\u2019un oli d\u2019oliva verge extra un cop obert - Borges","robots":{"index":"index","follow":"follow","max-snippet":"max-snippet:-1","max-image-preview":"max-image-preview:large","max-video-preview":"max-video-preview:-1"},"canonical":"https:\/\/borges.es\/ca\/blog\/temps-consum-oli-oliva\/","og_locale":"ca_ES","og_type":"article","og_title":"Temps de consum d\u2019un oli d\u2019oliva verge extra un cop obert - Borges","og_description":"L\u2019oli d\u2019oliva verge extra no caduca, encara que t\u00e9 una data de consum preferent. No es fa malb\u00e9 un cop...","og_url":"https:\/\/borges.es\/ca\/blog\/temps-consum-oli-oliva\/","og_site_name":"Borges","article_published_time":"2017-01-10T00:00:00+00:00","article_modified_time":"2018-06-05T14:15:07+00:00","og_image":[{"width":1204,"height":600,"url":"https:\/\/borges1896.com\/app\/uploads\/\/2018\/06\/TRUC-20170110.png","type":"image\/png"}],"author":"mortensen","twitter_card":"summary_large_image","twitter_misc":{"Escrit per":"mortensen"},"schema":{"@context":"https:\/\/schema.org","@graph":[{"@type":"Article","@id":"https:\/\/borges.es\/ca\/blog\/temps-consum-oli-oliva\/#article","isPartOf":{"@id":"https:\/\/borges.es\/ca\/blog\/temps-consum-oli-oliva\/"},"author":{"name":"mortensen","@id":"https:\/\/borges.es\/ca\/#\/schema\/person\/f9ce1a648d852dd65f2508352b7f9a60"},"headline":"Temps de consum d\u2019un oli d\u2019oliva verge extra un cop obert","datePublished":"2017-01-10T00:00:00+00:00","dateModified":"2018-06-05T14:15:07+00:00","mainEntityOfPage":{"@id":"https:\/\/borges.es\/ca\/blog\/temps-consum-oli-oliva\/"},"wordCount":70,"commentCount":0,"image":{"@id":"https:\/\/borges.es\/ca\/blog\/temps-consum-oli-oliva\/#primaryimage"},"thumbnailUrl":"https:\/\/borges1896.com\/app\/uploads\/\/2018\/06\/TRUC-20170110.png","keywords":["Oli d'oliva","aceite de oliva virgen extra","oli","propietats","caducitat","oli d'oliva verge extra","temps","consum","consum preferent","data","duraci\u00f3","verge extra"],"articleSection":["Uncategorized @ca"],"inLanguage":"ca","potentialAction":[{"@type":"CommentAction","name":"Comment","target":["https:\/\/borges.es\/ca\/blog\/temps-consum-oli-oliva\/#respond"]}]},{"@type":"WebPage","@id":"https:\/\/borges.es\/ca\/blog\/temps-consum-oli-oliva\/","url":"https:\/\/borges.es\/ca\/blog\/temps-consum-oli-oliva\/","name":"Temps de consum d\u2019un oli d\u2019oliva verge extra un cop obert - Borges","isPartOf":{"@id":"https:\/\/borges.es\/ca\/#website"},"primaryImageOfPage":{"@id":"https:\/\/borges.es\/ca\/blog\/temps-consum-oli-oliva\/#primaryimage"},"image":{"@id":"https:\/\/borges.es\/ca\/blog\/temps-consum-oli-oliva\/#primaryimage"},"thumbnailUrl":"https:\/\/borges1896.com\/app\/uploads\/\/2018\/06\/TRUC-20170110.png","datePublished":"2017-01-10T00:00:00+00:00","dateModified":"2018-06-05T14:15:07+00:00","author":{"@id":"https:\/\/borges.es\/ca\/#\/schema\/person\/f9ce1a648d852dd65f2508352b7f9a60"},"breadcrumb":{"@id":"https:\/\/borges.es\/ca\/blog\/temps-consum-oli-oliva\/#breadcrumb"},"inLanguage":"ca","potentialAction":[{"@type":"ReadAction","target":["https:\/\/borges.es\/ca\/blog\/temps-consum-oli-oliva\/"]}]},{"@type":"ImageObject","inLanguage":"ca","@id":"https:\/\/borges.es\/ca\/blog\/temps-consum-oli-oliva\/#primaryimage","url":"https:\/\/borges1896.com\/app\/uploads\/\/2018\/06\/TRUC-20170110.png","contentUrl":"https:\/\/borges1896.com\/app\/uploads\/\/2018\/06\/TRUC-20170110.png","width":1204,"height":600},{"@type":"BreadcrumbList","@id":"https:\/\/borges.es\/ca\/blog\/temps-consum-oli-oliva\/#breadcrumb","itemListElement":[{"@type":"ListItem","position":1,"name":"Home","item":"https:\/\/borges.es\/ca\/"},{"@type":"ListItem","position":2,"name":"Temps de consum d\u2019un oli d\u2019oliva verge extra un cop obert"}]},{"@type":"WebSite","@id":"https:\/\/borges.es\/ca\/#website","url":"https:\/\/borges.es\/ca\/","name":"Borges","description":"Aqu\u00ed disfrutamos de la cocina saludable y sabrosa. \u00bfTe apuntas?","inLanguage":"ca"},{"@type":"Person","@id":"https:\/\/borges.es\/ca\/#\/schema\/person\/f9ce1a648d852dd65f2508352b7f9a60","name":"mortensen","image":{"@type":"ImageObject","inLanguage":"ca","@id":"https:\/\/secure.gravatar.com\/avatar\/dd2bd5aa753e679cd6f252540910ce11cd98c07228cac0664dcedefa61649290?s=96&d=mm&r=g","url":"https:\/\/secure.gravatar.com\/avatar\/dd2bd5aa753e679cd6f252540910ce11cd98c07228cac0664dcedefa61649290?s=96&d=mm&r=g","contentUrl":"https:\/\/secure.gravatar.com\/avatar\/dd2bd5aa753e679cd6f252540910ce11cd98c07228cac0664dcedefa61649290?s=96&d=mm&r=g","caption":"mortensen"},"url":"https:\/\/borges.es\/ca\/blog\/author\/mortensen\/"}]}},"_links":{"self":[{"href":"https:\/\/borges.es\/ca\/wp-json\/wp\/v2\/posts\/2941","targetHints":{"allow":["GET"]}}],"collection":[{"href":"https:\/\/borges.es\/ca\/wp-json\/wp\/v2\/posts"}],"about":[{"href":"https:\/\/borges.es\/ca\/wp-json\/wp\/v2\/types\/post"}],"author":[{"embeddable":true,"href":"https:\/\/borges.es\/ca\/wp-json\/wp\/v2\/users\/2"}],"replies":[{"embeddable":true,"href":"https:\/\/borges.es\/ca\/wp-json\/wp\/v2\/comments?post=2941"}],"version-history":[{"count":1,"href":"https:\/\/borges.es\/ca\/wp-json\/wp\/v2\/posts\/2941\/revisions"}],"predecessor-version":[{"id":3256,"href":"https:\/\/borges.es\/ca\/wp-json\/wp\/v2\/posts\/2941\/revisions\/3256"}],"wp:featuredmedia":[{"embeddable":true,"href":"https:\/\/borges.es\/ca\/wp-json\/wp\/v2\/media\/1994"}],"wp:attachment":[{"href":"https:\/\/borges.es\/ca\/wp-json\/wp\/v2\/media?parent=2941"}],"wp:term":[{"taxonomy":"category","embeddable":true,"href":"https:\/\/borges.es\/ca\/wp-json\/wp\/v2\/categories?post=2941"},{"taxonomy":"post_tag","embeddable":true,"href":"https:\/\/borges.es\/ca\/wp-json\/wp\/v2\/tags?post=2941"}],"curies":[{"name":"wp","href":"https:\/\/api.w.org\/{rel}","templated":true}]}}