{"id":2990,"date":"2017-06-28T00:00:00","date_gmt":"2017-06-28T00:00:00","guid":{"rendered":"https:\/\/borges.es\/blog\/mantenir-pasta-calenta\/"},"modified":"2018-06-05T14:13:54","modified_gmt":"2018-06-05T14:13:54","slug":"mantenir-pasta-calenta","status":"publish","type":"post","link":"https:\/\/borges.es\/ca\/blog\/mantenir-pasta-calenta\/","title":{"rendered":"Com podem mantenir la pasta calenta?"},"content":{"rendered":"<p>La pasta \u00e9s un aliment que es refreda amb rapidesa, cosa que ens va molt b\u00e9 quan fem amanides per\u00f2 fa que h\u00e0gim de c\u00f3rrer quan tenim convidats. Perqu\u00e8 la pasta arribi sempre a la taula ben calentona (no hem de confiar que sigui la salsa la que acabi escalfant la pasta) un truc \u00e9s escalfar pr\u00e8viament tant els plats dels comensals com les fonts amb qu\u00e8 la servirem.<\/p>\n","protected":false},"excerpt":{"rendered":"<p>La pasta \u00e9s un aliment que es refreda amb rapidesa, cosa que ens va molt b\u00e9 quan fem amanides per\u00f2&#8230;<\/p>\n","protected":false},"author":2,"featured_media":2088,"comment_status":"open","ping_status":"open","sticky":false,"template":"","format":"standard","meta":{"_acf_changed":false,"footnotes":""},"categories":[2],"tags":[1876,2206,2205,2204,2203,2088,2010,1989,1892,1816,1811,1777,1768,1767,1764,1761,727],"class_list":["post-2990","post","type-post","status-publish","format-standard","has-post-thumbnail","hentry","category-uncategorized-ca","tag-plats","tag-plat","tag-font","tag-escalfar","tag-calent","tag-forn","tag-dieta-mediterrania","tag-italia","tag-borges","tag-consells","tag-cuinar","tag-consell","tag-trucs","tag-truc","tag-cuina","tag-dieta","tag-pasta-ca"],"acf":[],"yoast_head":"<!-- This site is optimized with the Yoast SEO plugin v27.4 - https:\/\/yoast.com\/product\/yoast-seo-wordpress\/ -->\n<title>Com podem mantenir la pasta calenta? - Borges<\/title>\n<meta name=\"robots\" content=\"index, follow, max-snippet:-1, max-image-preview:large, max-video-preview:-1\" \/>\n<link rel=\"canonical\" href=\"https:\/\/borges.es\/ca\/blog\/mantenir-pasta-calenta\/\" \/>\n<meta property=\"og:locale\" content=\"ca_ES\" \/>\n<meta property=\"og:type\" content=\"article\" \/>\n<meta property=\"og:title\" content=\"Com podem mantenir la pasta calenta? - Borges\" \/>\n<meta property=\"og:description\" content=\"La pasta \u00e9s un aliment que es refreda amb rapidesa, cosa que ens va molt b\u00e9 quan fem amanides per\u00f2...\" \/>\n<meta property=\"og:url\" content=\"https:\/\/borges.es\/ca\/blog\/mantenir-pasta-calenta\/\" \/>\n<meta property=\"og:site_name\" content=\"Borges\" \/>\n<meta property=\"article:published_time\" content=\"2017-06-28T00:00:00+00:00\" \/>\n<meta property=\"article:modified_time\" content=\"2018-06-05T14:13:54+00:00\" \/>\n<meta property=\"og:image\" content=\"https:\/\/borges1896.com\/app\/uploads\/\/2018\/06\/TRUC-20170629.jpg\" \/>\n\t<meta property=\"og:image:width\" content=\"859\" \/>\n\t<meta property=\"og:image:height\" content=\"559\" \/>\n\t<meta property=\"og:image:type\" content=\"image\/jpeg\" \/>\n<meta name=\"author\" content=\"mortensen\" \/>\n<meta name=\"twitter:card\" content=\"summary_large_image\" \/>\n<meta name=\"twitter:label1\" content=\"Escrit per\" \/>\n\t<meta name=\"twitter:data1\" content=\"mortensen\" \/>\n<script type=\"application\/ld+json\" class=\"yoast-schema-graph\">{\"@context\":\"https:\\\/\\\/schema.org\",\"@graph\":[{\"@type\":\"Article\",\"@id\":\"https:\\\/\\\/borges.es\\\/ca\\\/blog\\\/mantenir-pasta-calenta\\\/#article\",\"isPartOf\":{\"@id\":\"https:\\\/\\\/borges.es\\\/ca\\\/blog\\\/mantenir-pasta-calenta\\\/\"},\"author\":{\"name\":\"mortensen\",\"@id\":\"https:\\\/\\\/borges.es\\\/ca\\\/#\\\/schema\\\/person\\\/f9ce1a648d852dd65f2508352b7f9a60\"},\"headline\":\"Com podem mantenir la pasta calenta?\",\"datePublished\":\"2017-06-28T00:00:00+00:00\",\"dateModified\":\"2018-06-05T14:13:54+00:00\",\"mainEntityOfPage\":{\"@id\":\"https:\\\/\\\/borges.es\\\/ca\\\/blog\\\/mantenir-pasta-calenta\\\/\"},\"wordCount\":78,\"commentCount\":0,\"image\":{\"@id\":\"https:\\\/\\\/borges.es\\\/ca\\\/blog\\\/mantenir-pasta-calenta\\\/#primaryimage\"},\"thumbnailUrl\":\"https:\\\/\\\/borges1896.com\\\/app\\\/uploads\\\/\\\/2018\\\/06\\\/TRUC-20170629.jpg\",\"keywords\":[\"plats\",\"plat\",\"font\",\"escalfar\",\"calent\",\"forn\",\"dieta mediterr\u00e0nia\",\"it\u00e0lia\",\"borges\",\"consells\",\"cuinar\",\"consell\",\"trucs\",\"truc\",\"cuina\",\"dieta\",\"pasta\"],\"articleSection\":[\"Uncategorized @ca\"],\"inLanguage\":\"ca\",\"potentialAction\":[{\"@type\":\"CommentAction\",\"name\":\"Comment\",\"target\":[\"https:\\\/\\\/borges.es\\\/ca\\\/blog\\\/mantenir-pasta-calenta\\\/#respond\"]}]},{\"@type\":\"WebPage\",\"@id\":\"https:\\\/\\\/borges.es\\\/ca\\\/blog\\\/mantenir-pasta-calenta\\\/\",\"url\":\"https:\\\/\\\/borges.es\\\/ca\\\/blog\\\/mantenir-pasta-calenta\\\/\",\"name\":\"Com podem mantenir la pasta calenta? - Borges\",\"isPartOf\":{\"@id\":\"https:\\\/\\\/borges.es\\\/ca\\\/#website\"},\"primaryImageOfPage\":{\"@id\":\"https:\\\/\\\/borges.es\\\/ca\\\/blog\\\/mantenir-pasta-calenta\\\/#primaryimage\"},\"image\":{\"@id\":\"https:\\\/\\\/borges.es\\\/ca\\\/blog\\\/mantenir-pasta-calenta\\\/#primaryimage\"},\"thumbnailUrl\":\"https:\\\/\\\/borges1896.com\\\/app\\\/uploads\\\/\\\/2018\\\/06\\\/TRUC-20170629.jpg\",\"datePublished\":\"2017-06-28T00:00:00+00:00\",\"dateModified\":\"2018-06-05T14:13:54+00:00\",\"author\":{\"@id\":\"https:\\\/\\\/borges.es\\\/ca\\\/#\\\/schema\\\/person\\\/f9ce1a648d852dd65f2508352b7f9a60\"},\"breadcrumb\":{\"@id\":\"https:\\\/\\\/borges.es\\\/ca\\\/blog\\\/mantenir-pasta-calenta\\\/#breadcrumb\"},\"inLanguage\":\"ca\",\"potentialAction\":[{\"@type\":\"ReadAction\",\"target\":[\"https:\\\/\\\/borges.es\\\/ca\\\/blog\\\/mantenir-pasta-calenta\\\/\"]}]},{\"@type\":\"ImageObject\",\"inLanguage\":\"ca\",\"@id\":\"https:\\\/\\\/borges.es\\\/ca\\\/blog\\\/mantenir-pasta-calenta\\\/#primaryimage\",\"url\":\"https:\\\/\\\/borges1896.com\\\/app\\\/uploads\\\/\\\/2018\\\/06\\\/TRUC-20170629.jpg\",\"contentUrl\":\"https:\\\/\\\/borges1896.com\\\/app\\\/uploads\\\/\\\/2018\\\/06\\\/TRUC-20170629.jpg\",\"width\":859,\"height\":559},{\"@type\":\"BreadcrumbList\",\"@id\":\"https:\\\/\\\/borges.es\\\/ca\\\/blog\\\/mantenir-pasta-calenta\\\/#breadcrumb\",\"itemListElement\":[{\"@type\":\"ListItem\",\"position\":1,\"name\":\"Home\",\"item\":\"https:\\\/\\\/borges.es\\\/ca\\\/\"},{\"@type\":\"ListItem\",\"position\":2,\"name\":\"Com podem mantenir la pasta calenta?\"}]},{\"@type\":\"WebSite\",\"@id\":\"https:\\\/\\\/borges.es\\\/ca\\\/#website\",\"url\":\"https:\\\/\\\/borges.es\\\/ca\\\/\",\"name\":\"Borges\",\"description\":\"Aqu\u00ed disfrutamos de la cocina saludable y sabrosa. \u00bfTe apuntas?\",\"inLanguage\":\"ca\"},{\"@type\":\"Person\",\"@id\":\"https:\\\/\\\/borges.es\\\/ca\\\/#\\\/schema\\\/person\\\/f9ce1a648d852dd65f2508352b7f9a60\",\"name\":\"mortensen\",\"image\":{\"@type\":\"ImageObject\",\"inLanguage\":\"ca\",\"@id\":\"https:\\\/\\\/secure.gravatar.com\\\/avatar\\\/dd2bd5aa753e679cd6f252540910ce11cd98c07228cac0664dcedefa61649290?s=96&d=mm&r=g\",\"url\":\"https:\\\/\\\/secure.gravatar.com\\\/avatar\\\/dd2bd5aa753e679cd6f252540910ce11cd98c07228cac0664dcedefa61649290?s=96&d=mm&r=g\",\"contentUrl\":\"https:\\\/\\\/secure.gravatar.com\\\/avatar\\\/dd2bd5aa753e679cd6f252540910ce11cd98c07228cac0664dcedefa61649290?s=96&d=mm&r=g\",\"caption\":\"mortensen\"},\"url\":\"https:\\\/\\\/borges.es\\\/ca\\\/blog\\\/author\\\/mortensen\\\/\"}]}<\/script>\n<!-- \/ Yoast SEO plugin. -->","yoast_head_json":{"title":"Com podem mantenir la pasta calenta? - Borges","robots":{"index":"index","follow":"follow","max-snippet":"max-snippet:-1","max-image-preview":"max-image-preview:large","max-video-preview":"max-video-preview:-1"},"canonical":"https:\/\/borges.es\/ca\/blog\/mantenir-pasta-calenta\/","og_locale":"ca_ES","og_type":"article","og_title":"Com podem mantenir la pasta calenta? - Borges","og_description":"La pasta \u00e9s un aliment que es refreda amb rapidesa, cosa que ens va molt b\u00e9 quan fem amanides per\u00f2...","og_url":"https:\/\/borges.es\/ca\/blog\/mantenir-pasta-calenta\/","og_site_name":"Borges","article_published_time":"2017-06-28T00:00:00+00:00","article_modified_time":"2018-06-05T14:13:54+00:00","og_image":[{"width":859,"height":559,"url":"https:\/\/borges1896.com\/app\/uploads\/\/2018\/06\/TRUC-20170629.jpg","type":"image\/jpeg"}],"author":"mortensen","twitter_card":"summary_large_image","twitter_misc":{"Escrit per":"mortensen"},"schema":{"@context":"https:\/\/schema.org","@graph":[{"@type":"Article","@id":"https:\/\/borges.es\/ca\/blog\/mantenir-pasta-calenta\/#article","isPartOf":{"@id":"https:\/\/borges.es\/ca\/blog\/mantenir-pasta-calenta\/"},"author":{"name":"mortensen","@id":"https:\/\/borges.es\/ca\/#\/schema\/person\/f9ce1a648d852dd65f2508352b7f9a60"},"headline":"Com podem mantenir la pasta calenta?","datePublished":"2017-06-28T00:00:00+00:00","dateModified":"2018-06-05T14:13:54+00:00","mainEntityOfPage":{"@id":"https:\/\/borges.es\/ca\/blog\/mantenir-pasta-calenta\/"},"wordCount":78,"commentCount":0,"image":{"@id":"https:\/\/borges.es\/ca\/blog\/mantenir-pasta-calenta\/#primaryimage"},"thumbnailUrl":"https:\/\/borges1896.com\/app\/uploads\/\/2018\/06\/TRUC-20170629.jpg","keywords":["plats","plat","font","escalfar","calent","forn","dieta mediterr\u00e0nia","it\u00e0lia","borges","consells","cuinar","consell","trucs","truc","cuina","dieta","pasta"],"articleSection":["Uncategorized @ca"],"inLanguage":"ca","potentialAction":[{"@type":"CommentAction","name":"Comment","target":["https:\/\/borges.es\/ca\/blog\/mantenir-pasta-calenta\/#respond"]}]},{"@type":"WebPage","@id":"https:\/\/borges.es\/ca\/blog\/mantenir-pasta-calenta\/","url":"https:\/\/borges.es\/ca\/blog\/mantenir-pasta-calenta\/","name":"Com podem mantenir la pasta calenta? - Borges","isPartOf":{"@id":"https:\/\/borges.es\/ca\/#website"},"primaryImageOfPage":{"@id":"https:\/\/borges.es\/ca\/blog\/mantenir-pasta-calenta\/#primaryimage"},"image":{"@id":"https:\/\/borges.es\/ca\/blog\/mantenir-pasta-calenta\/#primaryimage"},"thumbnailUrl":"https:\/\/borges1896.com\/app\/uploads\/\/2018\/06\/TRUC-20170629.jpg","datePublished":"2017-06-28T00:00:00+00:00","dateModified":"2018-06-05T14:13:54+00:00","author":{"@id":"https:\/\/borges.es\/ca\/#\/schema\/person\/f9ce1a648d852dd65f2508352b7f9a60"},"breadcrumb":{"@id":"https:\/\/borges.es\/ca\/blog\/mantenir-pasta-calenta\/#breadcrumb"},"inLanguage":"ca","potentialAction":[{"@type":"ReadAction","target":["https:\/\/borges.es\/ca\/blog\/mantenir-pasta-calenta\/"]}]},{"@type":"ImageObject","inLanguage":"ca","@id":"https:\/\/borges.es\/ca\/blog\/mantenir-pasta-calenta\/#primaryimage","url":"https:\/\/borges1896.com\/app\/uploads\/\/2018\/06\/TRUC-20170629.jpg","contentUrl":"https:\/\/borges1896.com\/app\/uploads\/\/2018\/06\/TRUC-20170629.jpg","width":859,"height":559},{"@type":"BreadcrumbList","@id":"https:\/\/borges.es\/ca\/blog\/mantenir-pasta-calenta\/#breadcrumb","itemListElement":[{"@type":"ListItem","position":1,"name":"Home","item":"https:\/\/borges.es\/ca\/"},{"@type":"ListItem","position":2,"name":"Com podem mantenir la pasta calenta?"}]},{"@type":"WebSite","@id":"https:\/\/borges.es\/ca\/#website","url":"https:\/\/borges.es\/ca\/","name":"Borges","description":"Aqu\u00ed disfrutamos de la cocina saludable y sabrosa. \u00bfTe apuntas?","inLanguage":"ca"},{"@type":"Person","@id":"https:\/\/borges.es\/ca\/#\/schema\/person\/f9ce1a648d852dd65f2508352b7f9a60","name":"mortensen","image":{"@type":"ImageObject","inLanguage":"ca","@id":"https:\/\/secure.gravatar.com\/avatar\/dd2bd5aa753e679cd6f252540910ce11cd98c07228cac0664dcedefa61649290?s=96&d=mm&r=g","url":"https:\/\/secure.gravatar.com\/avatar\/dd2bd5aa753e679cd6f252540910ce11cd98c07228cac0664dcedefa61649290?s=96&d=mm&r=g","contentUrl":"https:\/\/secure.gravatar.com\/avatar\/dd2bd5aa753e679cd6f252540910ce11cd98c07228cac0664dcedefa61649290?s=96&d=mm&r=g","caption":"mortensen"},"url":"https:\/\/borges.es\/ca\/blog\/author\/mortensen\/"}]}},"_links":{"self":[{"href":"https:\/\/borges.es\/ca\/wp-json\/wp\/v2\/posts\/2990","targetHints":{"allow":["GET"]}}],"collection":[{"href":"https:\/\/borges.es\/ca\/wp-json\/wp\/v2\/posts"}],"about":[{"href":"https:\/\/borges.es\/ca\/wp-json\/wp\/v2\/types\/post"}],"author":[{"embeddable":true,"href":"https:\/\/borges.es\/ca\/wp-json\/wp\/v2\/users\/2"}],"replies":[{"embeddable":true,"href":"https:\/\/borges.es\/ca\/wp-json\/wp\/v2\/comments?post=2990"}],"version-history":[{"count":2,"href":"https:\/\/borges.es\/ca\/wp-json\/wp\/v2\/posts\/2990\/revisions"}],"predecessor-version":[{"id":3179,"href":"https:\/\/borges.es\/ca\/wp-json\/wp\/v2\/posts\/2990\/revisions\/3179"}],"wp:featuredmedia":[{"embeddable":true,"href":"https:\/\/borges.es\/ca\/wp-json\/wp\/v2\/media\/2088"}],"wp:attachment":[{"href":"https:\/\/borges.es\/ca\/wp-json\/wp\/v2\/media?parent=2990"}],"wp:term":[{"taxonomy":"category","embeddable":true,"href":"https:\/\/borges.es\/ca\/wp-json\/wp\/v2\/categories?post=2990"},{"taxonomy":"post_tag","embeddable":true,"href":"https:\/\/borges.es\/ca\/wp-json\/wp\/v2\/tags?post=2990"}],"curies":[{"name":"wp","href":"https:\/\/api.w.org\/{rel}","templated":true}]}}