{"id":3024,"date":"2017-12-04T00:00:00","date_gmt":"2017-12-04T00:00:00","guid":{"rendered":"https:\/\/borges.es\/blog\/virtuds-olis-aromatics\/"},"modified":"2018-06-05T14:13:33","modified_gmt":"2018-06-05T14:13:33","slug":"virtuds-olis-aromatics","status":"publish","type":"post","link":"https:\/\/borges.es\/ca\/blog\/virtuds-olis-aromatics\/","title":{"rendered":"Virtuds nutricionals i gastron\u00f2miques dels olis arom\u00e0tics"},"content":{"rendered":"<p>Els olis arom\u00e0tics s\u00f3n una font de plaers innumerables. Tants, que se\u2019ns han acudit aquests quinze sense esfor\u00e7ar-nos-hi gaire.<\/p>\n<p><span style=\"color: #ff0000;\">1<\/span>&#8211; Poden modificar del tot el sabor i la personalitat d\u2019un plat. Si prepares una amanida amb una vinagreta a base d\u2019oli arom\u00e0tic de soja i gingebre hi donar\u00e0s un toc asi\u00e0tic; si, al contrari, n\u2019esculls un d\u2019alf\u00e0brega, la teva recepta adoptar\u00e0 una personalitat profundament mediterr\u00e0nia. Si el que vols \u00e9s aportar un aire m\u00e9s atrevit i transgressor, un oli arom\u00e0tic de bitxo i cardamom marcar\u00e0 la difer\u00e8ncia.<\/p>\n<p><span style=\"color: #ff0000;\">2<\/span>&#8211; S\u00f3n cardiosaludables. L\u2019oli d\u2019oliva verge extra amb qu\u00e8 s\u2019elaboren els olis arom\u00e0tics cont\u00e9 un alt percentatge de greixos monoinsaturats, beneficiosos pel cor i que ajuden a mantenir el colesterol a ratlla.<\/p>\n<p><span style=\"color: #ff0000;\">3<\/span>&#8211; S\u00f3n lleugers. Aix\u00f2 no significa que no siguin cal\u00f2rics, si b\u00e9 \u00e9s cert que, com que s\u00f3n tan saborosos, n\u2019hi haur\u00e0 prou amb un simple rajol\u00ed per donar aquell toc especial a un plat. Les salses, en canvi, acostumen a ser molt m\u00e9s pesades i cal\u00f2riques.<\/p>\n<p><span style=\"color: #ff0000;\">4<\/span>&#8211; S\u00f3n alts en polifenols, unes subst\u00e0ncies amb acci\u00f3 antioxidant que combaten l\u2019envelliment cel\u00b7lular i prevenen la formaci\u00f3 de c\u00e8l\u00b7lules cancer\u00edgenes.<\/p>\n<p><span style=\"color: #ff0000;\">5<\/span>&#8211; Enforteixen els ossos, que \u00e9s quelcom fonamental per a l\u2019organisme a partir d\u2019una certa edat.<\/p>\n<p><span style=\"color: #ff0000;\">6<\/span>&#8211; Ens estalvien feina. Un exemple? Un raig d\u2019oli arom\u00e0tic a l\u2019all fregit quedar\u00e0 ideal, per exemple, amb els famos\u00edssims <em>spaghetti all\u2019aglio e olio<\/em>: aportar\u00e0 el sabor necessari a una recepta fant\u00e0stica, que estar\u00e0 llesta en el temps que triguin a coure\u2019s els espaguetis. Un pessic de parmes\u00e0 bo i el resultat ser\u00e0 per llepar-se\u2019n els dits.<\/p>\n<p><span style=\"color: #ff0000;\">7<\/span>&#8211; Ens permeten viatjar pel m\u00f3n sense haver de sortir de casa. \u00bfI si comprem uns dauets de formatge <em>feta<\/em>, un bon enciam i tom\u00e0quets frescos i ho amanim tot amb oli arom\u00e0tic d\u2019olives negres? Ens sentirem al cor de Gr\u00e8cia!<\/p>\n<p><span style=\"color: #ff0000;\">8<\/span>&#8211; Rebaixen els nivells de gluc\u00e8mia en les persones diab\u00e8tiques.<\/p>\n<p><span style=\"color: #ff0000;\">9<\/span>&#8211; S\u00f3n perfectes per a tota la fam\u00edlia, fins i tot els m\u00e9s menuts. Els olis arom\u00e0tics ajuden els nens a familiaritzar-se amb nous sabors i incorporar-los a la seva alimentaci\u00f3 quotidiana. De fet, el consum regular l\u2019oli d\u2019oliva s\u2019associa amb un augment de pes menor durant la inf\u00e0ncia.<\/p>\n<p><span style=\"color: #ff0000;\">10<\/span>&#8211; Donen un toc diferent a les nostres amanides. Has provat d\u2019afegir a la teva maionesa casolana un toc l\u2019oli arom\u00e0tic a l\u2019escor\u00e7a de llimona? Resultar\u00e0 un complement excel\u00b7lent, aquell \u201cno s\u00e9 qu\u00e8\u201d que marca la difer\u00e8ncia i deixa els nostres convidats bocabadats.<\/p>\n<p><span style=\"color: #ff0000;\">11<\/span>&#8211; Substitueixen les esp\u00e8cies. A casa no sempre disposem d\u2019alf\u00e0brega o roman\u00ed frescos, dues esp\u00e8cies t\u00edpicament mediterr\u00e0nies que es fan servir molt en receptes d\u2019origen itali\u00e0 i carns, respectivament. L\u2019oli arom\u00e0tic omplir\u00e0 la nostra cuina amb el sabor i la personalitat d\u2019aquestes herbes.<\/p>\n<p><span style=\"color: #ff0000;\">12<\/span>&#8211; Desperten els sentits. I els amants del bon menjar saben molt b\u00e9 que la gastronomia va m\u00e9s enll\u00e0 del gust. Gaudir del plaer d\u2019una bona taula comen\u00e7a per la vista i l\u2019olfacte, i res millor que un oli arom\u00e0tic per emocionar-nos amb un plat, abans fins i tot de tastar-lo.<\/p>\n<p><span style=\"color: #ff0000;\">13<\/span>&#8211; S\u00f3n un trosset de Ferran Adri\u00e0, ja que el conegut xef ha creat la l\u00ednia d\u2019olis arom\u00e0tics Borges. Si en tires unes gotes als teus plats, portar\u00e0s a la teva llar la inspiraci\u00f3 de qui ha estat, probablement, el millor xef de cuina de tots els temps.<\/p>\n<p><span style=\"color: #ff0000;\">14<\/span>&#8211; Mantenen a ratlla el deteriorament mental, i per aix\u00f2 s\u00f3n indicats per prevenir malalties com l\u2019Alzheimer.<\/p>\n<p><span style=\"color: #ff0000;\">15<\/span>&#8211; I el m\u00e9s important de tot: s\u00f3n bon\u00edssims! Els olis arom\u00e0tics condensen en una sola gota tota l\u2019aroma i untuositat de l\u2019oli d\u2019oliva, combinades amb els sabors i matisos dels ingredients m\u00e9s diversos de tot el m\u00f3n. Pur sabor i versatilitat!<\/p>\n","protected":false},"excerpt":{"rendered":"<p>Els olis arom\u00e0tics s\u00f3n una font de plaers innumerables. Tants, que se\u2019ns han acudit aquests quinze sense esfor\u00e7ar-nos-hi gaire. 1&#8211;&#8230;<\/p>\n","protected":false},"author":2,"featured_media":2154,"comment_status":"open","ping_status":"open","sticky":false,"template":"","format":"standard","meta":{"_acf_changed":false,"footnotes":""},"categories":[2],"tags":[1774,1784,1791,2279,2280,2281,2282,2283],"class_list":["post-3024","post","type-post","status-publish","format-standard","has-post-thumbnail","hentry","category-uncategorized-ca","tag-sabor","tag-oli","tag-nutricio","tag-aromatics","tag-olis","tag-olis-aromatics","tag-sabors","tag-virtuds"],"acf":[],"yoast_head":"<!-- This site is optimized with the Yoast SEO plugin v27.4 - https:\/\/yoast.com\/product\/yoast-seo-wordpress\/ -->\n<title>Virtuds nutricionals i gastron\u00f2miques dels olis arom\u00e0tics - Borges<\/title>\n<meta name=\"robots\" content=\"index, follow, max-snippet:-1, max-image-preview:large, max-video-preview:-1\" \/>\n<link rel=\"canonical\" href=\"https:\/\/borges.es\/ca\/blog\/virtuds-olis-aromatics\/\" \/>\n<meta property=\"og:locale\" content=\"ca_ES\" \/>\n<meta property=\"og:type\" content=\"article\" \/>\n<meta property=\"og:title\" content=\"Virtuds nutricionals i gastron\u00f2miques dels olis arom\u00e0tics - Borges\" \/>\n<meta property=\"og:description\" content=\"Els olis arom\u00e0tics s\u00f3n una font de plaers innumerables. Tants, que se\u2019ns han acudit aquests quinze sense esfor\u00e7ar-nos-hi gaire. 1&#8211;...\" \/>\n<meta property=\"og:url\" content=\"https:\/\/borges.es\/ca\/blog\/virtuds-olis-aromatics\/\" \/>\n<meta property=\"og:site_name\" content=\"Borges\" \/>\n<meta property=\"article:published_time\" content=\"2017-12-04T00:00:00+00:00\" \/>\n<meta property=\"article:modified_time\" content=\"2018-06-05T14:13:33+00:00\" \/>\n<meta property=\"og:image\" content=\"https:\/\/borges1896.com\/app\/uploads\/\/2018\/06\/WW.MI-POST-20171205-ALTA.jpg\" \/>\n\t<meta property=\"og:image:width\" content=\"1417\" \/>\n\t<meta property=\"og:image:height\" content=\"945\" \/>\n\t<meta property=\"og:image:type\" content=\"image\/jpeg\" \/>\n<meta name=\"author\" content=\"mortensen\" \/>\n<meta name=\"twitter:card\" content=\"summary_large_image\" \/>\n<meta name=\"twitter:label1\" content=\"Escrit per\" \/>\n\t<meta name=\"twitter:data1\" content=\"mortensen\" \/>\n\t<meta name=\"twitter:label2\" content=\"Temps estimat de lectura\" \/>\n\t<meta name=\"twitter:data2\" content=\"4 minuts\" \/>\n<script type=\"application\/ld+json\" class=\"yoast-schema-graph\">{\"@context\":\"https:\\\/\\\/schema.org\",\"@graph\":[{\"@type\":\"Article\",\"@id\":\"https:\\\/\\\/borges.es\\\/ca\\\/blog\\\/virtuds-olis-aromatics\\\/#article\",\"isPartOf\":{\"@id\":\"https:\\\/\\\/borges.es\\\/ca\\\/blog\\\/virtuds-olis-aromatics\\\/\"},\"author\":{\"name\":\"mortensen\",\"@id\":\"https:\\\/\\\/borges.es\\\/ca\\\/#\\\/schema\\\/person\\\/f9ce1a648d852dd65f2508352b7f9a60\"},\"headline\":\"Virtuds nutricionals i gastron\u00f2miques dels olis arom\u00e0tics\",\"datePublished\":\"2017-12-04T00:00:00+00:00\",\"dateModified\":\"2018-06-05T14:13:33+00:00\",\"mainEntityOfPage\":{\"@id\":\"https:\\\/\\\/borges.es\\\/ca\\\/blog\\\/virtuds-olis-aromatics\\\/\"},\"wordCount\":710,\"commentCount\":0,\"image\":{\"@id\":\"https:\\\/\\\/borges.es\\\/ca\\\/blog\\\/virtuds-olis-aromatics\\\/#primaryimage\"},\"thumbnailUrl\":\"https:\\\/\\\/borges1896.com\\\/app\\\/uploads\\\/\\\/2018\\\/06\\\/WW.MI-POST-20171205-ALTA.jpg\",\"keywords\":[\"sabor\",\"oli\",\"nutrici\u00f3\",\"arom\u00e0tics\",\"olis\",\"olis arom\u00e0tics\",\"sabors\",\"virtuds\"],\"articleSection\":[\"Uncategorized @ca\"],\"inLanguage\":\"ca\",\"potentialAction\":[{\"@type\":\"CommentAction\",\"name\":\"Comment\",\"target\":[\"https:\\\/\\\/borges.es\\\/ca\\\/blog\\\/virtuds-olis-aromatics\\\/#respond\"]}]},{\"@type\":\"WebPage\",\"@id\":\"https:\\\/\\\/borges.es\\\/ca\\\/blog\\\/virtuds-olis-aromatics\\\/\",\"url\":\"https:\\\/\\\/borges.es\\\/ca\\\/blog\\\/virtuds-olis-aromatics\\\/\",\"name\":\"Virtuds nutricionals i gastron\u00f2miques dels olis arom\u00e0tics - Borges\",\"isPartOf\":{\"@id\":\"https:\\\/\\\/borges.es\\\/ca\\\/#website\"},\"primaryImageOfPage\":{\"@id\":\"https:\\\/\\\/borges.es\\\/ca\\\/blog\\\/virtuds-olis-aromatics\\\/#primaryimage\"},\"image\":{\"@id\":\"https:\\\/\\\/borges.es\\\/ca\\\/blog\\\/virtuds-olis-aromatics\\\/#primaryimage\"},\"thumbnailUrl\":\"https:\\\/\\\/borges1896.com\\\/app\\\/uploads\\\/\\\/2018\\\/06\\\/WW.MI-POST-20171205-ALTA.jpg\",\"datePublished\":\"2017-12-04T00:00:00+00:00\",\"dateModified\":\"2018-06-05T14:13:33+00:00\",\"author\":{\"@id\":\"https:\\\/\\\/borges.es\\\/ca\\\/#\\\/schema\\\/person\\\/f9ce1a648d852dd65f2508352b7f9a60\"},\"breadcrumb\":{\"@id\":\"https:\\\/\\\/borges.es\\\/ca\\\/blog\\\/virtuds-olis-aromatics\\\/#breadcrumb\"},\"inLanguage\":\"ca\",\"potentialAction\":[{\"@type\":\"ReadAction\",\"target\":[\"https:\\\/\\\/borges.es\\\/ca\\\/blog\\\/virtuds-olis-aromatics\\\/\"]}]},{\"@type\":\"ImageObject\",\"inLanguage\":\"ca\",\"@id\":\"https:\\\/\\\/borges.es\\\/ca\\\/blog\\\/virtuds-olis-aromatics\\\/#primaryimage\",\"url\":\"https:\\\/\\\/borges1896.com\\\/app\\\/uploads\\\/\\\/2018\\\/06\\\/WW.MI-POST-20171205-ALTA.jpg\",\"contentUrl\":\"https:\\\/\\\/borges1896.com\\\/app\\\/uploads\\\/\\\/2018\\\/06\\\/WW.MI-POST-20171205-ALTA.jpg\",\"width\":1417,\"height\":945},{\"@type\":\"BreadcrumbList\",\"@id\":\"https:\\\/\\\/borges.es\\\/ca\\\/blog\\\/virtuds-olis-aromatics\\\/#breadcrumb\",\"itemListElement\":[{\"@type\":\"ListItem\",\"position\":1,\"name\":\"Home\",\"item\":\"https:\\\/\\\/borges.es\\\/ca\\\/\"},{\"@type\":\"ListItem\",\"position\":2,\"name\":\"Virtuds nutricionals i gastron\u00f2miques dels olis arom\u00e0tics\"}]},{\"@type\":\"WebSite\",\"@id\":\"https:\\\/\\\/borges.es\\\/ca\\\/#website\",\"url\":\"https:\\\/\\\/borges.es\\\/ca\\\/\",\"name\":\"Borges\",\"description\":\"Aqu\u00ed disfrutamos de la cocina saludable y sabrosa. \u00bfTe apuntas?\",\"inLanguage\":\"ca\"},{\"@type\":\"Person\",\"@id\":\"https:\\\/\\\/borges.es\\\/ca\\\/#\\\/schema\\\/person\\\/f9ce1a648d852dd65f2508352b7f9a60\",\"name\":\"mortensen\",\"image\":{\"@type\":\"ImageObject\",\"inLanguage\":\"ca\",\"@id\":\"https:\\\/\\\/secure.gravatar.com\\\/avatar\\\/dd2bd5aa753e679cd6f252540910ce11cd98c07228cac0664dcedefa61649290?s=96&d=mm&r=g\",\"url\":\"https:\\\/\\\/secure.gravatar.com\\\/avatar\\\/dd2bd5aa753e679cd6f252540910ce11cd98c07228cac0664dcedefa61649290?s=96&d=mm&r=g\",\"contentUrl\":\"https:\\\/\\\/secure.gravatar.com\\\/avatar\\\/dd2bd5aa753e679cd6f252540910ce11cd98c07228cac0664dcedefa61649290?s=96&d=mm&r=g\",\"caption\":\"mortensen\"},\"url\":\"https:\\\/\\\/borges.es\\\/ca\\\/blog\\\/author\\\/mortensen\\\/\"}]}<\/script>\n<!-- \/ Yoast SEO plugin. -->","yoast_head_json":{"title":"Virtuds nutricionals i gastron\u00f2miques dels olis arom\u00e0tics - Borges","robots":{"index":"index","follow":"follow","max-snippet":"max-snippet:-1","max-image-preview":"max-image-preview:large","max-video-preview":"max-video-preview:-1"},"canonical":"https:\/\/borges.es\/ca\/blog\/virtuds-olis-aromatics\/","og_locale":"ca_ES","og_type":"article","og_title":"Virtuds nutricionals i gastron\u00f2miques dels olis arom\u00e0tics - Borges","og_description":"Els olis arom\u00e0tics s\u00f3n una font de plaers innumerables. Tants, que se\u2019ns han acudit aquests quinze sense esfor\u00e7ar-nos-hi gaire. 1&#8211;...","og_url":"https:\/\/borges.es\/ca\/blog\/virtuds-olis-aromatics\/","og_site_name":"Borges","article_published_time":"2017-12-04T00:00:00+00:00","article_modified_time":"2018-06-05T14:13:33+00:00","og_image":[{"width":1417,"height":945,"url":"https:\/\/borges1896.com\/app\/uploads\/\/2018\/06\/WW.MI-POST-20171205-ALTA.jpg","type":"image\/jpeg"}],"author":"mortensen","twitter_card":"summary_large_image","twitter_misc":{"Escrit per":"mortensen","Temps estimat de lectura":"4 minuts"},"schema":{"@context":"https:\/\/schema.org","@graph":[{"@type":"Article","@id":"https:\/\/borges.es\/ca\/blog\/virtuds-olis-aromatics\/#article","isPartOf":{"@id":"https:\/\/borges.es\/ca\/blog\/virtuds-olis-aromatics\/"},"author":{"name":"mortensen","@id":"https:\/\/borges.es\/ca\/#\/schema\/person\/f9ce1a648d852dd65f2508352b7f9a60"},"headline":"Virtuds nutricionals i gastron\u00f2miques dels olis arom\u00e0tics","datePublished":"2017-12-04T00:00:00+00:00","dateModified":"2018-06-05T14:13:33+00:00","mainEntityOfPage":{"@id":"https:\/\/borges.es\/ca\/blog\/virtuds-olis-aromatics\/"},"wordCount":710,"commentCount":0,"image":{"@id":"https:\/\/borges.es\/ca\/blog\/virtuds-olis-aromatics\/#primaryimage"},"thumbnailUrl":"https:\/\/borges1896.com\/app\/uploads\/\/2018\/06\/WW.MI-POST-20171205-ALTA.jpg","keywords":["sabor","oli","nutrici\u00f3","arom\u00e0tics","olis","olis arom\u00e0tics","sabors","virtuds"],"articleSection":["Uncategorized @ca"],"inLanguage":"ca","potentialAction":[{"@type":"CommentAction","name":"Comment","target":["https:\/\/borges.es\/ca\/blog\/virtuds-olis-aromatics\/#respond"]}]},{"@type":"WebPage","@id":"https:\/\/borges.es\/ca\/blog\/virtuds-olis-aromatics\/","url":"https:\/\/borges.es\/ca\/blog\/virtuds-olis-aromatics\/","name":"Virtuds nutricionals i gastron\u00f2miques dels olis arom\u00e0tics - Borges","isPartOf":{"@id":"https:\/\/borges.es\/ca\/#website"},"primaryImageOfPage":{"@id":"https:\/\/borges.es\/ca\/blog\/virtuds-olis-aromatics\/#primaryimage"},"image":{"@id":"https:\/\/borges.es\/ca\/blog\/virtuds-olis-aromatics\/#primaryimage"},"thumbnailUrl":"https:\/\/borges1896.com\/app\/uploads\/\/2018\/06\/WW.MI-POST-20171205-ALTA.jpg","datePublished":"2017-12-04T00:00:00+00:00","dateModified":"2018-06-05T14:13:33+00:00","author":{"@id":"https:\/\/borges.es\/ca\/#\/schema\/person\/f9ce1a648d852dd65f2508352b7f9a60"},"breadcrumb":{"@id":"https:\/\/borges.es\/ca\/blog\/virtuds-olis-aromatics\/#breadcrumb"},"inLanguage":"ca","potentialAction":[{"@type":"ReadAction","target":["https:\/\/borges.es\/ca\/blog\/virtuds-olis-aromatics\/"]}]},{"@type":"ImageObject","inLanguage":"ca","@id":"https:\/\/borges.es\/ca\/blog\/virtuds-olis-aromatics\/#primaryimage","url":"https:\/\/borges1896.com\/app\/uploads\/\/2018\/06\/WW.MI-POST-20171205-ALTA.jpg","contentUrl":"https:\/\/borges1896.com\/app\/uploads\/\/2018\/06\/WW.MI-POST-20171205-ALTA.jpg","width":1417,"height":945},{"@type":"BreadcrumbList","@id":"https:\/\/borges.es\/ca\/blog\/virtuds-olis-aromatics\/#breadcrumb","itemListElement":[{"@type":"ListItem","position":1,"name":"Home","item":"https:\/\/borges.es\/ca\/"},{"@type":"ListItem","position":2,"name":"Virtuds nutricionals i gastron\u00f2miques dels olis arom\u00e0tics"}]},{"@type":"WebSite","@id":"https:\/\/borges.es\/ca\/#website","url":"https:\/\/borges.es\/ca\/","name":"Borges","description":"Aqu\u00ed disfrutamos de la cocina saludable y sabrosa. \u00bfTe apuntas?","inLanguage":"ca"},{"@type":"Person","@id":"https:\/\/borges.es\/ca\/#\/schema\/person\/f9ce1a648d852dd65f2508352b7f9a60","name":"mortensen","image":{"@type":"ImageObject","inLanguage":"ca","@id":"https:\/\/secure.gravatar.com\/avatar\/dd2bd5aa753e679cd6f252540910ce11cd98c07228cac0664dcedefa61649290?s=96&d=mm&r=g","url":"https:\/\/secure.gravatar.com\/avatar\/dd2bd5aa753e679cd6f252540910ce11cd98c07228cac0664dcedefa61649290?s=96&d=mm&r=g","contentUrl":"https:\/\/secure.gravatar.com\/avatar\/dd2bd5aa753e679cd6f252540910ce11cd98c07228cac0664dcedefa61649290?s=96&d=mm&r=g","caption":"mortensen"},"url":"https:\/\/borges.es\/ca\/blog\/author\/mortensen\/"}]}},"_links":{"self":[{"href":"https:\/\/borges.es\/ca\/wp-json\/wp\/v2\/posts\/3024","targetHints":{"allow":["GET"]}}],"collection":[{"href":"https:\/\/borges.es\/ca\/wp-json\/wp\/v2\/posts"}],"about":[{"href":"https:\/\/borges.es\/ca\/wp-json\/wp\/v2\/types\/post"}],"author":[{"embeddable":true,"href":"https:\/\/borges.es\/ca\/wp-json\/wp\/v2\/users\/2"}],"replies":[{"embeddable":true,"href":"https:\/\/borges.es\/ca\/wp-json\/wp\/v2\/comments?post=3024"}],"version-history":[{"count":1,"href":"https:\/\/borges.es\/ca\/wp-json\/wp\/v2\/posts\/3024\/revisions"}],"predecessor-version":[{"id":3143,"href":"https:\/\/borges.es\/ca\/wp-json\/wp\/v2\/posts\/3024\/revisions\/3143"}],"wp:featuredmedia":[{"embeddable":true,"href":"https:\/\/borges.es\/ca\/wp-json\/wp\/v2\/media\/2154"}],"wp:attachment":[{"href":"https:\/\/borges.es\/ca\/wp-json\/wp\/v2\/media?parent=3024"}],"wp:term":[{"taxonomy":"category","embeddable":true,"href":"https:\/\/borges.es\/ca\/wp-json\/wp\/v2\/categories?post=3024"},{"taxonomy":"post_tag","embeddable":true,"href":"https:\/\/borges.es\/ca\/wp-json\/wp\/v2\/tags?post=3024"}],"curies":[{"name":"wp","href":"https:\/\/api.w.org\/{rel}","templated":true}]}}