{"id":3065,"date":"2018-04-03T00:00:00","date_gmt":"2018-04-03T00:00:00","guid":{"rendered":"https:\/\/borges.es\/blog\/crema-de-broquil\/"},"modified":"2018-06-05T14:12:34","modified_gmt":"2018-06-05T14:12:34","slug":"crema-de-broquil","status":"publish","type":"post","link":"https:\/\/borges.es\/ca\/blog\/crema-de-broquil\/","title":{"rendered":"Prepara una crema de br\u00f2quil amb les tiges que sobren"},"content":{"rendered":"<p>Del br\u00f2quil no se\u2019n llen\u00e7a res! El br\u00f2quil cont\u00e9 carbohidrats, prote\u00efnes, calci, ferro i una gran quantitat de vitamines del grup B, a m\u00e9s de vitamines K i A. Per ni no n\u2019hi hagu\u00e9s prou amb aix\u00f2, t\u00e9 poqu\u00edssimes calories. De veritat que desaprofitar\u00e0s res d\u2019aquesta meravella de la natura? Fins i tot en pots aprofitar les tiges per preparar una crema de\u00a0br\u00f2quil bon\u00edssima: sofregeix-les, juntament amb una ceba i un allet, amb un raig d\u2019oli d\u2019oliva verge extra. Quan estiguin toves, afegeix aigua, cou-les i, un cop llestes, tritura-les per obtenir una crema. Si vols aconseguir una mica de textura, pots tirar-hi un toc de nata l\u00edquida.<\/p>\n","protected":false},"excerpt":{"rendered":"<p>Del br\u00f2quil no se\u2019n llen\u00e7a res! El br\u00f2quil cont\u00e9 carbohidrats, prote\u00efnes, calci, ferro i una gran quantitat de vitamines del&#8230;<\/p>\n","protected":false},"author":2,"featured_media":2232,"comment_status":"open","ping_status":"open","sticky":false,"template":"","format":"standard","meta":{"_acf_changed":false,"footnotes":""},"categories":[2],"tags":[88,522,982,1767,1768,1771,1777,1782,1816,2023,2035,2383],"class_list":["post-3065","post","type-post","status-publish","format-standard","has-post-thumbnail","hentry","category-uncategorized-ca","tag-oli-doliva","tag-brocoli-ca","tag-aceite-de-oliva-virgen-extra-ca","tag-truc","tag-trucs","tag-sa","tag-consell","tag-gust","tag-consells","tag-oli-doliva-verge-extra","tag-verdures","tag-zero-waste"],"acf":[],"yoast_head":"<!-- This site is optimized with the Yoast SEO plugin v27.4 - https:\/\/yoast.com\/product\/yoast-seo-wordpress\/ -->\n<title>Prepara una crema de br\u00f2quil amb les tiges que sobren<\/title>\n<meta name=\"description\" content=\"De veritat que desaprofitar\u00e0s res d\u2019aquesta meravella de la natura? Fins i tot en pots aprofitar les tiges per preparar una crema de br\u00f2quil bon\u00edssima\" \/>\n<meta name=\"robots\" content=\"index, follow, max-snippet:-1, max-image-preview:large, max-video-preview:-1\" \/>\n<link rel=\"canonical\" href=\"https:\/\/borges.es\/ca\/blog\/crema-de-broquil\/\" \/>\n<meta property=\"og:locale\" content=\"ca_ES\" \/>\n<meta property=\"og:type\" content=\"article\" \/>\n<meta property=\"og:title\" content=\"Prepara una crema de br\u00f2quil amb les tiges que sobren\" \/>\n<meta property=\"og:description\" content=\"De veritat que desaprofitar\u00e0s res d\u2019aquesta meravella de la natura? Fins i tot en pots aprofitar les tiges per preparar una crema de br\u00f2quil bon\u00edssima\" \/>\n<meta property=\"og:url\" content=\"https:\/\/borges.es\/ca\/blog\/crema-de-broquil\/\" \/>\n<meta property=\"og:site_name\" content=\"Borges\" \/>\n<meta property=\"article:published_time\" content=\"2018-04-03T00:00:00+00:00\" \/>\n<meta property=\"article:modified_time\" content=\"2018-06-05T14:12:34+00:00\" \/>\n<meta property=\"og:image\" content=\"https:\/\/borges1896.com\/app\/uploads\/\/2018\/06\/WW.MI-TRUC-20180405.jpg\" \/>\n\t<meta property=\"og:image:width\" content=\"1688\" \/>\n\t<meta property=\"og:image:height\" content=\"1125\" \/>\n\t<meta property=\"og:image:type\" content=\"image\/jpeg\" \/>\n<meta name=\"author\" content=\"mortensen\" \/>\n<meta name=\"twitter:card\" content=\"summary_large_image\" \/>\n<meta name=\"twitter:label1\" content=\"Escrit per\" \/>\n\t<meta name=\"twitter:data1\" content=\"mortensen\" \/>\n\t<meta name=\"twitter:label2\" content=\"Temps estimat de lectura\" \/>\n\t<meta name=\"twitter:data2\" content=\"1 minut\" \/>\n<script type=\"application\/ld+json\" class=\"yoast-schema-graph\">{\"@context\":\"https:\\\/\\\/schema.org\",\"@graph\":[{\"@type\":\"Article\",\"@id\":\"https:\\\/\\\/borges.es\\\/ca\\\/blog\\\/crema-de-broquil\\\/#article\",\"isPartOf\":{\"@id\":\"https:\\\/\\\/borges.es\\\/ca\\\/blog\\\/crema-de-broquil\\\/\"},\"author\":{\"name\":\"mortensen\",\"@id\":\"https:\\\/\\\/borges.es\\\/ca\\\/#\\\/schema\\\/person\\\/f9ce1a648d852dd65f2508352b7f9a60\"},\"headline\":\"Prepara una crema de br\u00f2quil amb les tiges que sobren\",\"datePublished\":\"2018-04-03T00:00:00+00:00\",\"dateModified\":\"2018-06-05T14:12:34+00:00\",\"mainEntityOfPage\":{\"@id\":\"https:\\\/\\\/borges.es\\\/ca\\\/blog\\\/crema-de-broquil\\\/\"},\"wordCount\":136,\"commentCount\":0,\"image\":{\"@id\":\"https:\\\/\\\/borges.es\\\/ca\\\/blog\\\/crema-de-broquil\\\/#primaryimage\"},\"thumbnailUrl\":\"https:\\\/\\\/borges1896.com\\\/app\\\/uploads\\\/\\\/2018\\\/06\\\/WW.MI-TRUC-20180405.jpg\",\"keywords\":[\"Oli d'oliva\",\"br\u00f3coli\",\"aceite de oliva virgen extra\",\"truc\",\"trucs\",\"sa\",\"consell\",\"gust\",\"consells\",\"oli d'oliva verge extra\",\"verdures\",\"zero waste\"],\"articleSection\":[\"Uncategorized @ca\"],\"inLanguage\":\"ca\",\"potentialAction\":[{\"@type\":\"CommentAction\",\"name\":\"Comment\",\"target\":[\"https:\\\/\\\/borges.es\\\/ca\\\/blog\\\/crema-de-broquil\\\/#respond\"]}]},{\"@type\":\"WebPage\",\"@id\":\"https:\\\/\\\/borges.es\\\/ca\\\/blog\\\/crema-de-broquil\\\/\",\"url\":\"https:\\\/\\\/borges.es\\\/ca\\\/blog\\\/crema-de-broquil\\\/\",\"name\":\"Prepara una crema de br\u00f2quil amb les tiges que sobren\",\"isPartOf\":{\"@id\":\"https:\\\/\\\/borges.es\\\/ca\\\/#website\"},\"primaryImageOfPage\":{\"@id\":\"https:\\\/\\\/borges.es\\\/ca\\\/blog\\\/crema-de-broquil\\\/#primaryimage\"},\"image\":{\"@id\":\"https:\\\/\\\/borges.es\\\/ca\\\/blog\\\/crema-de-broquil\\\/#primaryimage\"},\"thumbnailUrl\":\"https:\\\/\\\/borges1896.com\\\/app\\\/uploads\\\/\\\/2018\\\/06\\\/WW.MI-TRUC-20180405.jpg\",\"datePublished\":\"2018-04-03T00:00:00+00:00\",\"dateModified\":\"2018-06-05T14:12:34+00:00\",\"author\":{\"@id\":\"https:\\\/\\\/borges.es\\\/ca\\\/#\\\/schema\\\/person\\\/f9ce1a648d852dd65f2508352b7f9a60\"},\"description\":\"De veritat que desaprofitar\u00e0s res d\u2019aquesta meravella de la natura? Fins i tot en pots aprofitar les tiges per preparar una crema de br\u00f2quil bon\u00edssima\",\"breadcrumb\":{\"@id\":\"https:\\\/\\\/borges.es\\\/ca\\\/blog\\\/crema-de-broquil\\\/#breadcrumb\"},\"inLanguage\":\"ca\",\"potentialAction\":[{\"@type\":\"ReadAction\",\"target\":[\"https:\\\/\\\/borges.es\\\/ca\\\/blog\\\/crema-de-broquil\\\/\"]}]},{\"@type\":\"ImageObject\",\"inLanguage\":\"ca\",\"@id\":\"https:\\\/\\\/borges.es\\\/ca\\\/blog\\\/crema-de-broquil\\\/#primaryimage\",\"url\":\"https:\\\/\\\/borges1896.com\\\/app\\\/uploads\\\/\\\/2018\\\/06\\\/WW.MI-TRUC-20180405.jpg\",\"contentUrl\":\"https:\\\/\\\/borges1896.com\\\/app\\\/uploads\\\/\\\/2018\\\/06\\\/WW.MI-TRUC-20180405.jpg\",\"width\":1688,\"height\":1125},{\"@type\":\"BreadcrumbList\",\"@id\":\"https:\\\/\\\/borges.es\\\/ca\\\/blog\\\/crema-de-broquil\\\/#breadcrumb\",\"itemListElement\":[{\"@type\":\"ListItem\",\"position\":1,\"name\":\"Home\",\"item\":\"https:\\\/\\\/borges.es\\\/ca\\\/\"},{\"@type\":\"ListItem\",\"position\":2,\"name\":\"Prepara una crema de br\u00f2quil amb les tiges que sobren\"}]},{\"@type\":\"WebSite\",\"@id\":\"https:\\\/\\\/borges.es\\\/ca\\\/#website\",\"url\":\"https:\\\/\\\/borges.es\\\/ca\\\/\",\"name\":\"Borges\",\"description\":\"Aqu\u00ed disfrutamos de la cocina saludable y sabrosa. \u00bfTe apuntas?\",\"inLanguage\":\"ca\"},{\"@type\":\"Person\",\"@id\":\"https:\\\/\\\/borges.es\\\/ca\\\/#\\\/schema\\\/person\\\/f9ce1a648d852dd65f2508352b7f9a60\",\"name\":\"mortensen\",\"image\":{\"@type\":\"ImageObject\",\"inLanguage\":\"ca\",\"@id\":\"https:\\\/\\\/secure.gravatar.com\\\/avatar\\\/dd2bd5aa753e679cd6f252540910ce11cd98c07228cac0664dcedefa61649290?s=96&d=mm&r=g\",\"url\":\"https:\\\/\\\/secure.gravatar.com\\\/avatar\\\/dd2bd5aa753e679cd6f252540910ce11cd98c07228cac0664dcedefa61649290?s=96&d=mm&r=g\",\"contentUrl\":\"https:\\\/\\\/secure.gravatar.com\\\/avatar\\\/dd2bd5aa753e679cd6f252540910ce11cd98c07228cac0664dcedefa61649290?s=96&d=mm&r=g\",\"caption\":\"mortensen\"},\"url\":\"https:\\\/\\\/borges.es\\\/ca\\\/blog\\\/author\\\/mortensen\\\/\"}]}<\/script>\n<!-- \/ Yoast SEO plugin. -->","yoast_head_json":{"title":"Prepara una crema de br\u00f2quil amb les tiges que sobren","description":"De veritat que desaprofitar\u00e0s res d\u2019aquesta meravella de la natura? Fins i tot en pots aprofitar les tiges per preparar una crema de br\u00f2quil bon\u00edssima","robots":{"index":"index","follow":"follow","max-snippet":"max-snippet:-1","max-image-preview":"max-image-preview:large","max-video-preview":"max-video-preview:-1"},"canonical":"https:\/\/borges.es\/ca\/blog\/crema-de-broquil\/","og_locale":"ca_ES","og_type":"article","og_title":"Prepara una crema de br\u00f2quil amb les tiges que sobren","og_description":"De veritat que desaprofitar\u00e0s res d\u2019aquesta meravella de la natura? Fins i tot en pots aprofitar les tiges per preparar una crema de br\u00f2quil bon\u00edssima","og_url":"https:\/\/borges.es\/ca\/blog\/crema-de-broquil\/","og_site_name":"Borges","article_published_time":"2018-04-03T00:00:00+00:00","article_modified_time":"2018-06-05T14:12:34+00:00","og_image":[{"width":1688,"height":1125,"url":"https:\/\/borges1896.com\/app\/uploads\/\/2018\/06\/WW.MI-TRUC-20180405.jpg","type":"image\/jpeg"}],"author":"mortensen","twitter_card":"summary_large_image","twitter_misc":{"Escrit per":"mortensen","Temps estimat de lectura":"1 minut"},"schema":{"@context":"https:\/\/schema.org","@graph":[{"@type":"Article","@id":"https:\/\/borges.es\/ca\/blog\/crema-de-broquil\/#article","isPartOf":{"@id":"https:\/\/borges.es\/ca\/blog\/crema-de-broquil\/"},"author":{"name":"mortensen","@id":"https:\/\/borges.es\/ca\/#\/schema\/person\/f9ce1a648d852dd65f2508352b7f9a60"},"headline":"Prepara una crema de br\u00f2quil amb les tiges que sobren","datePublished":"2018-04-03T00:00:00+00:00","dateModified":"2018-06-05T14:12:34+00:00","mainEntityOfPage":{"@id":"https:\/\/borges.es\/ca\/blog\/crema-de-broquil\/"},"wordCount":136,"commentCount":0,"image":{"@id":"https:\/\/borges.es\/ca\/blog\/crema-de-broquil\/#primaryimage"},"thumbnailUrl":"https:\/\/borges1896.com\/app\/uploads\/\/2018\/06\/WW.MI-TRUC-20180405.jpg","keywords":["Oli d'oliva","br\u00f3coli","aceite de oliva virgen extra","truc","trucs","sa","consell","gust","consells","oli d'oliva verge extra","verdures","zero waste"],"articleSection":["Uncategorized @ca"],"inLanguage":"ca","potentialAction":[{"@type":"CommentAction","name":"Comment","target":["https:\/\/borges.es\/ca\/blog\/crema-de-broquil\/#respond"]}]},{"@type":"WebPage","@id":"https:\/\/borges.es\/ca\/blog\/crema-de-broquil\/","url":"https:\/\/borges.es\/ca\/blog\/crema-de-broquil\/","name":"Prepara una crema de br\u00f2quil amb les tiges que sobren","isPartOf":{"@id":"https:\/\/borges.es\/ca\/#website"},"primaryImageOfPage":{"@id":"https:\/\/borges.es\/ca\/blog\/crema-de-broquil\/#primaryimage"},"image":{"@id":"https:\/\/borges.es\/ca\/blog\/crema-de-broquil\/#primaryimage"},"thumbnailUrl":"https:\/\/borges1896.com\/app\/uploads\/\/2018\/06\/WW.MI-TRUC-20180405.jpg","datePublished":"2018-04-03T00:00:00+00:00","dateModified":"2018-06-05T14:12:34+00:00","author":{"@id":"https:\/\/borges.es\/ca\/#\/schema\/person\/f9ce1a648d852dd65f2508352b7f9a60"},"description":"De veritat que desaprofitar\u00e0s res d\u2019aquesta meravella de la natura? Fins i tot en pots aprofitar les tiges per preparar una crema de br\u00f2quil bon\u00edssima","breadcrumb":{"@id":"https:\/\/borges.es\/ca\/blog\/crema-de-broquil\/#breadcrumb"},"inLanguage":"ca","potentialAction":[{"@type":"ReadAction","target":["https:\/\/borges.es\/ca\/blog\/crema-de-broquil\/"]}]},{"@type":"ImageObject","inLanguage":"ca","@id":"https:\/\/borges.es\/ca\/blog\/crema-de-broquil\/#primaryimage","url":"https:\/\/borges1896.com\/app\/uploads\/\/2018\/06\/WW.MI-TRUC-20180405.jpg","contentUrl":"https:\/\/borges1896.com\/app\/uploads\/\/2018\/06\/WW.MI-TRUC-20180405.jpg","width":1688,"height":1125},{"@type":"BreadcrumbList","@id":"https:\/\/borges.es\/ca\/blog\/crema-de-broquil\/#breadcrumb","itemListElement":[{"@type":"ListItem","position":1,"name":"Home","item":"https:\/\/borges.es\/ca\/"},{"@type":"ListItem","position":2,"name":"Prepara una crema de br\u00f2quil amb les tiges que sobren"}]},{"@type":"WebSite","@id":"https:\/\/borges.es\/ca\/#website","url":"https:\/\/borges.es\/ca\/","name":"Borges","description":"Aqu\u00ed disfrutamos de la cocina saludable y sabrosa. \u00bfTe apuntas?","inLanguage":"ca"},{"@type":"Person","@id":"https:\/\/borges.es\/ca\/#\/schema\/person\/f9ce1a648d852dd65f2508352b7f9a60","name":"mortensen","image":{"@type":"ImageObject","inLanguage":"ca","@id":"https:\/\/secure.gravatar.com\/avatar\/dd2bd5aa753e679cd6f252540910ce11cd98c07228cac0664dcedefa61649290?s=96&d=mm&r=g","url":"https:\/\/secure.gravatar.com\/avatar\/dd2bd5aa753e679cd6f252540910ce11cd98c07228cac0664dcedefa61649290?s=96&d=mm&r=g","contentUrl":"https:\/\/secure.gravatar.com\/avatar\/dd2bd5aa753e679cd6f252540910ce11cd98c07228cac0664dcedefa61649290?s=96&d=mm&r=g","caption":"mortensen"},"url":"https:\/\/borges.es\/ca\/blog\/author\/mortensen\/"}]}},"_links":{"self":[{"href":"https:\/\/borges.es\/ca\/wp-json\/wp\/v2\/posts\/3065","targetHints":{"allow":["GET"]}}],"collection":[{"href":"https:\/\/borges.es\/ca\/wp-json\/wp\/v2\/posts"}],"about":[{"href":"https:\/\/borges.es\/ca\/wp-json\/wp\/v2\/types\/post"}],"author":[{"embeddable":true,"href":"https:\/\/borges.es\/ca\/wp-json\/wp\/v2\/users\/2"}],"replies":[{"embeddable":true,"href":"https:\/\/borges.es\/ca\/wp-json\/wp\/v2\/comments?post=3065"}],"version-history":[{"count":1,"href":"https:\/\/borges.es\/ca\/wp-json\/wp\/v2\/posts\/3065\/revisions"}],"predecessor-version":[{"id":3102,"href":"https:\/\/borges.es\/ca\/wp-json\/wp\/v2\/posts\/3065\/revisions\/3102"}],"wp:featuredmedia":[{"embeddable":true,"href":"https:\/\/borges.es\/ca\/wp-json\/wp\/v2\/media\/2232"}],"wp:attachment":[{"href":"https:\/\/borges.es\/ca\/wp-json\/wp\/v2\/media?parent=3065"}],"wp:term":[{"taxonomy":"category","embeddable":true,"href":"https:\/\/borges.es\/ca\/wp-json\/wp\/v2\/categories?post=3065"},{"taxonomy":"post_tag","embeddable":true,"href":"https:\/\/borges.es\/ca\/wp-json\/wp\/v2\/tags?post=3065"}],"curies":[{"name":"wp","href":"https:\/\/api.w.org\/{rel}","templated":true}]}}