{"id":3079,"date":"2018-05-22T00:00:00","date_gmt":"2018-05-22T00:00:00","guid":{"rendered":"https:\/\/borges.es\/blog\/com-conservar-les-maduixes\/"},"modified":"2018-06-05T14:12:24","modified_gmt":"2018-06-05T14:12:24","slug":"com-conservar-les-maduixes","status":"publish","type":"post","link":"https:\/\/borges.es\/ca\/blog\/com-conservar-les-maduixes\/","title":{"rendered":"Com conservar les maduixes a la nevera perqu\u00e8 durin m\u00e9s"},"content":{"rendered":"<p><span lang=\"CA\">Col\u00b7loca les maduixes en un recipient pla i ample perqu\u00e8 hi hagi menys contacte entre elles. Despr\u00e9s cobreix-les amb paper film foradat i guarda-les a a nevera. Per apreciar millor el seu sabor, treu-les del frigor\u00edfic amb una hora d\u2019antelaci\u00f3 i, sobretot, no les facis a trossos ni en treguis la tija fins al moment de consumir-les. Ah! I no oblidis que les maduixes s\u00f3n de les poques fruites que es poden congelar: quan estiguin de temporada, aprofita per guardar-te un caprici per a l\u2019hivern. Pensa a rentar-les b\u00e9 i secar-les abans de ficar-les al congelador<\/span><\/p>\n","protected":false},"excerpt":{"rendered":"<p>Col\u00b7loca les maduixes en un recipient pla i ample perqu\u00e8 hi hagi menys contacte entre elles. Despr\u00e9s cobreix-les amb paper&#8230;<\/p>\n","protected":false},"author":2,"featured_media":2260,"comment_status":"open","ping_status":"open","sticky":false,"template":"","format":"standard","meta":{"_acf_changed":false,"footnotes":""},"categories":[2],"tags":[630,634,1767,1768,1777,1816,1899,2369,2414],"class_list":["post-3079","post","type-post","status-publish","format-standard","has-post-thumbnail","hentry","category-uncategorized-ca","tag-fresas-ca","tag-maduixes","tag-truc","tag-trucs","tag-consell","tag-consells","tag-fruita","tag-fruites","tag-maduixa"],"acf":[],"yoast_head":"<!-- This site is optimized with the Yoast SEO plugin v27.4 - https:\/\/yoast.com\/product\/yoast-seo-wordpress\/ -->\n<title>Com conservar les maduixes a la nevera perqu\u00e8 durin m\u00e9s - Borges<\/title>\n<meta name=\"robots\" content=\"index, follow, max-snippet:-1, max-image-preview:large, max-video-preview:-1\" \/>\n<link rel=\"canonical\" href=\"https:\/\/borges.es\/ca\/blog\/com-conservar-les-maduixes\/\" \/>\n<meta property=\"og:locale\" content=\"ca_ES\" \/>\n<meta property=\"og:type\" content=\"article\" \/>\n<meta property=\"og:title\" content=\"Com conservar les maduixes a la nevera perqu\u00e8 durin m\u00e9s - Borges\" \/>\n<meta property=\"og:description\" content=\"Col\u00b7loca les maduixes en un recipient pla i ample perqu\u00e8 hi hagi menys contacte entre elles. Despr\u00e9s cobreix-les amb paper...\" \/>\n<meta property=\"og:url\" content=\"https:\/\/borges.es\/ca\/blog\/com-conservar-les-maduixes\/\" \/>\n<meta property=\"og:site_name\" content=\"Borges\" \/>\n<meta property=\"article:published_time\" content=\"2018-05-22T00:00:00+00:00\" \/>\n<meta property=\"article:modified_time\" content=\"2018-06-05T14:12:24+00:00\" \/>\n<meta property=\"og:image\" content=\"https:\/\/borges1896.com\/app\/uploads\/\/2018\/06\/WW-MI-TRUC-20180524.jpg\" \/>\n\t<meta property=\"og:image:width\" content=\"1688\" \/>\n\t<meta property=\"og:image:height\" content=\"1126\" \/>\n\t<meta property=\"og:image:type\" content=\"image\/jpeg\" \/>\n<meta name=\"author\" content=\"mortensen\" \/>\n<meta name=\"twitter:card\" content=\"summary_large_image\" \/>\n<meta name=\"twitter:label1\" content=\"Escrit per\" \/>\n\t<meta name=\"twitter:data1\" content=\"mortensen\" \/>\n\t<meta name=\"twitter:label2\" content=\"Temps estimat de lectura\" \/>\n\t<meta name=\"twitter:data2\" content=\"1 minut\" \/>\n<script type=\"application\/ld+json\" class=\"yoast-schema-graph\">{\"@context\":\"https:\\\/\\\/schema.org\",\"@graph\":[{\"@type\":\"Article\",\"@id\":\"https:\\\/\\\/borges.es\\\/ca\\\/blog\\\/com-conservar-les-maduixes\\\/#article\",\"isPartOf\":{\"@id\":\"https:\\\/\\\/borges.es\\\/ca\\\/blog\\\/com-conservar-les-maduixes\\\/\"},\"author\":{\"name\":\"mortensen\",\"@id\":\"https:\\\/\\\/borges.es\\\/ca\\\/#\\\/schema\\\/person\\\/f9ce1a648d852dd65f2508352b7f9a60\"},\"headline\":\"Com conservar les maduixes a la nevera perqu\u00e8 durin m\u00e9s\",\"datePublished\":\"2018-05-22T00:00:00+00:00\",\"dateModified\":\"2018-06-05T14:12:24+00:00\",\"mainEntityOfPage\":{\"@id\":\"https:\\\/\\\/borges.es\\\/ca\\\/blog\\\/com-conservar-les-maduixes\\\/\"},\"wordCount\":113,\"commentCount\":0,\"image\":{\"@id\":\"https:\\\/\\\/borges.es\\\/ca\\\/blog\\\/com-conservar-les-maduixes\\\/#primaryimage\"},\"thumbnailUrl\":\"https:\\\/\\\/borges1896.com\\\/app\\\/uploads\\\/\\\/2018\\\/06\\\/WW-MI-TRUC-20180524.jpg\",\"keywords\":[\"fresas\",\"maduixes\",\"truc\",\"trucs\",\"consell\",\"consells\",\"fruita\",\"fruites\",\"maduixa\"],\"articleSection\":[\"Uncategorized @ca\"],\"inLanguage\":\"ca\",\"potentialAction\":[{\"@type\":\"CommentAction\",\"name\":\"Comment\",\"target\":[\"https:\\\/\\\/borges.es\\\/ca\\\/blog\\\/com-conservar-les-maduixes\\\/#respond\"]}]},{\"@type\":\"WebPage\",\"@id\":\"https:\\\/\\\/borges.es\\\/ca\\\/blog\\\/com-conservar-les-maduixes\\\/\",\"url\":\"https:\\\/\\\/borges.es\\\/ca\\\/blog\\\/com-conservar-les-maduixes\\\/\",\"name\":\"Com conservar les maduixes a la nevera perqu\u00e8 durin m\u00e9s - Borges\",\"isPartOf\":{\"@id\":\"https:\\\/\\\/borges.es\\\/ca\\\/#website\"},\"primaryImageOfPage\":{\"@id\":\"https:\\\/\\\/borges.es\\\/ca\\\/blog\\\/com-conservar-les-maduixes\\\/#primaryimage\"},\"image\":{\"@id\":\"https:\\\/\\\/borges.es\\\/ca\\\/blog\\\/com-conservar-les-maduixes\\\/#primaryimage\"},\"thumbnailUrl\":\"https:\\\/\\\/borges1896.com\\\/app\\\/uploads\\\/\\\/2018\\\/06\\\/WW-MI-TRUC-20180524.jpg\",\"datePublished\":\"2018-05-22T00:00:00+00:00\",\"dateModified\":\"2018-06-05T14:12:24+00:00\",\"author\":{\"@id\":\"https:\\\/\\\/borges.es\\\/ca\\\/#\\\/schema\\\/person\\\/f9ce1a648d852dd65f2508352b7f9a60\"},\"breadcrumb\":{\"@id\":\"https:\\\/\\\/borges.es\\\/ca\\\/blog\\\/com-conservar-les-maduixes\\\/#breadcrumb\"},\"inLanguage\":\"ca\",\"potentialAction\":[{\"@type\":\"ReadAction\",\"target\":[\"https:\\\/\\\/borges.es\\\/ca\\\/blog\\\/com-conservar-les-maduixes\\\/\"]}]},{\"@type\":\"ImageObject\",\"inLanguage\":\"ca\",\"@id\":\"https:\\\/\\\/borges.es\\\/ca\\\/blog\\\/com-conservar-les-maduixes\\\/#primaryimage\",\"url\":\"https:\\\/\\\/borges1896.com\\\/app\\\/uploads\\\/\\\/2018\\\/06\\\/WW-MI-TRUC-20180524.jpg\",\"contentUrl\":\"https:\\\/\\\/borges1896.com\\\/app\\\/uploads\\\/\\\/2018\\\/06\\\/WW-MI-TRUC-20180524.jpg\",\"width\":1688,\"height\":1126},{\"@type\":\"BreadcrumbList\",\"@id\":\"https:\\\/\\\/borges.es\\\/ca\\\/blog\\\/com-conservar-les-maduixes\\\/#breadcrumb\",\"itemListElement\":[{\"@type\":\"ListItem\",\"position\":1,\"name\":\"Home\",\"item\":\"https:\\\/\\\/borges.es\\\/ca\\\/\"},{\"@type\":\"ListItem\",\"position\":2,\"name\":\"Com conservar les maduixes a la nevera perqu\u00e8 durin m\u00e9s\"}]},{\"@type\":\"WebSite\",\"@id\":\"https:\\\/\\\/borges.es\\\/ca\\\/#website\",\"url\":\"https:\\\/\\\/borges.es\\\/ca\\\/\",\"name\":\"Borges\",\"description\":\"Aqu\u00ed disfrutamos de la cocina saludable y sabrosa. \u00bfTe apuntas?\",\"inLanguage\":\"ca\"},{\"@type\":\"Person\",\"@id\":\"https:\\\/\\\/borges.es\\\/ca\\\/#\\\/schema\\\/person\\\/f9ce1a648d852dd65f2508352b7f9a60\",\"name\":\"mortensen\",\"image\":{\"@type\":\"ImageObject\",\"inLanguage\":\"ca\",\"@id\":\"https:\\\/\\\/secure.gravatar.com\\\/avatar\\\/dd2bd5aa753e679cd6f252540910ce11cd98c07228cac0664dcedefa61649290?s=96&d=mm&r=g\",\"url\":\"https:\\\/\\\/secure.gravatar.com\\\/avatar\\\/dd2bd5aa753e679cd6f252540910ce11cd98c07228cac0664dcedefa61649290?s=96&d=mm&r=g\",\"contentUrl\":\"https:\\\/\\\/secure.gravatar.com\\\/avatar\\\/dd2bd5aa753e679cd6f252540910ce11cd98c07228cac0664dcedefa61649290?s=96&d=mm&r=g\",\"caption\":\"mortensen\"},\"url\":\"https:\\\/\\\/borges.es\\\/ca\\\/blog\\\/author\\\/mortensen\\\/\"}]}<\/script>\n<!-- \/ Yoast SEO plugin. -->","yoast_head_json":{"title":"Com conservar les maduixes a la nevera perqu\u00e8 durin m\u00e9s - Borges","robots":{"index":"index","follow":"follow","max-snippet":"max-snippet:-1","max-image-preview":"max-image-preview:large","max-video-preview":"max-video-preview:-1"},"canonical":"https:\/\/borges.es\/ca\/blog\/com-conservar-les-maduixes\/","og_locale":"ca_ES","og_type":"article","og_title":"Com conservar les maduixes a la nevera perqu\u00e8 durin m\u00e9s - Borges","og_description":"Col\u00b7loca les maduixes en un recipient pla i ample perqu\u00e8 hi hagi menys contacte entre elles. Despr\u00e9s cobreix-les amb paper...","og_url":"https:\/\/borges.es\/ca\/blog\/com-conservar-les-maduixes\/","og_site_name":"Borges","article_published_time":"2018-05-22T00:00:00+00:00","article_modified_time":"2018-06-05T14:12:24+00:00","og_image":[{"width":1688,"height":1126,"url":"https:\/\/borges1896.com\/app\/uploads\/\/2018\/06\/WW-MI-TRUC-20180524.jpg","type":"image\/jpeg"}],"author":"mortensen","twitter_card":"summary_large_image","twitter_misc":{"Escrit per":"mortensen","Temps estimat de lectura":"1 minut"},"schema":{"@context":"https:\/\/schema.org","@graph":[{"@type":"Article","@id":"https:\/\/borges.es\/ca\/blog\/com-conservar-les-maduixes\/#article","isPartOf":{"@id":"https:\/\/borges.es\/ca\/blog\/com-conservar-les-maduixes\/"},"author":{"name":"mortensen","@id":"https:\/\/borges.es\/ca\/#\/schema\/person\/f9ce1a648d852dd65f2508352b7f9a60"},"headline":"Com conservar les maduixes a la nevera perqu\u00e8 durin m\u00e9s","datePublished":"2018-05-22T00:00:00+00:00","dateModified":"2018-06-05T14:12:24+00:00","mainEntityOfPage":{"@id":"https:\/\/borges.es\/ca\/blog\/com-conservar-les-maduixes\/"},"wordCount":113,"commentCount":0,"image":{"@id":"https:\/\/borges.es\/ca\/blog\/com-conservar-les-maduixes\/#primaryimage"},"thumbnailUrl":"https:\/\/borges1896.com\/app\/uploads\/\/2018\/06\/WW-MI-TRUC-20180524.jpg","keywords":["fresas","maduixes","truc","trucs","consell","consells","fruita","fruites","maduixa"],"articleSection":["Uncategorized @ca"],"inLanguage":"ca","potentialAction":[{"@type":"CommentAction","name":"Comment","target":["https:\/\/borges.es\/ca\/blog\/com-conservar-les-maduixes\/#respond"]}]},{"@type":"WebPage","@id":"https:\/\/borges.es\/ca\/blog\/com-conservar-les-maduixes\/","url":"https:\/\/borges.es\/ca\/blog\/com-conservar-les-maduixes\/","name":"Com conservar les maduixes a la nevera perqu\u00e8 durin m\u00e9s - Borges","isPartOf":{"@id":"https:\/\/borges.es\/ca\/#website"},"primaryImageOfPage":{"@id":"https:\/\/borges.es\/ca\/blog\/com-conservar-les-maduixes\/#primaryimage"},"image":{"@id":"https:\/\/borges.es\/ca\/blog\/com-conservar-les-maduixes\/#primaryimage"},"thumbnailUrl":"https:\/\/borges1896.com\/app\/uploads\/\/2018\/06\/WW-MI-TRUC-20180524.jpg","datePublished":"2018-05-22T00:00:00+00:00","dateModified":"2018-06-05T14:12:24+00:00","author":{"@id":"https:\/\/borges.es\/ca\/#\/schema\/person\/f9ce1a648d852dd65f2508352b7f9a60"},"breadcrumb":{"@id":"https:\/\/borges.es\/ca\/blog\/com-conservar-les-maduixes\/#breadcrumb"},"inLanguage":"ca","potentialAction":[{"@type":"ReadAction","target":["https:\/\/borges.es\/ca\/blog\/com-conservar-les-maduixes\/"]}]},{"@type":"ImageObject","inLanguage":"ca","@id":"https:\/\/borges.es\/ca\/blog\/com-conservar-les-maduixes\/#primaryimage","url":"https:\/\/borges1896.com\/app\/uploads\/\/2018\/06\/WW-MI-TRUC-20180524.jpg","contentUrl":"https:\/\/borges1896.com\/app\/uploads\/\/2018\/06\/WW-MI-TRUC-20180524.jpg","width":1688,"height":1126},{"@type":"BreadcrumbList","@id":"https:\/\/borges.es\/ca\/blog\/com-conservar-les-maduixes\/#breadcrumb","itemListElement":[{"@type":"ListItem","position":1,"name":"Home","item":"https:\/\/borges.es\/ca\/"},{"@type":"ListItem","position":2,"name":"Com conservar les maduixes a la nevera perqu\u00e8 durin m\u00e9s"}]},{"@type":"WebSite","@id":"https:\/\/borges.es\/ca\/#website","url":"https:\/\/borges.es\/ca\/","name":"Borges","description":"Aqu\u00ed disfrutamos de la cocina saludable y sabrosa. \u00bfTe apuntas?","inLanguage":"ca"},{"@type":"Person","@id":"https:\/\/borges.es\/ca\/#\/schema\/person\/f9ce1a648d852dd65f2508352b7f9a60","name":"mortensen","image":{"@type":"ImageObject","inLanguage":"ca","@id":"https:\/\/secure.gravatar.com\/avatar\/dd2bd5aa753e679cd6f252540910ce11cd98c07228cac0664dcedefa61649290?s=96&d=mm&r=g","url":"https:\/\/secure.gravatar.com\/avatar\/dd2bd5aa753e679cd6f252540910ce11cd98c07228cac0664dcedefa61649290?s=96&d=mm&r=g","contentUrl":"https:\/\/secure.gravatar.com\/avatar\/dd2bd5aa753e679cd6f252540910ce11cd98c07228cac0664dcedefa61649290?s=96&d=mm&r=g","caption":"mortensen"},"url":"https:\/\/borges.es\/ca\/blog\/author\/mortensen\/"}]}},"_links":{"self":[{"href":"https:\/\/borges.es\/ca\/wp-json\/wp\/v2\/posts\/3079","targetHints":{"allow":["GET"]}}],"collection":[{"href":"https:\/\/borges.es\/ca\/wp-json\/wp\/v2\/posts"}],"about":[{"href":"https:\/\/borges.es\/ca\/wp-json\/wp\/v2\/types\/post"}],"author":[{"embeddable":true,"href":"https:\/\/borges.es\/ca\/wp-json\/wp\/v2\/users\/2"}],"replies":[{"embeddable":true,"href":"https:\/\/borges.es\/ca\/wp-json\/wp\/v2\/comments?post=3079"}],"version-history":[{"count":1,"href":"https:\/\/borges.es\/ca\/wp-json\/wp\/v2\/posts\/3079\/revisions"}],"predecessor-version":[{"id":3085,"href":"https:\/\/borges.es\/ca\/wp-json\/wp\/v2\/posts\/3079\/revisions\/3085"}],"wp:featuredmedia":[{"embeddable":true,"href":"https:\/\/borges.es\/ca\/wp-json\/wp\/v2\/media\/2260"}],"wp:attachment":[{"href":"https:\/\/borges.es\/ca\/wp-json\/wp\/v2\/media?parent=3079"}],"wp:term":[{"taxonomy":"category","embeddable":true,"href":"https:\/\/borges.es\/ca\/wp-json\/wp\/v2\/categories?post=3079"},{"taxonomy":"post_tag","embeddable":true,"href":"https:\/\/borges.es\/ca\/wp-json\/wp\/v2\/tags?post=3079"}],"curies":[{"name":"wp","href":"https:\/\/api.w.org\/{rel}","templated":true}]}}