{"id":3600,"date":"2018-06-25T14:42:33","date_gmt":"2018-06-25T14:42:33","guid":{"rendered":"https:\/\/borges.es\/?p=3600"},"modified":"2018-06-25T14:42:33","modified_gmt":"2018-06-25T14:42:33","slug":"amanides-amb-crema-balsamica","status":"publish","type":"post","link":"https:\/\/borges.es\/ca\/blog\/amanides-amb-crema-balsamica\/","title":{"rendered":"Com decorar les teves amanides d\u2019estiu amb crema bals\u00e0mica."},"content":{"rendered":"<p>Ja est\u00e0s avorrit de les amanides? No saps com donar-hi un toc? \u00c9s que de vegades, sobretot a l\u2019estiu, en consumim tantes que ens sembla que cada dia mengem el mateix. Ara b\u00e9, amb alguns trucs i una mica de fantasia, fins i tot l\u2019enciam m\u00e9s ensopit ens podr\u00e0 tornar a semblar la mar de delici\u00f3s.<\/p>\n<p><span style=\"color: #ff0000;\"><strong style=\"font-size: 1rem;\">1. Crema bals\u00e0mica de M\u00f2dena.\u00a0<\/strong><\/span><span style=\"font-size: 1rem;\"><span style=\"color: #000000;\">El<\/span> vols refrescar? Vols acompanyar un filet de llu\u00e7 o un peix espasa a la planxa? Una amanida de taronges, ruca, pinyons i crema de vinagre bals\u00e0mic \u00e9s ideal. Si la prepares abans i la deixes un parell d\u2019hores a la nevera sense amanir, a l\u2019hora de dinar estar\u00e0 perfecta.<\/span><\/p>\n<p><span style=\"color: #ff0000;\"><strong style=\"font-size: 1rem;\">2. Crema bals\u00e0mica de gerds.\u00a0<\/strong><\/span><span style=\"font-size: 1rem;\">Saps la t\u00edpica amanida trista amb espinacs i un tros de pollastre ensopit? Si hi afegeixes mango, uns tom\u00e0quets<\/span><em style=\"font-size: 1rem;\">cherry<\/em><span style=\"font-size: 1rem;\">i unes perletes de <\/span><em style=\"font-size: 1rem;\">mozzarella<\/em><span style=\"font-size: 1rem;\">y la condimentes amb crema bals\u00e0mica de gerds, ja veur\u00e0s quin canvi.<\/span><\/p>\n<p><strong style=\"font-size: 1rem;\"><span style=\"color: #ff0000;\">3. Crema bals\u00e0mica de poma.<\/span>\u00a0<\/strong><span style=\"font-size: 1rem;\">No t\u2019ho podem posar m\u00e9s f\u00e0cil. Cogombre, formatge tipus <\/span><em style=\"font-size: 1rem;\">feta<\/em><span style=\"font-size: 1rem;\">, canonges, nous o pipes al teu gust&#8230; i mel\u00f3, una estrella de la temporada. Tamb\u00e9 hi pots afegir gall dindi, tom\u00e0quets i olives, per\u00f2 ens agrada m\u00e9s la versi\u00f3 <\/span><em style=\"font-size: 1rem;\">light<\/em><span style=\"font-size: 1rem;\">. Un bon raig de crema bals\u00e0mica de poma i llestos. Un dinar (o sopar) lleuger i delici\u00f3s.<\/span><\/p>\n<p><span style=\"color: #ff0000;\"><strong style=\"font-size: 1rem;\">4. Crema bals\u00e0mica Pedro Xim\u00e9nez.\u00a0<\/strong><\/span><span style=\"font-size: 1rem;\">Tan sols necessitar\u00e0s quatre ingredients: brots tendres, formatge de cabra, anxoves i crema bals\u00e0mica Pedro Xim\u00e9nez. Posa els brots en un bol, torra el formatge de cabra durant un parell de minuts a la paella i posa els disquets damunt dels brots. Completa amb les anxoves i amb la crema bals\u00e0mica. Si vols donar-hi un toc cruixent i original t\u2019aconsellem afegir pipes i crostons.<\/span><\/p>\n","protected":false},"excerpt":{"rendered":"<p>Ja est\u00e0s avorrit de les amanides? No saps com donar-hi un toc? \u00c9s que de vegades, sobretot a l\u2019estiu, en&#8230;<\/p>\n","protected":false},"author":63,"featured_media":3598,"comment_status":"open","ping_status":"closed","sticky":false,"template":"","format":"standard","meta":{"_acf_changed":false,"footnotes":""},"categories":[2],"tags":[645,647,648,941,1010,1112,1258,1885,1888,2213,2457,2459],"class_list":["post-3600","post","type-post","status-publish","format-standard","has-post-thumbnail","hentry","category-uncategorized-ca","tag-manzana-ca","tag-amanida","tag-poma","tag-ensalada-ca","tag-saludable","tag-crema-balsamica","tag-modena","tag-amanides","tag-estiu","tag-cremes-balsamiques","tag-pedro-ximenez","tag-gerds"],"acf":[],"yoast_head":"<!-- This site is optimized with the Yoast SEO plugin v27.4 - https:\/\/yoast.com\/product\/yoast-seo-wordpress\/ -->\n<title>Com decorar les teves amanides d\u2019estiu amb crema bals\u00e0mica. - Borges<\/title>\n<meta name=\"robots\" content=\"index, follow, max-snippet:-1, max-image-preview:large, max-video-preview:-1\" \/>\n<link rel=\"canonical\" href=\"https:\/\/borges.es\/ca\/blog\/amanides-amb-crema-balsamica\/\" \/>\n<meta property=\"og:locale\" content=\"ca_ES\" \/>\n<meta property=\"og:type\" content=\"article\" \/>\n<meta property=\"og:title\" content=\"Com decorar les teves amanides d\u2019estiu amb crema bals\u00e0mica. - Borges\" \/>\n<meta property=\"og:description\" content=\"Ja est\u00e0s avorrit de les amanides? No saps com donar-hi un toc? \u00c9s que de vegades, sobretot a l\u2019estiu, en...\" \/>\n<meta property=\"og:url\" content=\"https:\/\/borges.es\/ca\/blog\/amanides-amb-crema-balsamica\/\" \/>\n<meta property=\"og:site_name\" content=\"Borges\" \/>\n<meta property=\"article:published_time\" content=\"2018-06-25T14:42:33+00:00\" \/>\n<meta property=\"og:image\" content=\"https:\/\/borges1896.com\/app\/uploads\/\/2018\/06\/MI-POST-20180627-ALTA-prd.jpg\" \/>\n\t<meta property=\"og:image:width\" content=\"1417\" \/>\n\t<meta property=\"og:image:height\" content=\"945\" \/>\n\t<meta property=\"og:image:type\" content=\"image\/jpeg\" \/>\n<meta name=\"author\" content=\"S\u00edlvia Serra\" \/>\n<meta name=\"twitter:card\" content=\"summary_large_image\" \/>\n<meta name=\"twitter:creator\" content=\"@mortensen\" \/>\n<meta name=\"twitter:label1\" content=\"Escrit per\" \/>\n\t<meta name=\"twitter:data1\" content=\"S\u00edlvia Serra\" \/>\n\t<meta name=\"twitter:label2\" content=\"Temps estimat de lectura\" \/>\n\t<meta name=\"twitter:data2\" content=\"2 minuts\" \/>\n<script type=\"application\/ld+json\" class=\"yoast-schema-graph\">{\"@context\":\"https:\\\/\\\/schema.org\",\"@graph\":[{\"@type\":\"Article\",\"@id\":\"https:\\\/\\\/borges.es\\\/ca\\\/blog\\\/amanides-amb-crema-balsamica\\\/#article\",\"isPartOf\":{\"@id\":\"https:\\\/\\\/borges.es\\\/ca\\\/blog\\\/amanides-amb-crema-balsamica\\\/\"},\"author\":{\"name\":\"S\u00edlvia Serra\",\"@id\":\"https:\\\/\\\/borges.es\\\/ca\\\/#\\\/schema\\\/person\\\/4d4336303ff947bb61578b6173db1cb3\"},\"headline\":\"Com decorar les teves amanides d\u2019estiu amb crema bals\u00e0mica.\",\"datePublished\":\"2018-06-25T14:42:33+00:00\",\"mainEntityOfPage\":{\"@id\":\"https:\\\/\\\/borges.es\\\/ca\\\/blog\\\/amanides-amb-crema-balsamica\\\/\"},\"wordCount\":321,\"commentCount\":0,\"image\":{\"@id\":\"https:\\\/\\\/borges.es\\\/ca\\\/blog\\\/amanides-amb-crema-balsamica\\\/#primaryimage\"},\"thumbnailUrl\":\"https:\\\/\\\/borges1896.com\\\/app\\\/uploads\\\/\\\/2018\\\/06\\\/MI-POST-20180627-ALTA-prd.jpg\",\"keywords\":[\"manzana\",\"amanida\",\"poma\",\"ensalada\",\"saludable\",\"crema bals\u00e1mica\",\"modena\",\"amanides\",\"estiu\",\"cremes bals\u00e0miques\",\"Pedro Xim\u00e9nez\",\"gerds\"],\"articleSection\":[\"Uncategorized @ca\"],\"inLanguage\":\"ca\",\"potentialAction\":[{\"@type\":\"CommentAction\",\"name\":\"Comment\",\"target\":[\"https:\\\/\\\/borges.es\\\/ca\\\/blog\\\/amanides-amb-crema-balsamica\\\/#respond\"]}]},{\"@type\":\"WebPage\",\"@id\":\"https:\\\/\\\/borges.es\\\/ca\\\/blog\\\/amanides-amb-crema-balsamica\\\/\",\"url\":\"https:\\\/\\\/borges.es\\\/ca\\\/blog\\\/amanides-amb-crema-balsamica\\\/\",\"name\":\"Com decorar les teves amanides d\u2019estiu amb crema bals\u00e0mica. - Borges\",\"isPartOf\":{\"@id\":\"https:\\\/\\\/borges.es\\\/ca\\\/#website\"},\"primaryImageOfPage\":{\"@id\":\"https:\\\/\\\/borges.es\\\/ca\\\/blog\\\/amanides-amb-crema-balsamica\\\/#primaryimage\"},\"image\":{\"@id\":\"https:\\\/\\\/borges.es\\\/ca\\\/blog\\\/amanides-amb-crema-balsamica\\\/#primaryimage\"},\"thumbnailUrl\":\"https:\\\/\\\/borges1896.com\\\/app\\\/uploads\\\/\\\/2018\\\/06\\\/MI-POST-20180627-ALTA-prd.jpg\",\"datePublished\":\"2018-06-25T14:42:33+00:00\",\"author\":{\"@id\":\"https:\\\/\\\/borges.es\\\/ca\\\/#\\\/schema\\\/person\\\/4d4336303ff947bb61578b6173db1cb3\"},\"breadcrumb\":{\"@id\":\"https:\\\/\\\/borges.es\\\/ca\\\/blog\\\/amanides-amb-crema-balsamica\\\/#breadcrumb\"},\"inLanguage\":\"ca\",\"potentialAction\":[{\"@type\":\"ReadAction\",\"target\":[\"https:\\\/\\\/borges.es\\\/ca\\\/blog\\\/amanides-amb-crema-balsamica\\\/\"]}]},{\"@type\":\"ImageObject\",\"inLanguage\":\"ca\",\"@id\":\"https:\\\/\\\/borges.es\\\/ca\\\/blog\\\/amanides-amb-crema-balsamica\\\/#primaryimage\",\"url\":\"https:\\\/\\\/borges1896.com\\\/app\\\/uploads\\\/\\\/2018\\\/06\\\/MI-POST-20180627-ALTA-prd.jpg\",\"contentUrl\":\"https:\\\/\\\/borges1896.com\\\/app\\\/uploads\\\/\\\/2018\\\/06\\\/MI-POST-20180627-ALTA-prd.jpg\",\"width\":1417,\"height\":945,\"caption\":\"Borges - Crema balsamica\"},{\"@type\":\"BreadcrumbList\",\"@id\":\"https:\\\/\\\/borges.es\\\/ca\\\/blog\\\/amanides-amb-crema-balsamica\\\/#breadcrumb\",\"itemListElement\":[{\"@type\":\"ListItem\",\"position\":1,\"name\":\"Home\",\"item\":\"https:\\\/\\\/borges.es\\\/ca\\\/\"},{\"@type\":\"ListItem\",\"position\":2,\"name\":\"Com decorar les teves amanides d\u2019estiu amb crema bals\u00e0mica.\"}]},{\"@type\":\"WebSite\",\"@id\":\"https:\\\/\\\/borges.es\\\/ca\\\/#website\",\"url\":\"https:\\\/\\\/borges.es\\\/ca\\\/\",\"name\":\"Borges\",\"description\":\"Aqu\u00ed disfrutamos de la cocina saludable y sabrosa. \u00bfTe apuntas?\",\"inLanguage\":\"ca\"},{\"@type\":\"Person\",\"@id\":\"https:\\\/\\\/borges.es\\\/ca\\\/#\\\/schema\\\/person\\\/4d4336303ff947bb61578b6173db1cb3\",\"name\":\"S\u00edlvia Serra\",\"image\":{\"@type\":\"ImageObject\",\"inLanguage\":\"ca\",\"@id\":\"https:\\\/\\\/secure.gravatar.com\\\/avatar\\\/34074626096365f59765ad518fb0221300ade7a2b5a585b878a1aec5d37810e3?s=96&d=mm&r=g\",\"url\":\"https:\\\/\\\/secure.gravatar.com\\\/avatar\\\/34074626096365f59765ad518fb0221300ade7a2b5a585b878a1aec5d37810e3?s=96&d=mm&r=g\",\"contentUrl\":\"https:\\\/\\\/secure.gravatar.com\\\/avatar\\\/34074626096365f59765ad518fb0221300ade7a2b5a585b878a1aec5d37810e3?s=96&d=mm&r=g\",\"caption\":\"S\u00edlvia Serra\"},\"sameAs\":[\"https:\\\/\\\/x.com\\\/mortensen\"],\"url\":\"https:\\\/\\\/borges.es\\\/ca\\\/blog\\\/author\\\/silvia-serra\\\/\"}]}<\/script>\n<!-- \/ Yoast SEO plugin. -->","yoast_head_json":{"title":"Com decorar les teves amanides d\u2019estiu amb crema bals\u00e0mica. - Borges","robots":{"index":"index","follow":"follow","max-snippet":"max-snippet:-1","max-image-preview":"max-image-preview:large","max-video-preview":"max-video-preview:-1"},"canonical":"https:\/\/borges.es\/ca\/blog\/amanides-amb-crema-balsamica\/","og_locale":"ca_ES","og_type":"article","og_title":"Com decorar les teves amanides d\u2019estiu amb crema bals\u00e0mica. - Borges","og_description":"Ja est\u00e0s avorrit de les amanides? No saps com donar-hi un toc? \u00c9s que de vegades, sobretot a l\u2019estiu, en...","og_url":"https:\/\/borges.es\/ca\/blog\/amanides-amb-crema-balsamica\/","og_site_name":"Borges","article_published_time":"2018-06-25T14:42:33+00:00","og_image":[{"width":1417,"height":945,"url":"https:\/\/borges1896.com\/app\/uploads\/\/2018\/06\/MI-POST-20180627-ALTA-prd.jpg","type":"image\/jpeg"}],"author":"S\u00edlvia Serra","twitter_card":"summary_large_image","twitter_creator":"@mortensen","twitter_misc":{"Escrit per":"S\u00edlvia Serra","Temps estimat de lectura":"2 minuts"},"schema":{"@context":"https:\/\/schema.org","@graph":[{"@type":"Article","@id":"https:\/\/borges.es\/ca\/blog\/amanides-amb-crema-balsamica\/#article","isPartOf":{"@id":"https:\/\/borges.es\/ca\/blog\/amanides-amb-crema-balsamica\/"},"author":{"name":"S\u00edlvia Serra","@id":"https:\/\/borges.es\/ca\/#\/schema\/person\/4d4336303ff947bb61578b6173db1cb3"},"headline":"Com decorar les teves amanides d\u2019estiu amb crema bals\u00e0mica.","datePublished":"2018-06-25T14:42:33+00:00","mainEntityOfPage":{"@id":"https:\/\/borges.es\/ca\/blog\/amanides-amb-crema-balsamica\/"},"wordCount":321,"commentCount":0,"image":{"@id":"https:\/\/borges.es\/ca\/blog\/amanides-amb-crema-balsamica\/#primaryimage"},"thumbnailUrl":"https:\/\/borges1896.com\/app\/uploads\/\/2018\/06\/MI-POST-20180627-ALTA-prd.jpg","keywords":["manzana","amanida","poma","ensalada","saludable","crema bals\u00e1mica","modena","amanides","estiu","cremes bals\u00e0miques","Pedro Xim\u00e9nez","gerds"],"articleSection":["Uncategorized @ca"],"inLanguage":"ca","potentialAction":[{"@type":"CommentAction","name":"Comment","target":["https:\/\/borges.es\/ca\/blog\/amanides-amb-crema-balsamica\/#respond"]}]},{"@type":"WebPage","@id":"https:\/\/borges.es\/ca\/blog\/amanides-amb-crema-balsamica\/","url":"https:\/\/borges.es\/ca\/blog\/amanides-amb-crema-balsamica\/","name":"Com decorar les teves amanides d\u2019estiu amb crema bals\u00e0mica. - Borges","isPartOf":{"@id":"https:\/\/borges.es\/ca\/#website"},"primaryImageOfPage":{"@id":"https:\/\/borges.es\/ca\/blog\/amanides-amb-crema-balsamica\/#primaryimage"},"image":{"@id":"https:\/\/borges.es\/ca\/blog\/amanides-amb-crema-balsamica\/#primaryimage"},"thumbnailUrl":"https:\/\/borges1896.com\/app\/uploads\/\/2018\/06\/MI-POST-20180627-ALTA-prd.jpg","datePublished":"2018-06-25T14:42:33+00:00","author":{"@id":"https:\/\/borges.es\/ca\/#\/schema\/person\/4d4336303ff947bb61578b6173db1cb3"},"breadcrumb":{"@id":"https:\/\/borges.es\/ca\/blog\/amanides-amb-crema-balsamica\/#breadcrumb"},"inLanguage":"ca","potentialAction":[{"@type":"ReadAction","target":["https:\/\/borges.es\/ca\/blog\/amanides-amb-crema-balsamica\/"]}]},{"@type":"ImageObject","inLanguage":"ca","@id":"https:\/\/borges.es\/ca\/blog\/amanides-amb-crema-balsamica\/#primaryimage","url":"https:\/\/borges1896.com\/app\/uploads\/\/2018\/06\/MI-POST-20180627-ALTA-prd.jpg","contentUrl":"https:\/\/borges1896.com\/app\/uploads\/\/2018\/06\/MI-POST-20180627-ALTA-prd.jpg","width":1417,"height":945,"caption":"Borges - Crema balsamica"},{"@type":"BreadcrumbList","@id":"https:\/\/borges.es\/ca\/blog\/amanides-amb-crema-balsamica\/#breadcrumb","itemListElement":[{"@type":"ListItem","position":1,"name":"Home","item":"https:\/\/borges.es\/ca\/"},{"@type":"ListItem","position":2,"name":"Com decorar les teves amanides d\u2019estiu amb crema bals\u00e0mica."}]},{"@type":"WebSite","@id":"https:\/\/borges.es\/ca\/#website","url":"https:\/\/borges.es\/ca\/","name":"Borges","description":"Aqu\u00ed disfrutamos de la cocina saludable y sabrosa. \u00bfTe apuntas?","inLanguage":"ca"},{"@type":"Person","@id":"https:\/\/borges.es\/ca\/#\/schema\/person\/4d4336303ff947bb61578b6173db1cb3","name":"S\u00edlvia Serra","image":{"@type":"ImageObject","inLanguage":"ca","@id":"https:\/\/secure.gravatar.com\/avatar\/34074626096365f59765ad518fb0221300ade7a2b5a585b878a1aec5d37810e3?s=96&d=mm&r=g","url":"https:\/\/secure.gravatar.com\/avatar\/34074626096365f59765ad518fb0221300ade7a2b5a585b878a1aec5d37810e3?s=96&d=mm&r=g","contentUrl":"https:\/\/secure.gravatar.com\/avatar\/34074626096365f59765ad518fb0221300ade7a2b5a585b878a1aec5d37810e3?s=96&d=mm&r=g","caption":"S\u00edlvia Serra"},"sameAs":["https:\/\/x.com\/mortensen"],"url":"https:\/\/borges.es\/ca\/blog\/author\/silvia-serra\/"}]}},"_links":{"self":[{"href":"https:\/\/borges.es\/ca\/wp-json\/wp\/v2\/posts\/3600","targetHints":{"allow":["GET"]}}],"collection":[{"href":"https:\/\/borges.es\/ca\/wp-json\/wp\/v2\/posts"}],"about":[{"href":"https:\/\/borges.es\/ca\/wp-json\/wp\/v2\/types\/post"}],"author":[{"embeddable":true,"href":"https:\/\/borges.es\/ca\/wp-json\/wp\/v2\/users\/63"}],"replies":[{"embeddable":true,"href":"https:\/\/borges.es\/ca\/wp-json\/wp\/v2\/comments?post=3600"}],"version-history":[{"count":1,"href":"https:\/\/borges.es\/ca\/wp-json\/wp\/v2\/posts\/3600\/revisions"}],"predecessor-version":[{"id":3601,"href":"https:\/\/borges.es\/ca\/wp-json\/wp\/v2\/posts\/3600\/revisions\/3601"}],"wp:featuredmedia":[{"embeddable":true,"href":"https:\/\/borges.es\/ca\/wp-json\/wp\/v2\/media\/3598"}],"wp:attachment":[{"href":"https:\/\/borges.es\/ca\/wp-json\/wp\/v2\/media?parent=3600"}],"wp:term":[{"taxonomy":"category","embeddable":true,"href":"https:\/\/borges.es\/ca\/wp-json\/wp\/v2\/categories?post=3600"},{"taxonomy":"post_tag","embeddable":true,"href":"https:\/\/borges.es\/ca\/wp-json\/wp\/v2\/tags?post=3600"}],"curies":[{"name":"wp","href":"https:\/\/api.w.org\/{rel}","templated":true}]}}