{"id":3703,"date":"2018-07-17T11:30:07","date_gmt":"2018-07-17T11:30:07","guid":{"rendered":"https:\/\/borges.es\/?p=3703"},"modified":"2018-07-17T11:30:07","modified_gmt":"2018-07-17T11:30:07","slug":"varietats-de-la-poma","status":"publish","type":"post","link":"https:\/\/borges.es\/ca\/blog\/varietats-de-la-poma\/","title":{"rendered":"Coneixes totes les varietats de la poma?"},"content":{"rendered":"<p>Comencem per la varietat m\u00e9s dol\u00e7a, la Fuji: el seu color \u00e9s rogenc, amb estries que deixen entreveure el verd i el groc. De textura fina i cruixent, hi ha qui diu que el seu sabor s\u2019assembla al de la mel. La coneguda com a Gala \u00e9s id\u00f2nia per a fer rebosteria, per la seva dol\u00e7or suau i la seva textura ferma i cruixent. La Golden, per la seva banda, \u00e9s una de les m\u00e9s conegudes, ja que darrere la pell llisa i daurada amaga una textura sucosa; \u00e9s ideal per a menjar-la en cru o per a fer una delici\u00f3s past\u00eds de poma. La varietat Red Delicious destaca pel seu color vermell vist\u00f3s, amb un sabor entre dol\u00e7 i \u00e0cid, i es la m\u00e9s habitual en amanides. I encara m\u00e9s: el sabor m\u00e9s aviat \u00e0cid de la Pink Lady \u00e9s perfecte per a menjar-la en cru; el seu color \u00e9s rosat, i la seva textura, molt cruixent. Acabem amb la m\u00e9s \u00e0cida: la Granny Smith, d\u2019un color verd molt potent i brillant i que s\u2019acostuma a fer servir per a aportar una mica de frescor a diferents plats.<\/p>\n","protected":false},"excerpt":{"rendered":"<p>Comencem per la varietat m\u00e9s dol\u00e7a, la Fuji: el seu color \u00e9s rogenc, amb estries que deixen entreveure el verd&#8230;<\/p>\n","protected":false},"author":63,"featured_media":3701,"comment_status":"open","ping_status":"closed","sticky":false,"template":"","format":"standard","meta":{"_acf_changed":false,"footnotes":""},"categories":[2],"tags":[645,648,773,775,1767,1768,1777,1816,2125],"class_list":["post-3703","post","type-post","status-publish","format-standard","has-post-thumbnail","hentry","category-uncategorized-ca","tag-manzana-ca","tag-poma","tag-manzanas-ca","tag-pomes","tag-truc","tag-trucs","tag-consell","tag-consells","tag-varietats"],"acf":[],"yoast_head":"<!-- This site is optimized with the Yoast SEO plugin v27.4 - https:\/\/yoast.com\/product\/yoast-seo-wordpress\/ -->\n<title>Coneixes totes les varietats de la poma? - Borges<\/title>\n<meta name=\"robots\" content=\"index, follow, max-snippet:-1, max-image-preview:large, max-video-preview:-1\" \/>\n<link rel=\"canonical\" href=\"https:\/\/borges.es\/ca\/blog\/varietats-de-la-poma\/\" \/>\n<meta property=\"og:locale\" content=\"ca_ES\" \/>\n<meta property=\"og:type\" content=\"article\" \/>\n<meta property=\"og:title\" content=\"Coneixes totes les varietats de la poma? - Borges\" \/>\n<meta property=\"og:description\" content=\"Comencem per la varietat m\u00e9s dol\u00e7a, la Fuji: el seu color \u00e9s rogenc, amb estries que deixen entreveure el verd...\" \/>\n<meta property=\"og:url\" content=\"https:\/\/borges.es\/ca\/blog\/varietats-de-la-poma\/\" \/>\n<meta property=\"og:site_name\" content=\"Borges\" \/>\n<meta property=\"article:published_time\" content=\"2018-07-17T11:30:07+00:00\" \/>\n<meta property=\"og:image\" content=\"https:\/\/borges1896.com\/app\/uploads\/\/2018\/07\/MI-TRUC-20180726.jpg\" \/>\n\t<meta property=\"og:image:width\" content=\"835\" \/>\n\t<meta property=\"og:image:height\" content=\"575\" \/>\n\t<meta property=\"og:image:type\" content=\"image\/jpeg\" \/>\n<meta name=\"author\" content=\"S\u00edlvia Serra\" \/>\n<meta name=\"twitter:card\" content=\"summary_large_image\" \/>\n<meta name=\"twitter:creator\" content=\"@mortensen\" \/>\n<meta name=\"twitter:label1\" content=\"Escrit per\" \/>\n\t<meta name=\"twitter:data1\" content=\"S\u00edlvia Serra\" \/>\n\t<meta name=\"twitter:label2\" content=\"Temps estimat de lectura\" \/>\n\t<meta name=\"twitter:data2\" content=\"1 minut\" \/>\n<script type=\"application\/ld+json\" class=\"yoast-schema-graph\">{\"@context\":\"https:\\\/\\\/schema.org\",\"@graph\":[{\"@type\":\"Article\",\"@id\":\"https:\\\/\\\/borges.es\\\/ca\\\/blog\\\/varietats-de-la-poma\\\/#article\",\"isPartOf\":{\"@id\":\"https:\\\/\\\/borges.es\\\/ca\\\/blog\\\/varietats-de-la-poma\\\/\"},\"author\":{\"name\":\"S\u00edlvia Serra\",\"@id\":\"https:\\\/\\\/borges.es\\\/ca\\\/#\\\/schema\\\/person\\\/4d4336303ff947bb61578b6173db1cb3\"},\"headline\":\"Coneixes totes les varietats de la poma?\",\"datePublished\":\"2018-07-17T11:30:07+00:00\",\"mainEntityOfPage\":{\"@id\":\"https:\\\/\\\/borges.es\\\/ca\\\/blog\\\/varietats-de-la-poma\\\/\"},\"wordCount\":211,\"commentCount\":0,\"image\":{\"@id\":\"https:\\\/\\\/borges.es\\\/ca\\\/blog\\\/varietats-de-la-poma\\\/#primaryimage\"},\"thumbnailUrl\":\"https:\\\/\\\/borges1896.com\\\/app\\\/uploads\\\/\\\/2018\\\/07\\\/MI-TRUC-20180726.jpg\",\"keywords\":[\"manzana\",\"poma\",\"manzanas\",\"pomes\",\"truc\",\"trucs\",\"consell\",\"consells\",\"varietats\"],\"articleSection\":[\"Uncategorized @ca\"],\"inLanguage\":\"ca\",\"potentialAction\":[{\"@type\":\"CommentAction\",\"name\":\"Comment\",\"target\":[\"https:\\\/\\\/borges.es\\\/ca\\\/blog\\\/varietats-de-la-poma\\\/#respond\"]}]},{\"@type\":\"WebPage\",\"@id\":\"https:\\\/\\\/borges.es\\\/ca\\\/blog\\\/varietats-de-la-poma\\\/\",\"url\":\"https:\\\/\\\/borges.es\\\/ca\\\/blog\\\/varietats-de-la-poma\\\/\",\"name\":\"Coneixes totes les varietats de la poma? - Borges\",\"isPartOf\":{\"@id\":\"https:\\\/\\\/borges.es\\\/ca\\\/#website\"},\"primaryImageOfPage\":{\"@id\":\"https:\\\/\\\/borges.es\\\/ca\\\/blog\\\/varietats-de-la-poma\\\/#primaryimage\"},\"image\":{\"@id\":\"https:\\\/\\\/borges.es\\\/ca\\\/blog\\\/varietats-de-la-poma\\\/#primaryimage\"},\"thumbnailUrl\":\"https:\\\/\\\/borges1896.com\\\/app\\\/uploads\\\/\\\/2018\\\/07\\\/MI-TRUC-20180726.jpg\",\"datePublished\":\"2018-07-17T11:30:07+00:00\",\"author\":{\"@id\":\"https:\\\/\\\/borges.es\\\/ca\\\/#\\\/schema\\\/person\\\/4d4336303ff947bb61578b6173db1cb3\"},\"breadcrumb\":{\"@id\":\"https:\\\/\\\/borges.es\\\/ca\\\/blog\\\/varietats-de-la-poma\\\/#breadcrumb\"},\"inLanguage\":\"ca\",\"potentialAction\":[{\"@type\":\"ReadAction\",\"target\":[\"https:\\\/\\\/borges.es\\\/ca\\\/blog\\\/varietats-de-la-poma\\\/\"]}]},{\"@type\":\"ImageObject\",\"inLanguage\":\"ca\",\"@id\":\"https:\\\/\\\/borges.es\\\/ca\\\/blog\\\/varietats-de-la-poma\\\/#primaryimage\",\"url\":\"https:\\\/\\\/borges1896.com\\\/app\\\/uploads\\\/\\\/2018\\\/07\\\/MI-TRUC-20180726.jpg\",\"contentUrl\":\"https:\\\/\\\/borges1896.com\\\/app\\\/uploads\\\/\\\/2018\\\/07\\\/MI-TRUC-20180726.jpg\",\"width\":835,\"height\":575,\"caption\":\"Borges - variedades de manzana\"},{\"@type\":\"BreadcrumbList\",\"@id\":\"https:\\\/\\\/borges.es\\\/ca\\\/blog\\\/varietats-de-la-poma\\\/#breadcrumb\",\"itemListElement\":[{\"@type\":\"ListItem\",\"position\":1,\"name\":\"Home\",\"item\":\"https:\\\/\\\/borges.es\\\/ca\\\/\"},{\"@type\":\"ListItem\",\"position\":2,\"name\":\"Coneixes totes les varietats de la poma?\"}]},{\"@type\":\"WebSite\",\"@id\":\"https:\\\/\\\/borges.es\\\/ca\\\/#website\",\"url\":\"https:\\\/\\\/borges.es\\\/ca\\\/\",\"name\":\"Borges\",\"description\":\"Aqu\u00ed disfrutamos de la cocina saludable y sabrosa. \u00bfTe apuntas?\",\"inLanguage\":\"ca\"},{\"@type\":\"Person\",\"@id\":\"https:\\\/\\\/borges.es\\\/ca\\\/#\\\/schema\\\/person\\\/4d4336303ff947bb61578b6173db1cb3\",\"name\":\"S\u00edlvia Serra\",\"image\":{\"@type\":\"ImageObject\",\"inLanguage\":\"ca\",\"@id\":\"https:\\\/\\\/secure.gravatar.com\\\/avatar\\\/34074626096365f59765ad518fb0221300ade7a2b5a585b878a1aec5d37810e3?s=96&d=mm&r=g\",\"url\":\"https:\\\/\\\/secure.gravatar.com\\\/avatar\\\/34074626096365f59765ad518fb0221300ade7a2b5a585b878a1aec5d37810e3?s=96&d=mm&r=g\",\"contentUrl\":\"https:\\\/\\\/secure.gravatar.com\\\/avatar\\\/34074626096365f59765ad518fb0221300ade7a2b5a585b878a1aec5d37810e3?s=96&d=mm&r=g\",\"caption\":\"S\u00edlvia Serra\"},\"sameAs\":[\"https:\\\/\\\/x.com\\\/mortensen\"],\"url\":\"https:\\\/\\\/borges.es\\\/ca\\\/blog\\\/author\\\/silvia-serra\\\/\"}]}<\/script>\n<!-- \/ Yoast SEO plugin. -->","yoast_head_json":{"title":"Coneixes totes les varietats de la poma? - Borges","robots":{"index":"index","follow":"follow","max-snippet":"max-snippet:-1","max-image-preview":"max-image-preview:large","max-video-preview":"max-video-preview:-1"},"canonical":"https:\/\/borges.es\/ca\/blog\/varietats-de-la-poma\/","og_locale":"ca_ES","og_type":"article","og_title":"Coneixes totes les varietats de la poma? - Borges","og_description":"Comencem per la varietat m\u00e9s dol\u00e7a, la Fuji: el seu color \u00e9s rogenc, amb estries que deixen entreveure el verd...","og_url":"https:\/\/borges.es\/ca\/blog\/varietats-de-la-poma\/","og_site_name":"Borges","article_published_time":"2018-07-17T11:30:07+00:00","og_image":[{"width":835,"height":575,"url":"https:\/\/borges1896.com\/app\/uploads\/\/2018\/07\/MI-TRUC-20180726.jpg","type":"image\/jpeg"}],"author":"S\u00edlvia Serra","twitter_card":"summary_large_image","twitter_creator":"@mortensen","twitter_misc":{"Escrit per":"S\u00edlvia Serra","Temps estimat de lectura":"1 minut"},"schema":{"@context":"https:\/\/schema.org","@graph":[{"@type":"Article","@id":"https:\/\/borges.es\/ca\/blog\/varietats-de-la-poma\/#article","isPartOf":{"@id":"https:\/\/borges.es\/ca\/blog\/varietats-de-la-poma\/"},"author":{"name":"S\u00edlvia Serra","@id":"https:\/\/borges.es\/ca\/#\/schema\/person\/4d4336303ff947bb61578b6173db1cb3"},"headline":"Coneixes totes les varietats de la poma?","datePublished":"2018-07-17T11:30:07+00:00","mainEntityOfPage":{"@id":"https:\/\/borges.es\/ca\/blog\/varietats-de-la-poma\/"},"wordCount":211,"commentCount":0,"image":{"@id":"https:\/\/borges.es\/ca\/blog\/varietats-de-la-poma\/#primaryimage"},"thumbnailUrl":"https:\/\/borges1896.com\/app\/uploads\/\/2018\/07\/MI-TRUC-20180726.jpg","keywords":["manzana","poma","manzanas","pomes","truc","trucs","consell","consells","varietats"],"articleSection":["Uncategorized @ca"],"inLanguage":"ca","potentialAction":[{"@type":"CommentAction","name":"Comment","target":["https:\/\/borges.es\/ca\/blog\/varietats-de-la-poma\/#respond"]}]},{"@type":"WebPage","@id":"https:\/\/borges.es\/ca\/blog\/varietats-de-la-poma\/","url":"https:\/\/borges.es\/ca\/blog\/varietats-de-la-poma\/","name":"Coneixes totes les varietats de la poma? - Borges","isPartOf":{"@id":"https:\/\/borges.es\/ca\/#website"},"primaryImageOfPage":{"@id":"https:\/\/borges.es\/ca\/blog\/varietats-de-la-poma\/#primaryimage"},"image":{"@id":"https:\/\/borges.es\/ca\/blog\/varietats-de-la-poma\/#primaryimage"},"thumbnailUrl":"https:\/\/borges1896.com\/app\/uploads\/\/2018\/07\/MI-TRUC-20180726.jpg","datePublished":"2018-07-17T11:30:07+00:00","author":{"@id":"https:\/\/borges.es\/ca\/#\/schema\/person\/4d4336303ff947bb61578b6173db1cb3"},"breadcrumb":{"@id":"https:\/\/borges.es\/ca\/blog\/varietats-de-la-poma\/#breadcrumb"},"inLanguage":"ca","potentialAction":[{"@type":"ReadAction","target":["https:\/\/borges.es\/ca\/blog\/varietats-de-la-poma\/"]}]},{"@type":"ImageObject","inLanguage":"ca","@id":"https:\/\/borges.es\/ca\/blog\/varietats-de-la-poma\/#primaryimage","url":"https:\/\/borges1896.com\/app\/uploads\/\/2018\/07\/MI-TRUC-20180726.jpg","contentUrl":"https:\/\/borges1896.com\/app\/uploads\/\/2018\/07\/MI-TRUC-20180726.jpg","width":835,"height":575,"caption":"Borges - variedades de manzana"},{"@type":"BreadcrumbList","@id":"https:\/\/borges.es\/ca\/blog\/varietats-de-la-poma\/#breadcrumb","itemListElement":[{"@type":"ListItem","position":1,"name":"Home","item":"https:\/\/borges.es\/ca\/"},{"@type":"ListItem","position":2,"name":"Coneixes totes les varietats de la poma?"}]},{"@type":"WebSite","@id":"https:\/\/borges.es\/ca\/#website","url":"https:\/\/borges.es\/ca\/","name":"Borges","description":"Aqu\u00ed disfrutamos de la cocina saludable y sabrosa. \u00bfTe apuntas?","inLanguage":"ca"},{"@type":"Person","@id":"https:\/\/borges.es\/ca\/#\/schema\/person\/4d4336303ff947bb61578b6173db1cb3","name":"S\u00edlvia Serra","image":{"@type":"ImageObject","inLanguage":"ca","@id":"https:\/\/secure.gravatar.com\/avatar\/34074626096365f59765ad518fb0221300ade7a2b5a585b878a1aec5d37810e3?s=96&d=mm&r=g","url":"https:\/\/secure.gravatar.com\/avatar\/34074626096365f59765ad518fb0221300ade7a2b5a585b878a1aec5d37810e3?s=96&d=mm&r=g","contentUrl":"https:\/\/secure.gravatar.com\/avatar\/34074626096365f59765ad518fb0221300ade7a2b5a585b878a1aec5d37810e3?s=96&d=mm&r=g","caption":"S\u00edlvia Serra"},"sameAs":["https:\/\/x.com\/mortensen"],"url":"https:\/\/borges.es\/ca\/blog\/author\/silvia-serra\/"}]}},"_links":{"self":[{"href":"https:\/\/borges.es\/ca\/wp-json\/wp\/v2\/posts\/3703","targetHints":{"allow":["GET"]}}],"collection":[{"href":"https:\/\/borges.es\/ca\/wp-json\/wp\/v2\/posts"}],"about":[{"href":"https:\/\/borges.es\/ca\/wp-json\/wp\/v2\/types\/post"}],"author":[{"embeddable":true,"href":"https:\/\/borges.es\/ca\/wp-json\/wp\/v2\/users\/63"}],"replies":[{"embeddable":true,"href":"https:\/\/borges.es\/ca\/wp-json\/wp\/v2\/comments?post=3703"}],"version-history":[{"count":1,"href":"https:\/\/borges.es\/ca\/wp-json\/wp\/v2\/posts\/3703\/revisions"}],"predecessor-version":[{"id":3704,"href":"https:\/\/borges.es\/ca\/wp-json\/wp\/v2\/posts\/3703\/revisions\/3704"}],"wp:featuredmedia":[{"embeddable":true,"href":"https:\/\/borges.es\/ca\/wp-json\/wp\/v2\/media\/3701"}],"wp:attachment":[{"href":"https:\/\/borges.es\/ca\/wp-json\/wp\/v2\/media?parent=3703"}],"wp:term":[{"taxonomy":"category","embeddable":true,"href":"https:\/\/borges.es\/ca\/wp-json\/wp\/v2\/categories?post=3703"},{"taxonomy":"post_tag","embeddable":true,"href":"https:\/\/borges.es\/ca\/wp-json\/wp\/v2\/tags?post=3703"}],"curies":[{"name":"wp","href":"https:\/\/api.w.org\/{rel}","templated":true}]}}