{"id":5204,"date":"2018-11-26T15:34:10","date_gmt":"2018-11-26T15:34:10","guid":{"rendered":"https:\/\/borges.es\/?p=5204"},"modified":"2018-11-26T15:34:10","modified_gmt":"2018-11-26T15:34:10","slug":"qui-es-qui-en-el-mon-del-menjar","status":"publish","type":"post","link":"https:\/\/borges.es\/ca\/blog\/qui-es-qui-en-el-mon-del-menjar\/","title":{"rendered":"Qui \u00e9s qui en el m\u00f3n del menjar?"},"content":{"rendered":"<p>Sabies que alguns aliments s\u00f3n molt beneficiosos per a la salut, especialment la de determinats \u00f2rgans? Et proposem un joc: endevina quin aliment beneficia quin \u00f2rgan a partir de la seva semblan\u00e7a. Ja ho tens?<\/p>\n<p><strong><span style=\"color: #ff0000;\">Nou \u2013 Cervell<\/span>.\u00a0<\/strong>S\u2019assemblen com dues gotes d\u2019aigua; no en va el cervell ens funciona millor quan li aportem una bona dosi de nous. A m\u00e9s a m\u00e9s dels seus coneguts efectes antidepressius, les nous prevenen l\u2019Alzheimer, ajuden a desenvolupar la mem\u00f2ria i afavoreixen l\u2019aprenentatge. Tot aix\u00f2 gr\u00e0cies als \u00e0cids grassos omega 3 i omega 6, beneficiosos per al sistema nervi\u00f3s central.<\/p>\n<p><strong><span style=\"color: #ff0000;\">Tom\u00e0quet \u2013 Cor<\/span>. <\/strong>Si talles un tom\u00e0quet per la meitat, les similituds amb el cor s\u00f3n \u00f2bvies. Aquesta fruita cont\u00e9 licop\u00e8, una subst\u00e0ncia que redueix els nivells de colesterol i que s\u2019absorbeix molt millor quan s\u2019afegeix una cullerada d\u2019oli d\u2019oliva verge extra al tom\u00e0quet. Qu\u00e8 m\u00e9s es pot demanar?<\/p>\n<p><strong><span style=\"color: #ff0000;\">Gingebre \u2013 Est\u00f3mac<\/span>. <\/strong>S\u2019han acabat els v\u00f2mits, les n\u00e0usees, les males digestions i els problemes g\u00e0strics gr\u00e0cies al gingebre, el millor aliat del nostre est\u00f3mac.<\/p>\n<p><strong><span style=\"color: #ff0000;\">Pastanaga \u2013 Ull<\/span>.\u00a0<\/strong>Si observes una rodanxa de pastanaga t\u2019adonar\u00e0s de la seva semblan\u00e7a amb l\u2019iris de l\u2019ull. Aquesta hortalissa t\u00e9 un alt contingut en betacarot\u00e8, que redueix el risc de degeneraci\u00f3 ocular.<\/p>\n","protected":false},"excerpt":{"rendered":"<p>Sabies que alguns aliments s\u00f3n molt beneficiosos per a la salut, especialment la de determinats \u00f2rgans? Et proposem un joc:&#8230;<\/p>\n","protected":false},"author":63,"featured_media":5202,"comment_status":"open","ping_status":"closed","sticky":false,"template":"","format":"standard","meta":{"_acf_changed":false,"footnotes":""},"categories":[2],"tags":[480,2559,1010,473,21],"class_list":["post-5204","post","type-post","status-publish","format-standard","has-post-thumbnail","hentry","category-uncategorized-ca","tag-fruits-secs-ca","tag-qui-es-qui","tag-saludable","tag-frutos-secos-ca","tag-verdura"],"acf":[],"yoast_head":"<!-- This site is optimized with the Yoast SEO plugin v27.4 - https:\/\/yoast.com\/product\/yoast-seo-wordpress\/ -->\n<title>Qui \u00e9s qui en el m\u00f3n del menjar? - Borges<\/title>\n<meta name=\"robots\" content=\"index, follow, max-snippet:-1, max-image-preview:large, max-video-preview:-1\" \/>\n<link rel=\"canonical\" href=\"https:\/\/borges.es\/ca\/blog\/qui-es-qui-en-el-mon-del-menjar\/\" \/>\n<meta property=\"og:locale\" content=\"ca_ES\" \/>\n<meta property=\"og:type\" content=\"article\" \/>\n<meta property=\"og:title\" content=\"Qui \u00e9s qui en el m\u00f3n del menjar? - Borges\" \/>\n<meta property=\"og:description\" content=\"Sabies que alguns aliments s\u00f3n molt beneficiosos per a la salut, especialment la de determinats \u00f2rgans? Et proposem un joc:...\" \/>\n<meta property=\"og:url\" content=\"https:\/\/borges.es\/ca\/blog\/qui-es-qui-en-el-mon-del-menjar\/\" \/>\n<meta property=\"og:site_name\" content=\"Borges\" \/>\n<meta property=\"article:published_time\" content=\"2018-11-26T15:34:10+00:00\" \/>\n<meta property=\"og:image\" content=\"https:\/\/borges1896.com\/app\/uploads\/\/2018\/11\/WW-20181115-1024x683.jpeg\" \/>\n\t<meta property=\"og:image:width\" content=\"1024\" \/>\n\t<meta property=\"og:image:height\" content=\"683\" \/>\n\t<meta property=\"og:image:type\" content=\"image\/jpeg\" \/>\n<meta name=\"author\" content=\"S\u00edlvia Serra\" \/>\n<meta name=\"twitter:card\" content=\"summary_large_image\" \/>\n<meta name=\"twitter:creator\" content=\"@mortensen\" \/>\n<meta name=\"twitter:label1\" content=\"Escrit per\" \/>\n\t<meta name=\"twitter:data1\" content=\"S\u00edlvia Serra\" \/>\n\t<meta name=\"twitter:label2\" content=\"Temps estimat de lectura\" \/>\n\t<meta name=\"twitter:data2\" content=\"1 minut\" \/>\n<script type=\"application\/ld+json\" class=\"yoast-schema-graph\">{\"@context\":\"https:\\\/\\\/schema.org\",\"@graph\":[{\"@type\":\"Article\",\"@id\":\"https:\\\/\\\/borges.es\\\/ca\\\/blog\\\/qui-es-qui-en-el-mon-del-menjar\\\/#article\",\"isPartOf\":{\"@id\":\"https:\\\/\\\/borges.es\\\/ca\\\/blog\\\/qui-es-qui-en-el-mon-del-menjar\\\/\"},\"author\":{\"name\":\"S\u00edlvia Serra\",\"@id\":\"https:\\\/\\\/borges.es\\\/ca\\\/#\\\/schema\\\/person\\\/4d4336303ff947bb61578b6173db1cb3\"},\"headline\":\"Qui \u00e9s qui en el m\u00f3n del menjar?\",\"datePublished\":\"2018-11-26T15:34:10+00:00\",\"mainEntityOfPage\":{\"@id\":\"https:\\\/\\\/borges.es\\\/ca\\\/blog\\\/qui-es-qui-en-el-mon-del-menjar\\\/\"},\"wordCount\":240,\"commentCount\":0,\"image\":{\"@id\":\"https:\\\/\\\/borges.es\\\/ca\\\/blog\\\/qui-es-qui-en-el-mon-del-menjar\\\/#primaryimage\"},\"thumbnailUrl\":\"https:\\\/\\\/borges1896.com\\\/app\\\/uploads\\\/\\\/2018\\\/11\\\/WW-20181115.jpeg\",\"keywords\":[\"fruits secs\",\"Qui \u00e9s qui\",\"saludable\",\"frutos secos\",\"verdura\"],\"articleSection\":[\"Uncategorized @ca\"],\"inLanguage\":\"ca\",\"potentialAction\":[{\"@type\":\"CommentAction\",\"name\":\"Comment\",\"target\":[\"https:\\\/\\\/borges.es\\\/ca\\\/blog\\\/qui-es-qui-en-el-mon-del-menjar\\\/#respond\"]}]},{\"@type\":\"WebPage\",\"@id\":\"https:\\\/\\\/borges.es\\\/ca\\\/blog\\\/qui-es-qui-en-el-mon-del-menjar\\\/\",\"url\":\"https:\\\/\\\/borges.es\\\/ca\\\/blog\\\/qui-es-qui-en-el-mon-del-menjar\\\/\",\"name\":\"Qui \u00e9s qui en el m\u00f3n del menjar? - Borges\",\"isPartOf\":{\"@id\":\"https:\\\/\\\/borges.es\\\/ca\\\/#website\"},\"primaryImageOfPage\":{\"@id\":\"https:\\\/\\\/borges.es\\\/ca\\\/blog\\\/qui-es-qui-en-el-mon-del-menjar\\\/#primaryimage\"},\"image\":{\"@id\":\"https:\\\/\\\/borges.es\\\/ca\\\/blog\\\/qui-es-qui-en-el-mon-del-menjar\\\/#primaryimage\"},\"thumbnailUrl\":\"https:\\\/\\\/borges1896.com\\\/app\\\/uploads\\\/\\\/2018\\\/11\\\/WW-20181115.jpeg\",\"datePublished\":\"2018-11-26T15:34:10+00:00\",\"author\":{\"@id\":\"https:\\\/\\\/borges.es\\\/ca\\\/#\\\/schema\\\/person\\\/4d4336303ff947bb61578b6173db1cb3\"},\"breadcrumb\":{\"@id\":\"https:\\\/\\\/borges.es\\\/ca\\\/blog\\\/qui-es-qui-en-el-mon-del-menjar\\\/#breadcrumb\"},\"inLanguage\":\"ca\",\"potentialAction\":[{\"@type\":\"ReadAction\",\"target\":[\"https:\\\/\\\/borges.es\\\/ca\\\/blog\\\/qui-es-qui-en-el-mon-del-menjar\\\/\"]}]},{\"@type\":\"ImageObject\",\"inLanguage\":\"ca\",\"@id\":\"https:\\\/\\\/borges.es\\\/ca\\\/blog\\\/qui-es-qui-en-el-mon-del-menjar\\\/#primaryimage\",\"url\":\"https:\\\/\\\/borges1896.com\\\/app\\\/uploads\\\/\\\/2018\\\/11\\\/WW-20181115.jpeg\",\"contentUrl\":\"https:\\\/\\\/borges1896.com\\\/app\\\/uploads\\\/\\\/2018\\\/11\\\/WW-20181115.jpeg\",\"width\":3908,\"height\":2606,\"caption\":\"Borges - Qui\u00e9n es qui\u00e9n\"},{\"@type\":\"BreadcrumbList\",\"@id\":\"https:\\\/\\\/borges.es\\\/ca\\\/blog\\\/qui-es-qui-en-el-mon-del-menjar\\\/#breadcrumb\",\"itemListElement\":[{\"@type\":\"ListItem\",\"position\":1,\"name\":\"Home\",\"item\":\"https:\\\/\\\/borges.es\\\/ca\\\/\"},{\"@type\":\"ListItem\",\"position\":2,\"name\":\"Qui \u00e9s qui en el m\u00f3n del menjar?\"}]},{\"@type\":\"WebSite\",\"@id\":\"https:\\\/\\\/borges.es\\\/ca\\\/#website\",\"url\":\"https:\\\/\\\/borges.es\\\/ca\\\/\",\"name\":\"Borges\",\"description\":\"Aqu\u00ed disfrutamos de la cocina saludable y sabrosa. \u00bfTe apuntas?\",\"inLanguage\":\"ca\"},{\"@type\":\"Person\",\"@id\":\"https:\\\/\\\/borges.es\\\/ca\\\/#\\\/schema\\\/person\\\/4d4336303ff947bb61578b6173db1cb3\",\"name\":\"S\u00edlvia Serra\",\"image\":{\"@type\":\"ImageObject\",\"inLanguage\":\"ca\",\"@id\":\"https:\\\/\\\/secure.gravatar.com\\\/avatar\\\/34074626096365f59765ad518fb0221300ade7a2b5a585b878a1aec5d37810e3?s=96&d=mm&r=g\",\"url\":\"https:\\\/\\\/secure.gravatar.com\\\/avatar\\\/34074626096365f59765ad518fb0221300ade7a2b5a585b878a1aec5d37810e3?s=96&d=mm&r=g\",\"contentUrl\":\"https:\\\/\\\/secure.gravatar.com\\\/avatar\\\/34074626096365f59765ad518fb0221300ade7a2b5a585b878a1aec5d37810e3?s=96&d=mm&r=g\",\"caption\":\"S\u00edlvia Serra\"},\"sameAs\":[\"https:\\\/\\\/x.com\\\/mortensen\"],\"url\":\"https:\\\/\\\/borges.es\\\/ca\\\/blog\\\/author\\\/silvia-serra\\\/\"}]}<\/script>\n<!-- \/ Yoast SEO plugin. -->","yoast_head_json":{"title":"Qui \u00e9s qui en el m\u00f3n del menjar? - Borges","robots":{"index":"index","follow":"follow","max-snippet":"max-snippet:-1","max-image-preview":"max-image-preview:large","max-video-preview":"max-video-preview:-1"},"canonical":"https:\/\/borges.es\/ca\/blog\/qui-es-qui-en-el-mon-del-menjar\/","og_locale":"ca_ES","og_type":"article","og_title":"Qui \u00e9s qui en el m\u00f3n del menjar? - Borges","og_description":"Sabies que alguns aliments s\u00f3n molt beneficiosos per a la salut, especialment la de determinats \u00f2rgans? Et proposem un joc:...","og_url":"https:\/\/borges.es\/ca\/blog\/qui-es-qui-en-el-mon-del-menjar\/","og_site_name":"Borges","article_published_time":"2018-11-26T15:34:10+00:00","og_image":[{"width":1024,"height":683,"url":"https:\/\/borges1896.com\/app\/uploads\/\/2018\/11\/WW-20181115-1024x683.jpeg","type":"image\/jpeg"}],"author":"S\u00edlvia Serra","twitter_card":"summary_large_image","twitter_creator":"@mortensen","twitter_misc":{"Escrit per":"S\u00edlvia Serra","Temps estimat de lectura":"1 minut"},"schema":{"@context":"https:\/\/schema.org","@graph":[{"@type":"Article","@id":"https:\/\/borges.es\/ca\/blog\/qui-es-qui-en-el-mon-del-menjar\/#article","isPartOf":{"@id":"https:\/\/borges.es\/ca\/blog\/qui-es-qui-en-el-mon-del-menjar\/"},"author":{"name":"S\u00edlvia Serra","@id":"https:\/\/borges.es\/ca\/#\/schema\/person\/4d4336303ff947bb61578b6173db1cb3"},"headline":"Qui \u00e9s qui en el m\u00f3n del menjar?","datePublished":"2018-11-26T15:34:10+00:00","mainEntityOfPage":{"@id":"https:\/\/borges.es\/ca\/blog\/qui-es-qui-en-el-mon-del-menjar\/"},"wordCount":240,"commentCount":0,"image":{"@id":"https:\/\/borges.es\/ca\/blog\/qui-es-qui-en-el-mon-del-menjar\/#primaryimage"},"thumbnailUrl":"https:\/\/borges1896.com\/app\/uploads\/\/2018\/11\/WW-20181115.jpeg","keywords":["fruits secs","Qui \u00e9s qui","saludable","frutos secos","verdura"],"articleSection":["Uncategorized @ca"],"inLanguage":"ca","potentialAction":[{"@type":"CommentAction","name":"Comment","target":["https:\/\/borges.es\/ca\/blog\/qui-es-qui-en-el-mon-del-menjar\/#respond"]}]},{"@type":"WebPage","@id":"https:\/\/borges.es\/ca\/blog\/qui-es-qui-en-el-mon-del-menjar\/","url":"https:\/\/borges.es\/ca\/blog\/qui-es-qui-en-el-mon-del-menjar\/","name":"Qui \u00e9s qui en el m\u00f3n del menjar? - Borges","isPartOf":{"@id":"https:\/\/borges.es\/ca\/#website"},"primaryImageOfPage":{"@id":"https:\/\/borges.es\/ca\/blog\/qui-es-qui-en-el-mon-del-menjar\/#primaryimage"},"image":{"@id":"https:\/\/borges.es\/ca\/blog\/qui-es-qui-en-el-mon-del-menjar\/#primaryimage"},"thumbnailUrl":"https:\/\/borges1896.com\/app\/uploads\/\/2018\/11\/WW-20181115.jpeg","datePublished":"2018-11-26T15:34:10+00:00","author":{"@id":"https:\/\/borges.es\/ca\/#\/schema\/person\/4d4336303ff947bb61578b6173db1cb3"},"breadcrumb":{"@id":"https:\/\/borges.es\/ca\/blog\/qui-es-qui-en-el-mon-del-menjar\/#breadcrumb"},"inLanguage":"ca","potentialAction":[{"@type":"ReadAction","target":["https:\/\/borges.es\/ca\/blog\/qui-es-qui-en-el-mon-del-menjar\/"]}]},{"@type":"ImageObject","inLanguage":"ca","@id":"https:\/\/borges.es\/ca\/blog\/qui-es-qui-en-el-mon-del-menjar\/#primaryimage","url":"https:\/\/borges1896.com\/app\/uploads\/\/2018\/11\/WW-20181115.jpeg","contentUrl":"https:\/\/borges1896.com\/app\/uploads\/\/2018\/11\/WW-20181115.jpeg","width":3908,"height":2606,"caption":"Borges - Qui\u00e9n es qui\u00e9n"},{"@type":"BreadcrumbList","@id":"https:\/\/borges.es\/ca\/blog\/qui-es-qui-en-el-mon-del-menjar\/#breadcrumb","itemListElement":[{"@type":"ListItem","position":1,"name":"Home","item":"https:\/\/borges.es\/ca\/"},{"@type":"ListItem","position":2,"name":"Qui \u00e9s qui en el m\u00f3n del menjar?"}]},{"@type":"WebSite","@id":"https:\/\/borges.es\/ca\/#website","url":"https:\/\/borges.es\/ca\/","name":"Borges","description":"Aqu\u00ed disfrutamos de la cocina saludable y sabrosa. \u00bfTe apuntas?","inLanguage":"ca"},{"@type":"Person","@id":"https:\/\/borges.es\/ca\/#\/schema\/person\/4d4336303ff947bb61578b6173db1cb3","name":"S\u00edlvia Serra","image":{"@type":"ImageObject","inLanguage":"ca","@id":"https:\/\/secure.gravatar.com\/avatar\/34074626096365f59765ad518fb0221300ade7a2b5a585b878a1aec5d37810e3?s=96&d=mm&r=g","url":"https:\/\/secure.gravatar.com\/avatar\/34074626096365f59765ad518fb0221300ade7a2b5a585b878a1aec5d37810e3?s=96&d=mm&r=g","contentUrl":"https:\/\/secure.gravatar.com\/avatar\/34074626096365f59765ad518fb0221300ade7a2b5a585b878a1aec5d37810e3?s=96&d=mm&r=g","caption":"S\u00edlvia Serra"},"sameAs":["https:\/\/x.com\/mortensen"],"url":"https:\/\/borges.es\/ca\/blog\/author\/silvia-serra\/"}]}},"_links":{"self":[{"href":"https:\/\/borges.es\/ca\/wp-json\/wp\/v2\/posts\/5204","targetHints":{"allow":["GET"]}}],"collection":[{"href":"https:\/\/borges.es\/ca\/wp-json\/wp\/v2\/posts"}],"about":[{"href":"https:\/\/borges.es\/ca\/wp-json\/wp\/v2\/types\/post"}],"author":[{"embeddable":true,"href":"https:\/\/borges.es\/ca\/wp-json\/wp\/v2\/users\/63"}],"replies":[{"embeddable":true,"href":"https:\/\/borges.es\/ca\/wp-json\/wp\/v2\/comments?post=5204"}],"version-history":[{"count":1,"href":"https:\/\/borges.es\/ca\/wp-json\/wp\/v2\/posts\/5204\/revisions"}],"predecessor-version":[{"id":5205,"href":"https:\/\/borges.es\/ca\/wp-json\/wp\/v2\/posts\/5204\/revisions\/5205"}],"wp:featuredmedia":[{"embeddable":true,"href":"https:\/\/borges.es\/ca\/wp-json\/wp\/v2\/media\/5202"}],"wp:attachment":[{"href":"https:\/\/borges.es\/ca\/wp-json\/wp\/v2\/media?parent=5204"}],"wp:term":[{"taxonomy":"category","embeddable":true,"href":"https:\/\/borges.es\/ca\/wp-json\/wp\/v2\/categories?post=5204"},{"taxonomy":"post_tag","embeddable":true,"href":"https:\/\/borges.es\/ca\/wp-json\/wp\/v2\/tags?post=5204"}],"curies":[{"name":"wp","href":"https:\/\/api.w.org\/{rel}","templated":true}]}}