{"id":53098,"date":"2024-05-06T15:43:44","date_gmt":"2024-05-06T13:43:44","guid":{"rendered":"https:\/\/borges.es\/?p=53098"},"modified":"2024-05-06T15:45:30","modified_gmt":"2024-05-06T13:45:30","slug":"millor-glacejat","status":"publish","type":"post","link":"https:\/\/borges.es\/ca\/blog\/millor-glacejat\/","title":{"rendered":"El millor glacejat per a les teves verdures"},"content":{"rendered":"<p><span data-contrast=\"none\">\u00bfObres la nevera i t\u2019hi trobes un porro, unes pastanagues, un carbass\u00f3 i potser alguna altra verdura que no saps ben b\u00e9 com cuinar? Si tens a m\u00e0 un wok o una paella fonda, un oli d\u2019oliva verge extra de bona qualitat (fonamental a qualsevol llar) i unes esp\u00e8cies al gust per donar-hi sabor, tens un tros de plat en un tres i no res.<\/span><span data-ccp-props=\"{}\">\u00a0<\/span><\/p>\n<p><span data-contrast=\"none\">Tan sols has de ruixar les verdures amb una mescla d<a href=\"https:\/\/borges.es\/ca\/productes\/oli\/oli-verge-extra\/\">\u2019oli d\u2019oliva verge extra<\/a> i<a href=\"https:\/\/borges.es\/ca\/productes\/vinagres-ca\/vinagre-balsamic-de-modena\/\"> vinagre bals\u00e0mic<\/a> (ben batuts perqu\u00e8 emulsionin) i posar-les al forn fins que aquest \u00faltim caramel\u00b7litzi.<\/span><span data-ccp-props=\"{}\">\u00a0<\/span><\/p>\n<p><span data-contrast=\"none\">Delici\u00f3s!<\/span><span data-ccp-props=\"{}\">\u00a0<\/span><\/p>\n","protected":false},"excerpt":{"rendered":"<p>\u00bfObres la nevera i t\u2019hi trobes un porro, unes pastanagues, un carbass\u00f3 i potser alguna altra verdura que no saps&#8230;<\/p>\n","protected":false},"author":63,"featured_media":53097,"comment_status":"open","ping_status":"closed","sticky":false,"template":"","format":"standard","meta":{"_acf_changed":false,"footnotes":""},"categories":[3259],"tags":[616,1768,1816,2010,2035,2671],"class_list":["post-53098","post","type-post","status-publish","format-standard","has-post-thumbnail","hentry","category-borges-et-cuida","tag-vinagre-balsamic-de-modena-borges","tag-trucs","tag-consells","tag-dieta-mediterrania","tag-verdures","tag-saludable-ca"],"acf":[],"yoast_head":"<!-- This site is optimized with the Yoast SEO plugin v27.4 - https:\/\/yoast.com\/product\/yoast-seo-wordpress\/ -->\n<title>El millor glacejat per a les teves verdures - Borges<\/title>\n<meta name=\"robots\" content=\"index, follow, max-snippet:-1, max-image-preview:large, max-video-preview:-1\" \/>\n<link rel=\"canonical\" href=\"https:\/\/borges.es\/ca\/blog\/millor-glacejat\/\" \/>\n<meta property=\"og:locale\" content=\"ca_ES\" \/>\n<meta property=\"og:type\" content=\"article\" \/>\n<meta property=\"og:title\" content=\"El millor glacejat per a les teves verdures - Borges\" \/>\n<meta property=\"og:description\" content=\"\u00bfObres la nevera i t\u2019hi trobes un porro, unes pastanagues, un carbass\u00f3 i potser alguna altra verdura que no saps...\" \/>\n<meta property=\"og:url\" content=\"https:\/\/borges.es\/ca\/blog\/millor-glacejat\/\" \/>\n<meta property=\"og:site_name\" content=\"Borges\" \/>\n<meta property=\"article:published_time\" content=\"2024-05-06T13:43:44+00:00\" \/>\n<meta property=\"article:modified_time\" content=\"2024-05-06T13:45:30+00:00\" \/>\n<meta property=\"og:image\" content=\"https:\/\/borges1896.com\/app\/uploads\/\/WW-20231130-3.jpg\" \/>\n\t<meta property=\"og:image:width\" content=\"1417\" \/>\n\t<meta property=\"og:image:height\" content=\"945\" \/>\n\t<meta property=\"og:image:type\" content=\"image\/jpeg\" \/>\n<meta name=\"author\" content=\"S\u00edlvia Serra\" \/>\n<meta name=\"twitter:card\" content=\"summary_large_image\" \/>\n<meta name=\"twitter:creator\" content=\"@mortensen\" \/>\n<meta name=\"twitter:label1\" content=\"Escrit per\" \/>\n\t<meta name=\"twitter:data1\" content=\"S\u00edlvia Serra\" \/>\n\t<meta name=\"twitter:label2\" content=\"Temps estimat de lectura\" \/>\n\t<meta name=\"twitter:data2\" content=\"1 minut\" \/>\n<script type=\"application\/ld+json\" class=\"yoast-schema-graph\">{\"@context\":\"https:\\\/\\\/schema.org\",\"@graph\":[{\"@type\":\"Article\",\"@id\":\"https:\\\/\\\/borges.es\\\/ca\\\/blog\\\/millor-glacejat\\\/#article\",\"isPartOf\":{\"@id\":\"https:\\\/\\\/borges.es\\\/ca\\\/blog\\\/millor-glacejat\\\/\"},\"author\":{\"name\":\"S\u00edlvia Serra\",\"@id\":\"https:\\\/\\\/borges.es\\\/ca\\\/#\\\/schema\\\/person\\\/4d4336303ff947bb61578b6173db1cb3\"},\"headline\":\"El millor glacejat per a les teves verdures\",\"datePublished\":\"2024-05-06T13:43:44+00:00\",\"dateModified\":\"2024-05-06T13:45:30+00:00\",\"mainEntityOfPage\":{\"@id\":\"https:\\\/\\\/borges.es\\\/ca\\\/blog\\\/millor-glacejat\\\/\"},\"wordCount\":112,\"commentCount\":0,\"image\":{\"@id\":\"https:\\\/\\\/borges.es\\\/ca\\\/blog\\\/millor-glacejat\\\/#primaryimage\"},\"thumbnailUrl\":\"https:\\\/\\\/borges1896.com\\\/app\\\/uploads\\\/\\\/WW-20231130-3.jpg\",\"keywords\":[\"Vinagre bals\u00e0mic de M\u00f2dena Borges\",\"trucs\",\"consells\",\"dieta mediterr\u00e0nia\",\"verdures\",\"saludable\"],\"articleSection\":[\"Borges et cuida\"],\"inLanguage\":\"ca\",\"potentialAction\":[{\"@type\":\"CommentAction\",\"name\":\"Comment\",\"target\":[\"https:\\\/\\\/borges.es\\\/ca\\\/blog\\\/millor-glacejat\\\/#respond\"]}]},{\"@type\":\"WebPage\",\"@id\":\"https:\\\/\\\/borges.es\\\/ca\\\/blog\\\/millor-glacejat\\\/\",\"url\":\"https:\\\/\\\/borges.es\\\/ca\\\/blog\\\/millor-glacejat\\\/\",\"name\":\"El millor glacejat per a les teves verdures - Borges\",\"isPartOf\":{\"@id\":\"https:\\\/\\\/borges.es\\\/ca\\\/#website\"},\"primaryImageOfPage\":{\"@id\":\"https:\\\/\\\/borges.es\\\/ca\\\/blog\\\/millor-glacejat\\\/#primaryimage\"},\"image\":{\"@id\":\"https:\\\/\\\/borges.es\\\/ca\\\/blog\\\/millor-glacejat\\\/#primaryimage\"},\"thumbnailUrl\":\"https:\\\/\\\/borges1896.com\\\/app\\\/uploads\\\/\\\/WW-20231130-3.jpg\",\"datePublished\":\"2024-05-06T13:43:44+00:00\",\"dateModified\":\"2024-05-06T13:45:30+00:00\",\"author\":{\"@id\":\"https:\\\/\\\/borges.es\\\/ca\\\/#\\\/schema\\\/person\\\/4d4336303ff947bb61578b6173db1cb3\"},\"breadcrumb\":{\"@id\":\"https:\\\/\\\/borges.es\\\/ca\\\/blog\\\/millor-glacejat\\\/#breadcrumb\"},\"inLanguage\":\"ca\",\"potentialAction\":[{\"@type\":\"ReadAction\",\"target\":[\"https:\\\/\\\/borges.es\\\/ca\\\/blog\\\/millor-glacejat\\\/\"]}]},{\"@type\":\"ImageObject\",\"inLanguage\":\"ca\",\"@id\":\"https:\\\/\\\/borges.es\\\/ca\\\/blog\\\/millor-glacejat\\\/#primaryimage\",\"url\":\"https:\\\/\\\/borges1896.com\\\/app\\\/uploads\\\/\\\/WW-20231130-3.jpg\",\"contentUrl\":\"https:\\\/\\\/borges1896.com\\\/app\\\/uploads\\\/\\\/WW-20231130-3.jpg\",\"width\":1417,\"height\":945,\"caption\":\"El millor glacejat per a les teves verdures\"},{\"@type\":\"BreadcrumbList\",\"@id\":\"https:\\\/\\\/borges.es\\\/ca\\\/blog\\\/millor-glacejat\\\/#breadcrumb\",\"itemListElement\":[{\"@type\":\"ListItem\",\"position\":1,\"name\":\"Home\",\"item\":\"https:\\\/\\\/borges.es\\\/ca\\\/\"},{\"@type\":\"ListItem\",\"position\":2,\"name\":\"El millor glacejat per a les teves verdures\"}]},{\"@type\":\"WebSite\",\"@id\":\"https:\\\/\\\/borges.es\\\/ca\\\/#website\",\"url\":\"https:\\\/\\\/borges.es\\\/ca\\\/\",\"name\":\"Borges\",\"description\":\"Aqu\u00ed disfrutamos de la cocina saludable y sabrosa. \u00bfTe apuntas?\",\"inLanguage\":\"ca\"},{\"@type\":\"Person\",\"@id\":\"https:\\\/\\\/borges.es\\\/ca\\\/#\\\/schema\\\/person\\\/4d4336303ff947bb61578b6173db1cb3\",\"name\":\"S\u00edlvia Serra\",\"image\":{\"@type\":\"ImageObject\",\"inLanguage\":\"ca\",\"@id\":\"https:\\\/\\\/secure.gravatar.com\\\/avatar\\\/34074626096365f59765ad518fb0221300ade7a2b5a585b878a1aec5d37810e3?s=96&d=mm&r=g\",\"url\":\"https:\\\/\\\/secure.gravatar.com\\\/avatar\\\/34074626096365f59765ad518fb0221300ade7a2b5a585b878a1aec5d37810e3?s=96&d=mm&r=g\",\"contentUrl\":\"https:\\\/\\\/secure.gravatar.com\\\/avatar\\\/34074626096365f59765ad518fb0221300ade7a2b5a585b878a1aec5d37810e3?s=96&d=mm&r=g\",\"caption\":\"S\u00edlvia Serra\"},\"sameAs\":[\"https:\\\/\\\/x.com\\\/mortensen\"],\"url\":\"https:\\\/\\\/borges.es\\\/ca\\\/blog\\\/author\\\/silvia-serra\\\/\"}]}<\/script>\n<!-- \/ Yoast SEO plugin. -->","yoast_head_json":{"title":"El millor glacejat per a les teves verdures - Borges","robots":{"index":"index","follow":"follow","max-snippet":"max-snippet:-1","max-image-preview":"max-image-preview:large","max-video-preview":"max-video-preview:-1"},"canonical":"https:\/\/borges.es\/ca\/blog\/millor-glacejat\/","og_locale":"ca_ES","og_type":"article","og_title":"El millor glacejat per a les teves verdures - Borges","og_description":"\u00bfObres la nevera i t\u2019hi trobes un porro, unes pastanagues, un carbass\u00f3 i potser alguna altra verdura que no saps...","og_url":"https:\/\/borges.es\/ca\/blog\/millor-glacejat\/","og_site_name":"Borges","article_published_time":"2024-05-06T13:43:44+00:00","article_modified_time":"2024-05-06T13:45:30+00:00","og_image":[{"width":1417,"height":945,"url":"https:\/\/borges1896.com\/app\/uploads\/\/WW-20231130-3.jpg","type":"image\/jpeg"}],"author":"S\u00edlvia Serra","twitter_card":"summary_large_image","twitter_creator":"@mortensen","twitter_misc":{"Escrit per":"S\u00edlvia Serra","Temps estimat de lectura":"1 minut"},"schema":{"@context":"https:\/\/schema.org","@graph":[{"@type":"Article","@id":"https:\/\/borges.es\/ca\/blog\/millor-glacejat\/#article","isPartOf":{"@id":"https:\/\/borges.es\/ca\/blog\/millor-glacejat\/"},"author":{"name":"S\u00edlvia Serra","@id":"https:\/\/borges.es\/ca\/#\/schema\/person\/4d4336303ff947bb61578b6173db1cb3"},"headline":"El millor glacejat per a les teves verdures","datePublished":"2024-05-06T13:43:44+00:00","dateModified":"2024-05-06T13:45:30+00:00","mainEntityOfPage":{"@id":"https:\/\/borges.es\/ca\/blog\/millor-glacejat\/"},"wordCount":112,"commentCount":0,"image":{"@id":"https:\/\/borges.es\/ca\/blog\/millor-glacejat\/#primaryimage"},"thumbnailUrl":"https:\/\/borges1896.com\/app\/uploads\/\/WW-20231130-3.jpg","keywords":["Vinagre bals\u00e0mic de M\u00f2dena Borges","trucs","consells","dieta mediterr\u00e0nia","verdures","saludable"],"articleSection":["Borges et cuida"],"inLanguage":"ca","potentialAction":[{"@type":"CommentAction","name":"Comment","target":["https:\/\/borges.es\/ca\/blog\/millor-glacejat\/#respond"]}]},{"@type":"WebPage","@id":"https:\/\/borges.es\/ca\/blog\/millor-glacejat\/","url":"https:\/\/borges.es\/ca\/blog\/millor-glacejat\/","name":"El millor glacejat per a les teves verdures - Borges","isPartOf":{"@id":"https:\/\/borges.es\/ca\/#website"},"primaryImageOfPage":{"@id":"https:\/\/borges.es\/ca\/blog\/millor-glacejat\/#primaryimage"},"image":{"@id":"https:\/\/borges.es\/ca\/blog\/millor-glacejat\/#primaryimage"},"thumbnailUrl":"https:\/\/borges1896.com\/app\/uploads\/\/WW-20231130-3.jpg","datePublished":"2024-05-06T13:43:44+00:00","dateModified":"2024-05-06T13:45:30+00:00","author":{"@id":"https:\/\/borges.es\/ca\/#\/schema\/person\/4d4336303ff947bb61578b6173db1cb3"},"breadcrumb":{"@id":"https:\/\/borges.es\/ca\/blog\/millor-glacejat\/#breadcrumb"},"inLanguage":"ca","potentialAction":[{"@type":"ReadAction","target":["https:\/\/borges.es\/ca\/blog\/millor-glacejat\/"]}]},{"@type":"ImageObject","inLanguage":"ca","@id":"https:\/\/borges.es\/ca\/blog\/millor-glacejat\/#primaryimage","url":"https:\/\/borges1896.com\/app\/uploads\/\/WW-20231130-3.jpg","contentUrl":"https:\/\/borges1896.com\/app\/uploads\/\/WW-20231130-3.jpg","width":1417,"height":945,"caption":"El millor glacejat per a les teves verdures"},{"@type":"BreadcrumbList","@id":"https:\/\/borges.es\/ca\/blog\/millor-glacejat\/#breadcrumb","itemListElement":[{"@type":"ListItem","position":1,"name":"Home","item":"https:\/\/borges.es\/ca\/"},{"@type":"ListItem","position":2,"name":"El millor glacejat per a les teves verdures"}]},{"@type":"WebSite","@id":"https:\/\/borges.es\/ca\/#website","url":"https:\/\/borges.es\/ca\/","name":"Borges","description":"Aqu\u00ed disfrutamos de la cocina saludable y sabrosa. \u00bfTe apuntas?","inLanguage":"ca"},{"@type":"Person","@id":"https:\/\/borges.es\/ca\/#\/schema\/person\/4d4336303ff947bb61578b6173db1cb3","name":"S\u00edlvia Serra","image":{"@type":"ImageObject","inLanguage":"ca","@id":"https:\/\/secure.gravatar.com\/avatar\/34074626096365f59765ad518fb0221300ade7a2b5a585b878a1aec5d37810e3?s=96&d=mm&r=g","url":"https:\/\/secure.gravatar.com\/avatar\/34074626096365f59765ad518fb0221300ade7a2b5a585b878a1aec5d37810e3?s=96&d=mm&r=g","contentUrl":"https:\/\/secure.gravatar.com\/avatar\/34074626096365f59765ad518fb0221300ade7a2b5a585b878a1aec5d37810e3?s=96&d=mm&r=g","caption":"S\u00edlvia Serra"},"sameAs":["https:\/\/x.com\/mortensen"],"url":"https:\/\/borges.es\/ca\/blog\/author\/silvia-serra\/"}]}},"_links":{"self":[{"href":"https:\/\/borges.es\/ca\/wp-json\/wp\/v2\/posts\/53098","targetHints":{"allow":["GET"]}}],"collection":[{"href":"https:\/\/borges.es\/ca\/wp-json\/wp\/v2\/posts"}],"about":[{"href":"https:\/\/borges.es\/ca\/wp-json\/wp\/v2\/types\/post"}],"author":[{"embeddable":true,"href":"https:\/\/borges.es\/ca\/wp-json\/wp\/v2\/users\/63"}],"replies":[{"embeddable":true,"href":"https:\/\/borges.es\/ca\/wp-json\/wp\/v2\/comments?post=53098"}],"version-history":[{"count":1,"href":"https:\/\/borges.es\/ca\/wp-json\/wp\/v2\/posts\/53098\/revisions"}],"predecessor-version":[{"id":53099,"href":"https:\/\/borges.es\/ca\/wp-json\/wp\/v2\/posts\/53098\/revisions\/53099"}],"wp:featuredmedia":[{"embeddable":true,"href":"https:\/\/borges.es\/ca\/wp-json\/wp\/v2\/media\/53097"}],"wp:attachment":[{"href":"https:\/\/borges.es\/ca\/wp-json\/wp\/v2\/media?parent=53098"}],"wp:term":[{"taxonomy":"category","embeddable":true,"href":"https:\/\/borges.es\/ca\/wp-json\/wp\/v2\/categories?post=53098"},{"taxonomy":"post_tag","embeddable":true,"href":"https:\/\/borges.es\/ca\/wp-json\/wp\/v2\/tags?post=53098"}],"curies":[{"name":"wp","href":"https:\/\/api.w.org\/{rel}","templated":true}]}}