{"id":55857,"date":"2024-07-22T16:56:26","date_gmt":"2024-07-22T14:56:26","guid":{"rendered":"https:\/\/borges.es\/?p=55857"},"modified":"2024-07-22T16:56:26","modified_gmt":"2024-07-22T14:56:26","slug":"modenitzat","status":"publish","type":"post","link":"https:\/\/borges.es\/ca\/blog\/modenitzat\/","title":{"rendered":"MODENITZA\u2019T: Descobreix les nostres novetats"},"content":{"rendered":"<p>Reinventa les teves receptes amb sabors i usos nous! Quin et quedes?<\/p>\n<p><strong>Vinagre bals\u00e0mic amb gust d\u2019alf\u00e0brega fresca<\/strong><\/p>\n<p>Aquesta del\u00edcia \u00e9s capa\u00e7 d\u2019aportar un aire mediterrani a qualsevol plat, gr\u00e0cies a la seva aroma intensa i al seu sabor fresc i agradable. Queda b\u00e9 amb amanides, verdures, pastes, pizzes, peixos&#8230; Fins i tot amb fruita! El vinagre bals\u00e0mic amb gust d\u2019alf\u00e0brega combina l\u2019acidesa del vinagre amb la frescor de l\u2019alf\u00e0brega per donar lloc a receptes inoblidables.<\/p>\n<p><strong>\u00a0<\/strong><strong>Vinagre bals\u00e0mic amb gust de pr\u00e9ssec<\/strong><\/p>\n<p>El toc dol\u00e7 del pr\u00e9ssec, agradable i delicat, \u00e9s ideal per a carns i peixos, si b\u00e9 funciona de meravella amb fruita fresca i amanides variades. El vinagre bals\u00e0mic amb gust de pr\u00e9ssec \u00e9s ideal per amanir una infinitat de receptes!<\/p>\n<p><strong>Esprai: el toc ideal<\/strong><\/p>\n<p>Si el vinagre de M\u00f2dena t\u2019agrada tant que fins i tot en posaries als cereals de l\u2019esmorzar, aquest esprai porta el teu nom. Tingue\u2019l a m\u00e0 per afegir un punt de sabor a qualsevol plat d\u2019una manera senzilla i r\u00e0pida: \u00e9s f\u00e0cil d\u2019usar i \u00e9s dispersa perfectament arreu del plat.<\/p>\n","protected":false},"excerpt":{"rendered":"<p>Reinventa les teves receptes amb sabors i usos nous! Quin et quedes? Vinagre bals\u00e0mic amb gust d\u2019alf\u00e0brega fresca Aquesta del\u00edcia&#8230;<\/p>\n","protected":false},"author":63,"featured_media":55966,"comment_status":"open","ping_status":"closed","sticky":false,"template":"","format":"standard","meta":{"_acf_changed":false,"footnotes":""},"categories":[3261,3259],"tags":[2207,5818,5819,5820,5821,5822,5823],"class_list":["post-55857","post","type-post","status-publish","format-standard","has-post-thumbnail","hentry","category-trucs-de-cuina","category-borges-et-cuida","tag-vinagre-balsamic","tag-modenitzat","tag-novetats","tag-novetats-borges","tag-nous-sabors","tag-pressec","tag-alfabrega-fresca"],"acf":[],"yoast_head":"<!-- This site is optimized with the Yoast SEO plugin v27.4 - https:\/\/yoast.com\/product\/yoast-seo-wordpress\/ -->\n<title>MODENITZA\u2019T: Descobreix les nostres novetats - Borges<\/title>\n<meta name=\"description\" content=\"Reinventa les teves receptes amb sabors i usos nous! Quin et quedes?\" \/>\n<meta name=\"robots\" content=\"index, follow, max-snippet:-1, max-image-preview:large, max-video-preview:-1\" \/>\n<link rel=\"canonical\" href=\"https:\/\/borges.es\/ca\/blog\/modenitzat\/\" \/>\n<meta property=\"og:locale\" content=\"ca_ES\" \/>\n<meta property=\"og:type\" content=\"article\" \/>\n<meta property=\"og:title\" content=\"MODENITZA\u2019T: Descobreix les nostres novetats\" \/>\n<meta property=\"og:description\" content=\"Reinventa les teves receptes amb sabors i usos nous! Quin et quedes?\" \/>\n<meta property=\"og:url\" content=\"https:\/\/borges.es\/ca\/blog\/modenitzat\/\" \/>\n<meta property=\"og:site_name\" content=\"Borges\" \/>\n<meta property=\"article:published_time\" content=\"2024-07-22T14:56:26+00:00\" \/>\n<meta property=\"og:image\" content=\"https:\/\/borges1896.com\/app\/uploads\/\/MI-202400722-1-e1732781827118.jpg\" \/>\n\t<meta property=\"og:image:width\" content=\"1417\" \/>\n\t<meta property=\"og:image:height\" content=\"945\" \/>\n\t<meta property=\"og:image:type\" content=\"image\/jpeg\" \/>\n<meta name=\"author\" content=\"S\u00edlvia Serra\" \/>\n<meta name=\"twitter:card\" content=\"summary_large_image\" \/>\n<meta name=\"twitter:creator\" content=\"@mortensen\" \/>\n<meta name=\"twitter:label1\" content=\"Escrit per\" \/>\n\t<meta name=\"twitter:data1\" content=\"S\u00edlvia Serra\" \/>\n\t<meta name=\"twitter:label2\" content=\"Temps estimat de lectura\" \/>\n\t<meta name=\"twitter:data2\" content=\"2 minuts\" \/>\n<script type=\"application\/ld+json\" class=\"yoast-schema-graph\">{\"@context\":\"https:\\\/\\\/schema.org\",\"@graph\":[{\"@type\":\"Article\",\"@id\":\"https:\\\/\\\/borges.es\\\/ca\\\/blog\\\/modenitzat\\\/#article\",\"isPartOf\":{\"@id\":\"https:\\\/\\\/borges.es\\\/ca\\\/blog\\\/modenitzat\\\/\"},\"author\":{\"name\":\"S\u00edlvia Serra\",\"@id\":\"https:\\\/\\\/borges.es\\\/ca\\\/#\\\/schema\\\/person\\\/4d4336303ff947bb61578b6173db1cb3\"},\"headline\":\"MODENITZA\u2019T: Descobreix les nostres novetats\",\"datePublished\":\"2024-07-22T14:56:26+00:00\",\"mainEntityOfPage\":{\"@id\":\"https:\\\/\\\/borges.es\\\/ca\\\/blog\\\/modenitzat\\\/\"},\"wordCount\":208,\"commentCount\":0,\"image\":{\"@id\":\"https:\\\/\\\/borges.es\\\/ca\\\/blog\\\/modenitzat\\\/#primaryimage\"},\"thumbnailUrl\":\"https:\\\/\\\/borges1896.com\\\/app\\\/uploads\\\/\\\/MI-202400722-1-e1732781827118.jpg\",\"keywords\":[\"vinagre bals\u00e0mic\",\"MODENITZA\u2019T\",\"Novetats\",\"Novetats borges\",\"nous sabors\",\"pr\u00e9ssec\",\"alf\u00e0brega fresca\"],\"articleSection\":[\"Trucs de cuina\",\"Borges et cuida\"],\"inLanguage\":\"ca\",\"potentialAction\":[{\"@type\":\"CommentAction\",\"name\":\"Comment\",\"target\":[\"https:\\\/\\\/borges.es\\\/ca\\\/blog\\\/modenitzat\\\/#respond\"]}]},{\"@type\":\"WebPage\",\"@id\":\"https:\\\/\\\/borges.es\\\/ca\\\/blog\\\/modenitzat\\\/\",\"url\":\"https:\\\/\\\/borges.es\\\/ca\\\/blog\\\/modenitzat\\\/\",\"name\":\"MODENITZA\u2019T: Descobreix les nostres novetats - Borges\",\"isPartOf\":{\"@id\":\"https:\\\/\\\/borges.es\\\/ca\\\/#website\"},\"primaryImageOfPage\":{\"@id\":\"https:\\\/\\\/borges.es\\\/ca\\\/blog\\\/modenitzat\\\/#primaryimage\"},\"image\":{\"@id\":\"https:\\\/\\\/borges.es\\\/ca\\\/blog\\\/modenitzat\\\/#primaryimage\"},\"thumbnailUrl\":\"https:\\\/\\\/borges1896.com\\\/app\\\/uploads\\\/\\\/MI-202400722-1-e1732781827118.jpg\",\"datePublished\":\"2024-07-22T14:56:26+00:00\",\"author\":{\"@id\":\"https:\\\/\\\/borges.es\\\/ca\\\/#\\\/schema\\\/person\\\/4d4336303ff947bb61578b6173db1cb3\"},\"description\":\"Reinventa les teves receptes amb sabors i usos nous! Quin et quedes?\",\"breadcrumb\":{\"@id\":\"https:\\\/\\\/borges.es\\\/ca\\\/blog\\\/modenitzat\\\/#breadcrumb\"},\"inLanguage\":\"ca\",\"potentialAction\":[{\"@type\":\"ReadAction\",\"target\":[\"https:\\\/\\\/borges.es\\\/ca\\\/blog\\\/modenitzat\\\/\"]}]},{\"@type\":\"ImageObject\",\"inLanguage\":\"ca\",\"@id\":\"https:\\\/\\\/borges.es\\\/ca\\\/blog\\\/modenitzat\\\/#primaryimage\",\"url\":\"https:\\\/\\\/borges1896.com\\\/app\\\/uploads\\\/\\\/MI-202400722-1-e1732781827118.jpg\",\"contentUrl\":\"https:\\\/\\\/borges1896.com\\\/app\\\/uploads\\\/\\\/MI-202400722-1-e1732781827118.jpg\",\"width\":1417,\"height\":945,\"caption\":\"MODENITZA'T\"},{\"@type\":\"BreadcrumbList\",\"@id\":\"https:\\\/\\\/borges.es\\\/ca\\\/blog\\\/modenitzat\\\/#breadcrumb\",\"itemListElement\":[{\"@type\":\"ListItem\",\"position\":1,\"name\":\"Home\",\"item\":\"https:\\\/\\\/borges.es\\\/ca\\\/\"},{\"@type\":\"ListItem\",\"position\":2,\"name\":\"MODENITZA\u2019T: Descobreix les nostres novetats\"}]},{\"@type\":\"WebSite\",\"@id\":\"https:\\\/\\\/borges.es\\\/ca\\\/#website\",\"url\":\"https:\\\/\\\/borges.es\\\/ca\\\/\",\"name\":\"Borges\",\"description\":\"Aqu\u00ed disfrutamos de la cocina saludable y sabrosa. \u00bfTe apuntas?\",\"inLanguage\":\"ca\"},{\"@type\":\"Person\",\"@id\":\"https:\\\/\\\/borges.es\\\/ca\\\/#\\\/schema\\\/person\\\/4d4336303ff947bb61578b6173db1cb3\",\"name\":\"S\u00edlvia Serra\",\"image\":{\"@type\":\"ImageObject\",\"inLanguage\":\"ca\",\"@id\":\"https:\\\/\\\/secure.gravatar.com\\\/avatar\\\/34074626096365f59765ad518fb0221300ade7a2b5a585b878a1aec5d37810e3?s=96&d=mm&r=g\",\"url\":\"https:\\\/\\\/secure.gravatar.com\\\/avatar\\\/34074626096365f59765ad518fb0221300ade7a2b5a585b878a1aec5d37810e3?s=96&d=mm&r=g\",\"contentUrl\":\"https:\\\/\\\/secure.gravatar.com\\\/avatar\\\/34074626096365f59765ad518fb0221300ade7a2b5a585b878a1aec5d37810e3?s=96&d=mm&r=g\",\"caption\":\"S\u00edlvia Serra\"},\"sameAs\":[\"https:\\\/\\\/x.com\\\/mortensen\"],\"url\":\"https:\\\/\\\/borges.es\\\/ca\\\/blog\\\/author\\\/silvia-serra\\\/\"}]}<\/script>\n<!-- \/ Yoast SEO plugin. -->","yoast_head_json":{"title":"MODENITZA\u2019T: Descobreix les nostres novetats - Borges","description":"Reinventa les teves receptes amb sabors i usos nous! Quin et quedes?","robots":{"index":"index","follow":"follow","max-snippet":"max-snippet:-1","max-image-preview":"max-image-preview:large","max-video-preview":"max-video-preview:-1"},"canonical":"https:\/\/borges.es\/ca\/blog\/modenitzat\/","og_locale":"ca_ES","og_type":"article","og_title":"MODENITZA\u2019T: Descobreix les nostres novetats","og_description":"Reinventa les teves receptes amb sabors i usos nous! Quin et quedes?","og_url":"https:\/\/borges.es\/ca\/blog\/modenitzat\/","og_site_name":"Borges","article_published_time":"2024-07-22T14:56:26+00:00","og_image":[{"width":1417,"height":945,"url":"https:\/\/borges1896.com\/app\/uploads\/\/MI-202400722-1-e1732781827118.jpg","type":"image\/jpeg"}],"author":"S\u00edlvia Serra","twitter_card":"summary_large_image","twitter_creator":"@mortensen","twitter_misc":{"Escrit per":"S\u00edlvia Serra","Temps estimat de lectura":"2 minuts"},"schema":{"@context":"https:\/\/schema.org","@graph":[{"@type":"Article","@id":"https:\/\/borges.es\/ca\/blog\/modenitzat\/#article","isPartOf":{"@id":"https:\/\/borges.es\/ca\/blog\/modenitzat\/"},"author":{"name":"S\u00edlvia Serra","@id":"https:\/\/borges.es\/ca\/#\/schema\/person\/4d4336303ff947bb61578b6173db1cb3"},"headline":"MODENITZA\u2019T: Descobreix les nostres novetats","datePublished":"2024-07-22T14:56:26+00:00","mainEntityOfPage":{"@id":"https:\/\/borges.es\/ca\/blog\/modenitzat\/"},"wordCount":208,"commentCount":0,"image":{"@id":"https:\/\/borges.es\/ca\/blog\/modenitzat\/#primaryimage"},"thumbnailUrl":"https:\/\/borges1896.com\/app\/uploads\/\/MI-202400722-1-e1732781827118.jpg","keywords":["vinagre bals\u00e0mic","MODENITZA\u2019T","Novetats","Novetats borges","nous sabors","pr\u00e9ssec","alf\u00e0brega fresca"],"articleSection":["Trucs de cuina","Borges et cuida"],"inLanguage":"ca","potentialAction":[{"@type":"CommentAction","name":"Comment","target":["https:\/\/borges.es\/ca\/blog\/modenitzat\/#respond"]}]},{"@type":"WebPage","@id":"https:\/\/borges.es\/ca\/blog\/modenitzat\/","url":"https:\/\/borges.es\/ca\/blog\/modenitzat\/","name":"MODENITZA\u2019T: Descobreix les nostres novetats - Borges","isPartOf":{"@id":"https:\/\/borges.es\/ca\/#website"},"primaryImageOfPage":{"@id":"https:\/\/borges.es\/ca\/blog\/modenitzat\/#primaryimage"},"image":{"@id":"https:\/\/borges.es\/ca\/blog\/modenitzat\/#primaryimage"},"thumbnailUrl":"https:\/\/borges1896.com\/app\/uploads\/\/MI-202400722-1-e1732781827118.jpg","datePublished":"2024-07-22T14:56:26+00:00","author":{"@id":"https:\/\/borges.es\/ca\/#\/schema\/person\/4d4336303ff947bb61578b6173db1cb3"},"description":"Reinventa les teves receptes amb sabors i usos nous! Quin et quedes?","breadcrumb":{"@id":"https:\/\/borges.es\/ca\/blog\/modenitzat\/#breadcrumb"},"inLanguage":"ca","potentialAction":[{"@type":"ReadAction","target":["https:\/\/borges.es\/ca\/blog\/modenitzat\/"]}]},{"@type":"ImageObject","inLanguage":"ca","@id":"https:\/\/borges.es\/ca\/blog\/modenitzat\/#primaryimage","url":"https:\/\/borges1896.com\/app\/uploads\/\/MI-202400722-1-e1732781827118.jpg","contentUrl":"https:\/\/borges1896.com\/app\/uploads\/\/MI-202400722-1-e1732781827118.jpg","width":1417,"height":945,"caption":"MODENITZA'T"},{"@type":"BreadcrumbList","@id":"https:\/\/borges.es\/ca\/blog\/modenitzat\/#breadcrumb","itemListElement":[{"@type":"ListItem","position":1,"name":"Home","item":"https:\/\/borges.es\/ca\/"},{"@type":"ListItem","position":2,"name":"MODENITZA\u2019T: Descobreix les nostres novetats"}]},{"@type":"WebSite","@id":"https:\/\/borges.es\/ca\/#website","url":"https:\/\/borges.es\/ca\/","name":"Borges","description":"Aqu\u00ed disfrutamos de la cocina saludable y sabrosa. \u00bfTe apuntas?","inLanguage":"ca"},{"@type":"Person","@id":"https:\/\/borges.es\/ca\/#\/schema\/person\/4d4336303ff947bb61578b6173db1cb3","name":"S\u00edlvia Serra","image":{"@type":"ImageObject","inLanguage":"ca","@id":"https:\/\/secure.gravatar.com\/avatar\/34074626096365f59765ad518fb0221300ade7a2b5a585b878a1aec5d37810e3?s=96&d=mm&r=g","url":"https:\/\/secure.gravatar.com\/avatar\/34074626096365f59765ad518fb0221300ade7a2b5a585b878a1aec5d37810e3?s=96&d=mm&r=g","contentUrl":"https:\/\/secure.gravatar.com\/avatar\/34074626096365f59765ad518fb0221300ade7a2b5a585b878a1aec5d37810e3?s=96&d=mm&r=g","caption":"S\u00edlvia Serra"},"sameAs":["https:\/\/x.com\/mortensen"],"url":"https:\/\/borges.es\/ca\/blog\/author\/silvia-serra\/"}]}},"_links":{"self":[{"href":"https:\/\/borges.es\/ca\/wp-json\/wp\/v2\/posts\/55857","targetHints":{"allow":["GET"]}}],"collection":[{"href":"https:\/\/borges.es\/ca\/wp-json\/wp\/v2\/posts"}],"about":[{"href":"https:\/\/borges.es\/ca\/wp-json\/wp\/v2\/types\/post"}],"author":[{"embeddable":true,"href":"https:\/\/borges.es\/ca\/wp-json\/wp\/v2\/users\/63"}],"replies":[{"embeddable":true,"href":"https:\/\/borges.es\/ca\/wp-json\/wp\/v2\/comments?post=55857"}],"version-history":[{"count":1,"href":"https:\/\/borges.es\/ca\/wp-json\/wp\/v2\/posts\/55857\/revisions"}],"predecessor-version":[{"id":55858,"href":"https:\/\/borges.es\/ca\/wp-json\/wp\/v2\/posts\/55857\/revisions\/55858"}],"wp:featuredmedia":[{"embeddable":true,"href":"https:\/\/borges.es\/ca\/wp-json\/wp\/v2\/media\/55966"}],"wp:attachment":[{"href":"https:\/\/borges.es\/ca\/wp-json\/wp\/v2\/media?parent=55857"}],"wp:term":[{"taxonomy":"category","embeddable":true,"href":"https:\/\/borges.es\/ca\/wp-json\/wp\/v2\/categories?post=55857"},{"taxonomy":"post_tag","embeddable":true,"href":"https:\/\/borges.es\/ca\/wp-json\/wp\/v2\/tags?post=55857"}],"curies":[{"name":"wp","href":"https:\/\/api.w.org\/{rel}","templated":true}]}}