{"id":5619,"date":"2019-03-26T11:51:14","date_gmt":"2019-03-26T11:51:14","guid":{"rendered":"https:\/\/borges.es\/?p=5619"},"modified":"2019-03-26T11:51:38","modified_gmt":"2019-03-26T11:51:38","slug":"auge-de-les-begudes-vegetals","status":"publish","type":"post","link":"https:\/\/borges.es\/ca\/blog\/auge-de-les-begudes-vegetals\/","title":{"rendered":"L\u2019auge de les begudes vegetals. Per qu\u00e8 ens agraden tant?"},"content":{"rendered":"<p class=\"Poromisin\"><span lang=\"CA\">Les begudes vegetals estan de moda.\u00a0<\/span><span lang=\"CA\">Els \u00faltims anys ha crescut el seu consum fins al punt que quatre de cada deu llars espanyoles han incorporat aquestes begudes a la seva dieta.<\/span><span lang=\"CA\">I \u00e9s que con\u00e8ixer-les \u00e9s estimar-les. Begudes com la de nou, la d\u2019ametlla o la d\u2019avellana aporten un punt lleugerament dol\u00e7 i molt agradable als nostres caf\u00e8s i batuts.\u00a0<\/span><span lang=\"CA\">A m\u00e9s, ens serveixen per fer rebosteria i les podem afegir a qualsevol recepta.\u00a0<\/span><span lang=\"CA\">S\u00f3n lleugeres, f\u00e0cils de digerir i saludables en extrem: cada got de beguda vegetal cont\u00e9 un bon grapat de fruita seca.<\/span><span lang=\"CA\">I s\u00f3n bon\u00edssimes!\u00a0<\/span><span lang=\"CA\">S\u00f3n el millor exemple que plaer i salut no estan renyits de cap de les maneres.<\/span><\/p>\n","protected":false},"excerpt":{"rendered":"<p>Les begudes vegetals estan de moda.\u00a0Els \u00faltims anys ha crescut el seu consum fins al punt que quatre de cada&#8230;<\/p>\n","protected":false},"author":63,"featured_media":5616,"comment_status":"open","ping_status":"closed","sticky":false,"template":"","format":"standard","meta":{"_acf_changed":false,"footnotes":""},"categories":[2],"tags":[2152,473,480,1011,2469],"class_list":["post-5619","post","type-post","status-publish","format-standard","has-post-thumbnail","hentry","category-uncategorized-ca","tag-beguda-vegetal","tag-frutos-secos-ca","tag-fruits-secs-ca","tag-saludables","tag-begudes-vegetals"],"acf":[],"yoast_head":"<!-- This site is optimized with the Yoast SEO plugin v27.4 - https:\/\/yoast.com\/product\/yoast-seo-wordpress\/ -->\n<title>L\u2019auge de les begudes vegetals. Per qu\u00e8 ens agraden tant? - Borges<\/title>\n<meta name=\"robots\" content=\"index, follow, max-snippet:-1, max-image-preview:large, max-video-preview:-1\" \/>\n<link rel=\"canonical\" href=\"https:\/\/borges.es\/ca\/blog\/auge-de-les-begudes-vegetals\/\" \/>\n<meta property=\"og:locale\" content=\"ca_ES\" \/>\n<meta property=\"og:type\" content=\"article\" \/>\n<meta property=\"og:title\" content=\"L\u2019auge de les begudes vegetals. Per qu\u00e8 ens agraden tant? - Borges\" \/>\n<meta property=\"og:description\" content=\"Les begudes vegetals estan de moda.\u00a0Els \u00faltims anys ha crescut el seu consum fins al punt que quatre de cada...\" \/>\n<meta property=\"og:url\" content=\"https:\/\/borges.es\/ca\/blog\/auge-de-les-begudes-vegetals\/\" \/>\n<meta property=\"og:site_name\" content=\"Borges\" \/>\n<meta property=\"article:published_time\" content=\"2019-03-26T11:51:14+00:00\" \/>\n<meta property=\"article:modified_time\" content=\"2019-03-26T11:51:38+00:00\" \/>\n<meta property=\"og:image\" content=\"https:\/\/borges1896.com\/app\/uploads\/\/2019\/03\/99B8464-1024x683.jpg\" \/>\n\t<meta property=\"og:image:width\" content=\"1024\" \/>\n\t<meta property=\"og:image:height\" content=\"683\" \/>\n\t<meta property=\"og:image:type\" content=\"image\/jpeg\" \/>\n<meta name=\"author\" content=\"S\u00edlvia Serra\" \/>\n<meta name=\"twitter:card\" content=\"summary_large_image\" \/>\n<meta name=\"twitter:creator\" content=\"@mortensen\" \/>\n<meta name=\"twitter:label1\" content=\"Escrit per\" \/>\n\t<meta name=\"twitter:data1\" content=\"S\u00edlvia Serra\" \/>\n\t<meta name=\"twitter:label2\" content=\"Temps estimat de lectura\" \/>\n\t<meta name=\"twitter:data2\" content=\"1 minut\" \/>\n<script type=\"application\/ld+json\" class=\"yoast-schema-graph\">{\"@context\":\"https:\\\/\\\/schema.org\",\"@graph\":[{\"@type\":\"Article\",\"@id\":\"https:\\\/\\\/borges.es\\\/ca\\\/blog\\\/auge-de-les-begudes-vegetals\\\/#article\",\"isPartOf\":{\"@id\":\"https:\\\/\\\/borges.es\\\/ca\\\/blog\\\/auge-de-les-begudes-vegetals\\\/\"},\"author\":{\"name\":\"S\u00edlvia Serra\",\"@id\":\"https:\\\/\\\/borges.es\\\/ca\\\/#\\\/schema\\\/person\\\/4d4336303ff947bb61578b6173db1cb3\"},\"headline\":\"L\u2019auge de les begudes vegetals. Per qu\u00e8 ens agraden tant?\",\"datePublished\":\"2019-03-26T11:51:14+00:00\",\"dateModified\":\"2019-03-26T11:51:38+00:00\",\"mainEntityOfPage\":{\"@id\":\"https:\\\/\\\/borges.es\\\/ca\\\/blog\\\/auge-de-les-begudes-vegetals\\\/\"},\"wordCount\":136,\"commentCount\":0,\"image\":{\"@id\":\"https:\\\/\\\/borges.es\\\/ca\\\/blog\\\/auge-de-les-begudes-vegetals\\\/#primaryimage\"},\"thumbnailUrl\":\"https:\\\/\\\/borges1896.com\\\/app\\\/uploads\\\/\\\/2019\\\/03\\\/99B8464.jpg\",\"keywords\":[\"beguda vegetal\",\"frutos secos\",\"fruits secs\",\"saludables\",\"begudes vegetals\"],\"articleSection\":[\"Uncategorized @ca\"],\"inLanguage\":\"ca\",\"potentialAction\":[{\"@type\":\"CommentAction\",\"name\":\"Comment\",\"target\":[\"https:\\\/\\\/borges.es\\\/ca\\\/blog\\\/auge-de-les-begudes-vegetals\\\/#respond\"]}]},{\"@type\":\"WebPage\",\"@id\":\"https:\\\/\\\/borges.es\\\/ca\\\/blog\\\/auge-de-les-begudes-vegetals\\\/\",\"url\":\"https:\\\/\\\/borges.es\\\/ca\\\/blog\\\/auge-de-les-begudes-vegetals\\\/\",\"name\":\"L\u2019auge de les begudes vegetals. Per qu\u00e8 ens agraden tant? - Borges\",\"isPartOf\":{\"@id\":\"https:\\\/\\\/borges.es\\\/ca\\\/#website\"},\"primaryImageOfPage\":{\"@id\":\"https:\\\/\\\/borges.es\\\/ca\\\/blog\\\/auge-de-les-begudes-vegetals\\\/#primaryimage\"},\"image\":{\"@id\":\"https:\\\/\\\/borges.es\\\/ca\\\/blog\\\/auge-de-les-begudes-vegetals\\\/#primaryimage\"},\"thumbnailUrl\":\"https:\\\/\\\/borges1896.com\\\/app\\\/uploads\\\/\\\/2019\\\/03\\\/99B8464.jpg\",\"datePublished\":\"2019-03-26T11:51:14+00:00\",\"dateModified\":\"2019-03-26T11:51:38+00:00\",\"author\":{\"@id\":\"https:\\\/\\\/borges.es\\\/ca\\\/#\\\/schema\\\/person\\\/4d4336303ff947bb61578b6173db1cb3\"},\"breadcrumb\":{\"@id\":\"https:\\\/\\\/borges.es\\\/ca\\\/blog\\\/auge-de-les-begudes-vegetals\\\/#breadcrumb\"},\"inLanguage\":\"ca\",\"potentialAction\":[{\"@type\":\"ReadAction\",\"target\":[\"https:\\\/\\\/borges.es\\\/ca\\\/blog\\\/auge-de-les-begudes-vegetals\\\/\"]}]},{\"@type\":\"ImageObject\",\"inLanguage\":\"ca\",\"@id\":\"https:\\\/\\\/borges.es\\\/ca\\\/blog\\\/auge-de-les-begudes-vegetals\\\/#primaryimage\",\"url\":\"https:\\\/\\\/borges1896.com\\\/app\\\/uploads\\\/\\\/2019\\\/03\\\/99B8464.jpg\",\"contentUrl\":\"https:\\\/\\\/borges1896.com\\\/app\\\/uploads\\\/\\\/2019\\\/03\\\/99B8464.jpg\",\"width\":3780,\"height\":2520,\"caption\":\"Borges - Bebidas vegetales\"},{\"@type\":\"BreadcrumbList\",\"@id\":\"https:\\\/\\\/borges.es\\\/ca\\\/blog\\\/auge-de-les-begudes-vegetals\\\/#breadcrumb\",\"itemListElement\":[{\"@type\":\"ListItem\",\"position\":1,\"name\":\"Home\",\"item\":\"https:\\\/\\\/borges.es\\\/ca\\\/\"},{\"@type\":\"ListItem\",\"position\":2,\"name\":\"L\u2019auge de les begudes vegetals. Per qu\u00e8 ens agraden tant?\"}]},{\"@type\":\"WebSite\",\"@id\":\"https:\\\/\\\/borges.es\\\/ca\\\/#website\",\"url\":\"https:\\\/\\\/borges.es\\\/ca\\\/\",\"name\":\"Borges\",\"description\":\"Aqu\u00ed disfrutamos de la cocina saludable y sabrosa. \u00bfTe apuntas?\",\"inLanguage\":\"ca\"},{\"@type\":\"Person\",\"@id\":\"https:\\\/\\\/borges.es\\\/ca\\\/#\\\/schema\\\/person\\\/4d4336303ff947bb61578b6173db1cb3\",\"name\":\"S\u00edlvia Serra\",\"image\":{\"@type\":\"ImageObject\",\"inLanguage\":\"ca\",\"@id\":\"https:\\\/\\\/secure.gravatar.com\\\/avatar\\\/34074626096365f59765ad518fb0221300ade7a2b5a585b878a1aec5d37810e3?s=96&d=mm&r=g\",\"url\":\"https:\\\/\\\/secure.gravatar.com\\\/avatar\\\/34074626096365f59765ad518fb0221300ade7a2b5a585b878a1aec5d37810e3?s=96&d=mm&r=g\",\"contentUrl\":\"https:\\\/\\\/secure.gravatar.com\\\/avatar\\\/34074626096365f59765ad518fb0221300ade7a2b5a585b878a1aec5d37810e3?s=96&d=mm&r=g\",\"caption\":\"S\u00edlvia Serra\"},\"sameAs\":[\"https:\\\/\\\/x.com\\\/mortensen\"],\"url\":\"https:\\\/\\\/borges.es\\\/ca\\\/blog\\\/author\\\/silvia-serra\\\/\"}]}<\/script>\n<!-- \/ Yoast SEO plugin. -->","yoast_head_json":{"title":"L\u2019auge de les begudes vegetals. Per qu\u00e8 ens agraden tant? - Borges","robots":{"index":"index","follow":"follow","max-snippet":"max-snippet:-1","max-image-preview":"max-image-preview:large","max-video-preview":"max-video-preview:-1"},"canonical":"https:\/\/borges.es\/ca\/blog\/auge-de-les-begudes-vegetals\/","og_locale":"ca_ES","og_type":"article","og_title":"L\u2019auge de les begudes vegetals. Per qu\u00e8 ens agraden tant? - Borges","og_description":"Les begudes vegetals estan de moda.\u00a0Els \u00faltims anys ha crescut el seu consum fins al punt que quatre de cada...","og_url":"https:\/\/borges.es\/ca\/blog\/auge-de-les-begudes-vegetals\/","og_site_name":"Borges","article_published_time":"2019-03-26T11:51:14+00:00","article_modified_time":"2019-03-26T11:51:38+00:00","og_image":[{"width":1024,"height":683,"url":"https:\/\/borges1896.com\/app\/uploads\/\/2019\/03\/99B8464-1024x683.jpg","type":"image\/jpeg"}],"author":"S\u00edlvia Serra","twitter_card":"summary_large_image","twitter_creator":"@mortensen","twitter_misc":{"Escrit per":"S\u00edlvia Serra","Temps estimat de lectura":"1 minut"},"schema":{"@context":"https:\/\/schema.org","@graph":[{"@type":"Article","@id":"https:\/\/borges.es\/ca\/blog\/auge-de-les-begudes-vegetals\/#article","isPartOf":{"@id":"https:\/\/borges.es\/ca\/blog\/auge-de-les-begudes-vegetals\/"},"author":{"name":"S\u00edlvia Serra","@id":"https:\/\/borges.es\/ca\/#\/schema\/person\/4d4336303ff947bb61578b6173db1cb3"},"headline":"L\u2019auge de les begudes vegetals. Per qu\u00e8 ens agraden tant?","datePublished":"2019-03-26T11:51:14+00:00","dateModified":"2019-03-26T11:51:38+00:00","mainEntityOfPage":{"@id":"https:\/\/borges.es\/ca\/blog\/auge-de-les-begudes-vegetals\/"},"wordCount":136,"commentCount":0,"image":{"@id":"https:\/\/borges.es\/ca\/blog\/auge-de-les-begudes-vegetals\/#primaryimage"},"thumbnailUrl":"https:\/\/borges1896.com\/app\/uploads\/\/2019\/03\/99B8464.jpg","keywords":["beguda vegetal","frutos secos","fruits secs","saludables","begudes vegetals"],"articleSection":["Uncategorized @ca"],"inLanguage":"ca","potentialAction":[{"@type":"CommentAction","name":"Comment","target":["https:\/\/borges.es\/ca\/blog\/auge-de-les-begudes-vegetals\/#respond"]}]},{"@type":"WebPage","@id":"https:\/\/borges.es\/ca\/blog\/auge-de-les-begudes-vegetals\/","url":"https:\/\/borges.es\/ca\/blog\/auge-de-les-begudes-vegetals\/","name":"L\u2019auge de les begudes vegetals. Per qu\u00e8 ens agraden tant? - Borges","isPartOf":{"@id":"https:\/\/borges.es\/ca\/#website"},"primaryImageOfPage":{"@id":"https:\/\/borges.es\/ca\/blog\/auge-de-les-begudes-vegetals\/#primaryimage"},"image":{"@id":"https:\/\/borges.es\/ca\/blog\/auge-de-les-begudes-vegetals\/#primaryimage"},"thumbnailUrl":"https:\/\/borges1896.com\/app\/uploads\/\/2019\/03\/99B8464.jpg","datePublished":"2019-03-26T11:51:14+00:00","dateModified":"2019-03-26T11:51:38+00:00","author":{"@id":"https:\/\/borges.es\/ca\/#\/schema\/person\/4d4336303ff947bb61578b6173db1cb3"},"breadcrumb":{"@id":"https:\/\/borges.es\/ca\/blog\/auge-de-les-begudes-vegetals\/#breadcrumb"},"inLanguage":"ca","potentialAction":[{"@type":"ReadAction","target":["https:\/\/borges.es\/ca\/blog\/auge-de-les-begudes-vegetals\/"]}]},{"@type":"ImageObject","inLanguage":"ca","@id":"https:\/\/borges.es\/ca\/blog\/auge-de-les-begudes-vegetals\/#primaryimage","url":"https:\/\/borges1896.com\/app\/uploads\/\/2019\/03\/99B8464.jpg","contentUrl":"https:\/\/borges1896.com\/app\/uploads\/\/2019\/03\/99B8464.jpg","width":3780,"height":2520,"caption":"Borges - Bebidas vegetales"},{"@type":"BreadcrumbList","@id":"https:\/\/borges.es\/ca\/blog\/auge-de-les-begudes-vegetals\/#breadcrumb","itemListElement":[{"@type":"ListItem","position":1,"name":"Home","item":"https:\/\/borges.es\/ca\/"},{"@type":"ListItem","position":2,"name":"L\u2019auge de les begudes vegetals. Per qu\u00e8 ens agraden tant?"}]},{"@type":"WebSite","@id":"https:\/\/borges.es\/ca\/#website","url":"https:\/\/borges.es\/ca\/","name":"Borges","description":"Aqu\u00ed disfrutamos de la cocina saludable y sabrosa. \u00bfTe apuntas?","inLanguage":"ca"},{"@type":"Person","@id":"https:\/\/borges.es\/ca\/#\/schema\/person\/4d4336303ff947bb61578b6173db1cb3","name":"S\u00edlvia Serra","image":{"@type":"ImageObject","inLanguage":"ca","@id":"https:\/\/secure.gravatar.com\/avatar\/34074626096365f59765ad518fb0221300ade7a2b5a585b878a1aec5d37810e3?s=96&d=mm&r=g","url":"https:\/\/secure.gravatar.com\/avatar\/34074626096365f59765ad518fb0221300ade7a2b5a585b878a1aec5d37810e3?s=96&d=mm&r=g","contentUrl":"https:\/\/secure.gravatar.com\/avatar\/34074626096365f59765ad518fb0221300ade7a2b5a585b878a1aec5d37810e3?s=96&d=mm&r=g","caption":"S\u00edlvia Serra"},"sameAs":["https:\/\/x.com\/mortensen"],"url":"https:\/\/borges.es\/ca\/blog\/author\/silvia-serra\/"}]}},"_links":{"self":[{"href":"https:\/\/borges.es\/ca\/wp-json\/wp\/v2\/posts\/5619","targetHints":{"allow":["GET"]}}],"collection":[{"href":"https:\/\/borges.es\/ca\/wp-json\/wp\/v2\/posts"}],"about":[{"href":"https:\/\/borges.es\/ca\/wp-json\/wp\/v2\/types\/post"}],"author":[{"embeddable":true,"href":"https:\/\/borges.es\/ca\/wp-json\/wp\/v2\/users\/63"}],"replies":[{"embeddable":true,"href":"https:\/\/borges.es\/ca\/wp-json\/wp\/v2\/comments?post=5619"}],"version-history":[{"count":1,"href":"https:\/\/borges.es\/ca\/wp-json\/wp\/v2\/posts\/5619\/revisions"}],"predecessor-version":[{"id":5620,"href":"https:\/\/borges.es\/ca\/wp-json\/wp\/v2\/posts\/5619\/revisions\/5620"}],"wp:featuredmedia":[{"embeddable":true,"href":"https:\/\/borges.es\/ca\/wp-json\/wp\/v2\/media\/5616"}],"wp:attachment":[{"href":"https:\/\/borges.es\/ca\/wp-json\/wp\/v2\/media?parent=5619"}],"wp:term":[{"taxonomy":"category","embeddable":true,"href":"https:\/\/borges.es\/ca\/wp-json\/wp\/v2\/categories?post=5619"},{"taxonomy":"post_tag","embeddable":true,"href":"https:\/\/borges.es\/ca\/wp-json\/wp\/v2\/tags?post=5619"}],"curies":[{"name":"wp","href":"https:\/\/api.w.org\/{rel}","templated":true}]}}