{"id":5655,"date":"2019-04-01T10:50:39","date_gmt":"2019-04-01T10:50:39","guid":{"rendered":"https:\/\/borges.es\/?p=5655"},"modified":"2019-04-01T10:50:39","modified_gmt":"2019-04-01T10:50:39","slug":"plats-tipics-de-setmana-santa","status":"publish","type":"post","link":"https:\/\/borges.es\/ca\/blog\/plats-tipics-de-setmana-santa\/","title":{"rendered":"Quins s\u00f3n els plats t\u00edpics de Setmana Santa?"},"content":{"rendered":"<p>Arriba Setmana Santa i als amants de la bona taula se\u2019ls comen\u00e7a a fer la boca aigua. Quins plats triar\u00edem per elaborar una llista dels <em>highlights\u00a0<\/em>d\u2019aquesta \u00e8poca de l\u2019any? Sens dubte, el bacall\u00e0 \u00e9s un dels reis de la Quaresma i Setmana Santa, un temps en qu\u00e8 tradicionalment no es menjava carn, cosa que donava lloc a receptes per llepar-se\u2019n els dits.<\/p>\n<p>Hi va haver una \u00e8poca, de fet, en qu\u00e8 el bacall\u00e0 es considerava un menjar de pobres, encara que costi creure-ho, ja que ara el trobem fins i tot en restaurants amb estrelles Michelin. En bunyols, <em>al pilpil<\/em>, <em>al ajoarriero<\/em>, amb patates&#8230; S\u00f3n moltes les receptes per preparar aquest peix, a les quals se sumen altres plats t\u00edpics de Setmana Santa com ara les patates v\u00eddues, el potatge de cigrons i espinacs, i l\u2019arr\u00f2s al forn, sense carn, molt popular a la Comunitat Valenciana. Pel que fa a les postres, n\u2019hi ha tantes per triar que els m\u00e9s llaminers perdran el senderi: <em>torrijas<\/em>, <em>pesti\u00f1os<\/em>, bunyols, llet fregida i la t\u00edpica mona de Pasqua en s\u00f3n unes quantes. OMG!<\/p>\n","protected":false},"excerpt":{"rendered":"<p>Arriba Setmana Santa i als amants de la bona taula se\u2019ls comen\u00e7a a fer la boca aigua. Quins plats triar\u00edem&#8230;<\/p>\n","protected":false},"author":63,"featured_media":5653,"comment_status":"open","ping_status":"closed","sticky":false,"template":"","format":"standard","meta":{"_acf_changed":false,"footnotes":""},"categories":[2],"tags":[666,668,2651,1766,2650,2358,1877],"class_list":["post-5655","post","type-post","status-publish","format-standard","has-post-thumbnail","hentry","category-uncategorized-ca","tag-bacalao-ca","tag-bacalla","tag-festiu","tag-peix","tag-plats-tipics","tag-setmana-santa","tag-tipic"],"acf":[],"yoast_head":"<!-- This site is optimized with the Yoast SEO plugin v27.4 - https:\/\/yoast.com\/product\/yoast-seo-wordpress\/ -->\n<title>Quins s\u00f3n els plats t\u00edpics de Setmana Santa? - Borges<\/title>\n<meta name=\"robots\" content=\"index, follow, max-snippet:-1, max-image-preview:large, max-video-preview:-1\" \/>\n<link rel=\"canonical\" href=\"https:\/\/borges.es\/ca\/blog\/plats-tipics-de-setmana-santa\/\" \/>\n<meta property=\"og:locale\" content=\"ca_ES\" \/>\n<meta property=\"og:type\" content=\"article\" \/>\n<meta property=\"og:title\" content=\"Quins s\u00f3n els plats t\u00edpics de Setmana Santa? - Borges\" \/>\n<meta property=\"og:description\" content=\"Arriba Setmana Santa i als amants de la bona taula se\u2019ls comen\u00e7a a fer la boca aigua. Quins plats triar\u00edem...\" \/>\n<meta property=\"og:url\" content=\"https:\/\/borges.es\/ca\/blog\/plats-tipics-de-setmana-santa\/\" \/>\n<meta property=\"og:site_name\" content=\"Borges\" \/>\n<meta property=\"article:published_time\" content=\"2019-04-01T10:50:39+00:00\" \/>\n<meta property=\"og:image\" content=\"https:\/\/borges1896.com\/app\/uploads\/\/2019\/04\/MI-020419-1024x683.jpeg\" \/>\n\t<meta property=\"og:image:width\" content=\"1024\" \/>\n\t<meta property=\"og:image:height\" content=\"683\" \/>\n\t<meta property=\"og:image:type\" content=\"image\/jpeg\" \/>\n<meta name=\"author\" content=\"S\u00edlvia Serra\" \/>\n<meta name=\"twitter:card\" content=\"summary_large_image\" \/>\n<meta name=\"twitter:creator\" content=\"@mortensen\" \/>\n<meta name=\"twitter:label1\" content=\"Escrit per\" \/>\n\t<meta name=\"twitter:data1\" content=\"S\u00edlvia Serra\" \/>\n\t<meta name=\"twitter:label2\" content=\"Temps estimat de lectura\" \/>\n\t<meta name=\"twitter:data2\" content=\"1 minut\" \/>\n<script type=\"application\/ld+json\" class=\"yoast-schema-graph\">{\"@context\":\"https:\\\/\\\/schema.org\",\"@graph\":[{\"@type\":\"Article\",\"@id\":\"https:\\\/\\\/borges.es\\\/ca\\\/blog\\\/plats-tipics-de-setmana-santa\\\/#article\",\"isPartOf\":{\"@id\":\"https:\\\/\\\/borges.es\\\/ca\\\/blog\\\/plats-tipics-de-setmana-santa\\\/\"},\"author\":{\"name\":\"S\u00edlvia Serra\",\"@id\":\"https:\\\/\\\/borges.es\\\/ca\\\/#\\\/schema\\\/person\\\/4d4336303ff947bb61578b6173db1cb3\"},\"headline\":\"Quins s\u00f3n els plats t\u00edpics de Setmana Santa?\",\"datePublished\":\"2019-04-01T10:50:39+00:00\",\"mainEntityOfPage\":{\"@id\":\"https:\\\/\\\/borges.es\\\/ca\\\/blog\\\/plats-tipics-de-setmana-santa\\\/\"},\"wordCount\":207,\"commentCount\":0,\"image\":{\"@id\":\"https:\\\/\\\/borges.es\\\/ca\\\/blog\\\/plats-tipics-de-setmana-santa\\\/#primaryimage\"},\"thumbnailUrl\":\"https:\\\/\\\/borges1896.com\\\/app\\\/uploads\\\/\\\/2019\\\/04\\\/MI-020419.jpeg\",\"keywords\":[\"bacalao\",\"bacall\u00e0\",\"festiu\",\"peix\",\"plats t\u00edpics\",\"Setmana Santa\",\"t\u00edpic\"],\"articleSection\":[\"Uncategorized @ca\"],\"inLanguage\":\"ca\",\"potentialAction\":[{\"@type\":\"CommentAction\",\"name\":\"Comment\",\"target\":[\"https:\\\/\\\/borges.es\\\/ca\\\/blog\\\/plats-tipics-de-setmana-santa\\\/#respond\"]}]},{\"@type\":\"WebPage\",\"@id\":\"https:\\\/\\\/borges.es\\\/ca\\\/blog\\\/plats-tipics-de-setmana-santa\\\/\",\"url\":\"https:\\\/\\\/borges.es\\\/ca\\\/blog\\\/plats-tipics-de-setmana-santa\\\/\",\"name\":\"Quins s\u00f3n els plats t\u00edpics de Setmana Santa? - Borges\",\"isPartOf\":{\"@id\":\"https:\\\/\\\/borges.es\\\/ca\\\/#website\"},\"primaryImageOfPage\":{\"@id\":\"https:\\\/\\\/borges.es\\\/ca\\\/blog\\\/plats-tipics-de-setmana-santa\\\/#primaryimage\"},\"image\":{\"@id\":\"https:\\\/\\\/borges.es\\\/ca\\\/blog\\\/plats-tipics-de-setmana-santa\\\/#primaryimage\"},\"thumbnailUrl\":\"https:\\\/\\\/borges1896.com\\\/app\\\/uploads\\\/\\\/2019\\\/04\\\/MI-020419.jpeg\",\"datePublished\":\"2019-04-01T10:50:39+00:00\",\"author\":{\"@id\":\"https:\\\/\\\/borges.es\\\/ca\\\/#\\\/schema\\\/person\\\/4d4336303ff947bb61578b6173db1cb3\"},\"breadcrumb\":{\"@id\":\"https:\\\/\\\/borges.es\\\/ca\\\/blog\\\/plats-tipics-de-setmana-santa\\\/#breadcrumb\"},\"inLanguage\":\"ca\",\"potentialAction\":[{\"@type\":\"ReadAction\",\"target\":[\"https:\\\/\\\/borges.es\\\/ca\\\/blog\\\/plats-tipics-de-setmana-santa\\\/\"]}]},{\"@type\":\"ImageObject\",\"inLanguage\":\"ca\",\"@id\":\"https:\\\/\\\/borges.es\\\/ca\\\/blog\\\/plats-tipics-de-setmana-santa\\\/#primaryimage\",\"url\":\"https:\\\/\\\/borges1896.com\\\/app\\\/uploads\\\/\\\/2019\\\/04\\\/MI-020419.jpeg\",\"contentUrl\":\"https:\\\/\\\/borges1896.com\\\/app\\\/uploads\\\/\\\/2019\\\/04\\\/MI-020419.jpeg\",\"width\":6000,\"height\":4000,\"caption\":\"Raw cod before cooking on a black chopping Board with herbs and sea salt on a dark background. Top view.\"},{\"@type\":\"BreadcrumbList\",\"@id\":\"https:\\\/\\\/borges.es\\\/ca\\\/blog\\\/plats-tipics-de-setmana-santa\\\/#breadcrumb\",\"itemListElement\":[{\"@type\":\"ListItem\",\"position\":1,\"name\":\"Home\",\"item\":\"https:\\\/\\\/borges.es\\\/ca\\\/\"},{\"@type\":\"ListItem\",\"position\":2,\"name\":\"Quins s\u00f3n els plats t\u00edpics de Setmana Santa?\"}]},{\"@type\":\"WebSite\",\"@id\":\"https:\\\/\\\/borges.es\\\/ca\\\/#website\",\"url\":\"https:\\\/\\\/borges.es\\\/ca\\\/\",\"name\":\"Borges\",\"description\":\"Aqu\u00ed disfrutamos de la cocina saludable y sabrosa. \u00bfTe apuntas?\",\"inLanguage\":\"ca\"},{\"@type\":\"Person\",\"@id\":\"https:\\\/\\\/borges.es\\\/ca\\\/#\\\/schema\\\/person\\\/4d4336303ff947bb61578b6173db1cb3\",\"name\":\"S\u00edlvia Serra\",\"image\":{\"@type\":\"ImageObject\",\"inLanguage\":\"ca\",\"@id\":\"https:\\\/\\\/secure.gravatar.com\\\/avatar\\\/34074626096365f59765ad518fb0221300ade7a2b5a585b878a1aec5d37810e3?s=96&d=mm&r=g\",\"url\":\"https:\\\/\\\/secure.gravatar.com\\\/avatar\\\/34074626096365f59765ad518fb0221300ade7a2b5a585b878a1aec5d37810e3?s=96&d=mm&r=g\",\"contentUrl\":\"https:\\\/\\\/secure.gravatar.com\\\/avatar\\\/34074626096365f59765ad518fb0221300ade7a2b5a585b878a1aec5d37810e3?s=96&d=mm&r=g\",\"caption\":\"S\u00edlvia Serra\"},\"sameAs\":[\"https:\\\/\\\/x.com\\\/mortensen\"],\"url\":\"https:\\\/\\\/borges.es\\\/ca\\\/blog\\\/author\\\/silvia-serra\\\/\"}]}<\/script>\n<!-- \/ Yoast SEO plugin. -->","yoast_head_json":{"title":"Quins s\u00f3n els plats t\u00edpics de Setmana Santa? - Borges","robots":{"index":"index","follow":"follow","max-snippet":"max-snippet:-1","max-image-preview":"max-image-preview:large","max-video-preview":"max-video-preview:-1"},"canonical":"https:\/\/borges.es\/ca\/blog\/plats-tipics-de-setmana-santa\/","og_locale":"ca_ES","og_type":"article","og_title":"Quins s\u00f3n els plats t\u00edpics de Setmana Santa? - Borges","og_description":"Arriba Setmana Santa i als amants de la bona taula se\u2019ls comen\u00e7a a fer la boca aigua. Quins plats triar\u00edem...","og_url":"https:\/\/borges.es\/ca\/blog\/plats-tipics-de-setmana-santa\/","og_site_name":"Borges","article_published_time":"2019-04-01T10:50:39+00:00","og_image":[{"width":1024,"height":683,"url":"https:\/\/borges1896.com\/app\/uploads\/\/2019\/04\/MI-020419-1024x683.jpeg","type":"image\/jpeg"}],"author":"S\u00edlvia Serra","twitter_card":"summary_large_image","twitter_creator":"@mortensen","twitter_misc":{"Escrit per":"S\u00edlvia Serra","Temps estimat de lectura":"1 minut"},"schema":{"@context":"https:\/\/schema.org","@graph":[{"@type":"Article","@id":"https:\/\/borges.es\/ca\/blog\/plats-tipics-de-setmana-santa\/#article","isPartOf":{"@id":"https:\/\/borges.es\/ca\/blog\/plats-tipics-de-setmana-santa\/"},"author":{"name":"S\u00edlvia Serra","@id":"https:\/\/borges.es\/ca\/#\/schema\/person\/4d4336303ff947bb61578b6173db1cb3"},"headline":"Quins s\u00f3n els plats t\u00edpics de Setmana Santa?","datePublished":"2019-04-01T10:50:39+00:00","mainEntityOfPage":{"@id":"https:\/\/borges.es\/ca\/blog\/plats-tipics-de-setmana-santa\/"},"wordCount":207,"commentCount":0,"image":{"@id":"https:\/\/borges.es\/ca\/blog\/plats-tipics-de-setmana-santa\/#primaryimage"},"thumbnailUrl":"https:\/\/borges1896.com\/app\/uploads\/\/2019\/04\/MI-020419.jpeg","keywords":["bacalao","bacall\u00e0","festiu","peix","plats t\u00edpics","Setmana Santa","t\u00edpic"],"articleSection":["Uncategorized @ca"],"inLanguage":"ca","potentialAction":[{"@type":"CommentAction","name":"Comment","target":["https:\/\/borges.es\/ca\/blog\/plats-tipics-de-setmana-santa\/#respond"]}]},{"@type":"WebPage","@id":"https:\/\/borges.es\/ca\/blog\/plats-tipics-de-setmana-santa\/","url":"https:\/\/borges.es\/ca\/blog\/plats-tipics-de-setmana-santa\/","name":"Quins s\u00f3n els plats t\u00edpics de Setmana Santa? - Borges","isPartOf":{"@id":"https:\/\/borges.es\/ca\/#website"},"primaryImageOfPage":{"@id":"https:\/\/borges.es\/ca\/blog\/plats-tipics-de-setmana-santa\/#primaryimage"},"image":{"@id":"https:\/\/borges.es\/ca\/blog\/plats-tipics-de-setmana-santa\/#primaryimage"},"thumbnailUrl":"https:\/\/borges1896.com\/app\/uploads\/\/2019\/04\/MI-020419.jpeg","datePublished":"2019-04-01T10:50:39+00:00","author":{"@id":"https:\/\/borges.es\/ca\/#\/schema\/person\/4d4336303ff947bb61578b6173db1cb3"},"breadcrumb":{"@id":"https:\/\/borges.es\/ca\/blog\/plats-tipics-de-setmana-santa\/#breadcrumb"},"inLanguage":"ca","potentialAction":[{"@type":"ReadAction","target":["https:\/\/borges.es\/ca\/blog\/plats-tipics-de-setmana-santa\/"]}]},{"@type":"ImageObject","inLanguage":"ca","@id":"https:\/\/borges.es\/ca\/blog\/plats-tipics-de-setmana-santa\/#primaryimage","url":"https:\/\/borges1896.com\/app\/uploads\/\/2019\/04\/MI-020419.jpeg","contentUrl":"https:\/\/borges1896.com\/app\/uploads\/\/2019\/04\/MI-020419.jpeg","width":6000,"height":4000,"caption":"Raw cod before cooking on a black chopping Board with herbs and sea salt on a dark background. Top view."},{"@type":"BreadcrumbList","@id":"https:\/\/borges.es\/ca\/blog\/plats-tipics-de-setmana-santa\/#breadcrumb","itemListElement":[{"@type":"ListItem","position":1,"name":"Home","item":"https:\/\/borges.es\/ca\/"},{"@type":"ListItem","position":2,"name":"Quins s\u00f3n els plats t\u00edpics de Setmana Santa?"}]},{"@type":"WebSite","@id":"https:\/\/borges.es\/ca\/#website","url":"https:\/\/borges.es\/ca\/","name":"Borges","description":"Aqu\u00ed disfrutamos de la cocina saludable y sabrosa. \u00bfTe apuntas?","inLanguage":"ca"},{"@type":"Person","@id":"https:\/\/borges.es\/ca\/#\/schema\/person\/4d4336303ff947bb61578b6173db1cb3","name":"S\u00edlvia Serra","image":{"@type":"ImageObject","inLanguage":"ca","@id":"https:\/\/secure.gravatar.com\/avatar\/34074626096365f59765ad518fb0221300ade7a2b5a585b878a1aec5d37810e3?s=96&d=mm&r=g","url":"https:\/\/secure.gravatar.com\/avatar\/34074626096365f59765ad518fb0221300ade7a2b5a585b878a1aec5d37810e3?s=96&d=mm&r=g","contentUrl":"https:\/\/secure.gravatar.com\/avatar\/34074626096365f59765ad518fb0221300ade7a2b5a585b878a1aec5d37810e3?s=96&d=mm&r=g","caption":"S\u00edlvia Serra"},"sameAs":["https:\/\/x.com\/mortensen"],"url":"https:\/\/borges.es\/ca\/blog\/author\/silvia-serra\/"}]}},"_links":{"self":[{"href":"https:\/\/borges.es\/ca\/wp-json\/wp\/v2\/posts\/5655","targetHints":{"allow":["GET"]}}],"collection":[{"href":"https:\/\/borges.es\/ca\/wp-json\/wp\/v2\/posts"}],"about":[{"href":"https:\/\/borges.es\/ca\/wp-json\/wp\/v2\/types\/post"}],"author":[{"embeddable":true,"href":"https:\/\/borges.es\/ca\/wp-json\/wp\/v2\/users\/63"}],"replies":[{"embeddable":true,"href":"https:\/\/borges.es\/ca\/wp-json\/wp\/v2\/comments?post=5655"}],"version-history":[{"count":1,"href":"https:\/\/borges.es\/ca\/wp-json\/wp\/v2\/posts\/5655\/revisions"}],"predecessor-version":[{"id":5656,"href":"https:\/\/borges.es\/ca\/wp-json\/wp\/v2\/posts\/5655\/revisions\/5656"}],"wp:featuredmedia":[{"embeddable":true,"href":"https:\/\/borges.es\/ca\/wp-json\/wp\/v2\/media\/5653"}],"wp:attachment":[{"href":"https:\/\/borges.es\/ca\/wp-json\/wp\/v2\/media?parent=5655"}],"wp:term":[{"taxonomy":"category","embeddable":true,"href":"https:\/\/borges.es\/ca\/wp-json\/wp\/v2\/categories?post=5655"},{"taxonomy":"post_tag","embeddable":true,"href":"https:\/\/borges.es\/ca\/wp-json\/wp\/v2\/tags?post=5655"}],"curies":[{"name":"wp","href":"https:\/\/api.w.org\/{rel}","templated":true}]}}