{"id":5657,"date":"2019-04-01T10:53:55","date_gmt":"2019-04-01T10:53:55","guid":{"rendered":"https:\/\/borges.es\/?p=5657"},"modified":"2019-04-01T10:53:55","modified_gmt":"2019-04-01T10:53:55","slug":"menu-saludable-setmana-santa","status":"publish","type":"post","link":"https:\/\/borges.es\/ca\/blog\/menu-saludable-setmana-santa\/","title":{"rendered":"El men\u00fa saludable per a Setmana Santa"},"content":{"rendered":"<p>Aqu\u00ed us deixem una proposta per elaborar un men\u00fa de Setmana Santa lliure de prote\u00efna animal i amb un petit toc dol\u00e7 que ens far\u00e0 morir d\u2019amor.<\/p>\n<p><strong><span style=\"color: #ff0000;\">De primer, sopa d\u2019all<\/span><\/strong><\/p>\n<p>Aigua, oli d\u2019oliva verge extra, pa, pebre vermell, llorer i ou escaldat. Aquests s\u00f3n els ingredients amb qu\u00e8 elaborarem una sopa castellana o sopa d\u2019all, un plat reconstituent molt t\u00edpic de les processons de Castella i Lle\u00f3. Bon\u00edssim!<\/p>\n<p><strong><span style=\"color: #ff0000;\">De segon, bacall\u00e0 <em>al pilpil<\/em><\/span><\/strong><\/p>\n<p>S\u00f3n pocs els secrets que t\u00e9 aquesta recepta en qu\u00e8 el bacall\u00e0 va acompanyat d\u2019oli d\u2019oliva verge extra, all i un punt de bitxo. Un d\u2019aquests secrets \u00e9s que el peix sigui de bona qualitat i estigui ben dessalat. La resta \u00e9s bufar i fer ampolles!<\/p>\n<p><span style=\"color: #ff0000;\"><strong>I de postres, <em>torrijas<\/em>!<\/strong><\/span><\/p>\n<p>Hist\u00f2ricament, s\u2019han preparat plats deliciosos amb el pa que sobrava, des de la llet fregida (has provat mai d\u2019elaborar-la amb beguda vegetal?) fins a les <em>migas\u00a0<\/em>o el p\u00fading, per no parlar d\u2019aquesta del\u00edcia ensucrada que trobem a nombrosos restaurants i a tantes llars durant la Setmana Santa. Prova d\u2019elaborar la <em>torrija <\/em>amb beguda d\u2019ametlla i reduir la quantitat de sucre: ser\u00e0 molt m\u00e9s lleugera.<\/p>\n","protected":false},"excerpt":{"rendered":"<p>Aqu\u00ed us deixem una proposta per elaborar un men\u00fa de Setmana Santa lliure de prote\u00efna animal i amb un petit&#8230;<\/p>\n","protected":false},"author":63,"featured_media":5658,"comment_status":"open","ping_status":"closed","sticky":false,"template":"","format":"standard","meta":{"_acf_changed":false,"footnotes":""},"categories":[2],"tags":[2652,2653,2358,1943,1396,1010,668],"class_list":["post-5657","post","type-post","status-publish","format-standard","has-post-thumbnail","hentry","category-uncategorized-ca","tag-menu-saludable","tag-torrijas","tag-setmana-santa","tag-sopa","tag-menu","tag-saludable","tag-bacalla"],"acf":[],"yoast_head":"<!-- This site is optimized with the Yoast SEO plugin v27.4 - https:\/\/yoast.com\/product\/yoast-seo-wordpress\/ -->\n<title>El men\u00fa saludable per a Setmana Santa - Borges<\/title>\n<meta name=\"robots\" content=\"index, follow, max-snippet:-1, max-image-preview:large, max-video-preview:-1\" \/>\n<link rel=\"canonical\" href=\"https:\/\/borges.es\/ca\/blog\/menu-saludable-setmana-santa\/\" \/>\n<meta property=\"og:locale\" content=\"ca_ES\" \/>\n<meta property=\"og:type\" content=\"article\" \/>\n<meta property=\"og:title\" content=\"El men\u00fa saludable per a Setmana Santa - Borges\" \/>\n<meta property=\"og:description\" content=\"Aqu\u00ed us deixem una proposta per elaborar un men\u00fa de Setmana Santa lliure de prote\u00efna animal i amb un petit...\" \/>\n<meta property=\"og:url\" content=\"https:\/\/borges.es\/ca\/blog\/menu-saludable-setmana-santa\/\" \/>\n<meta property=\"og:site_name\" content=\"Borges\" \/>\n<meta property=\"article:published_time\" content=\"2019-04-01T10:53:55+00:00\" \/>\n<meta property=\"og:image\" content=\"https:\/\/borges1896.com\/app\/uploads\/\/2019\/04\/MI-040419-1024x682.jpeg\" \/>\n\t<meta property=\"og:image:width\" content=\"1024\" \/>\n\t<meta property=\"og:image:height\" content=\"682\" \/>\n\t<meta property=\"og:image:type\" content=\"image\/jpeg\" \/>\n<meta name=\"author\" content=\"S\u00edlvia Serra\" \/>\n<meta name=\"twitter:card\" content=\"summary_large_image\" \/>\n<meta name=\"twitter:creator\" content=\"@mortensen\" \/>\n<meta name=\"twitter:label1\" content=\"Escrit per\" \/>\n\t<meta name=\"twitter:data1\" content=\"S\u00edlvia Serra\" \/>\n\t<meta name=\"twitter:label2\" content=\"Temps estimat de lectura\" \/>\n\t<meta name=\"twitter:data2\" content=\"1 minut\" \/>\n<script type=\"application\/ld+json\" class=\"yoast-schema-graph\">{\"@context\":\"https:\\\/\\\/schema.org\",\"@graph\":[{\"@type\":\"Article\",\"@id\":\"https:\\\/\\\/borges.es\\\/ca\\\/blog\\\/menu-saludable-setmana-santa\\\/#article\",\"isPartOf\":{\"@id\":\"https:\\\/\\\/borges.es\\\/ca\\\/blog\\\/menu-saludable-setmana-santa\\\/\"},\"author\":{\"name\":\"S\u00edlvia Serra\",\"@id\":\"https:\\\/\\\/borges.es\\\/ca\\\/#\\\/schema\\\/person\\\/4d4336303ff947bb61578b6173db1cb3\"},\"headline\":\"El men\u00fa saludable per a Setmana Santa\",\"datePublished\":\"2019-04-01T10:53:55+00:00\",\"mainEntityOfPage\":{\"@id\":\"https:\\\/\\\/borges.es\\\/ca\\\/blog\\\/menu-saludable-setmana-santa\\\/\"},\"wordCount\":217,\"commentCount\":0,\"image\":{\"@id\":\"https:\\\/\\\/borges.es\\\/ca\\\/blog\\\/menu-saludable-setmana-santa\\\/#primaryimage\"},\"thumbnailUrl\":\"https:\\\/\\\/borges1896.com\\\/app\\\/uploads\\\/\\\/2019\\\/04\\\/MI-040419.jpeg\",\"keywords\":[\"men\u00fa saludable\",\"torrijas\",\"Setmana Santa\",\"sopa\",\"men\u00fa\",\"saludable\",\"bacall\u00e0\"],\"articleSection\":[\"Uncategorized @ca\"],\"inLanguage\":\"ca\",\"potentialAction\":[{\"@type\":\"CommentAction\",\"name\":\"Comment\",\"target\":[\"https:\\\/\\\/borges.es\\\/ca\\\/blog\\\/menu-saludable-setmana-santa\\\/#respond\"]}]},{\"@type\":\"WebPage\",\"@id\":\"https:\\\/\\\/borges.es\\\/ca\\\/blog\\\/menu-saludable-setmana-santa\\\/\",\"url\":\"https:\\\/\\\/borges.es\\\/ca\\\/blog\\\/menu-saludable-setmana-santa\\\/\",\"name\":\"El men\u00fa saludable per a Setmana Santa - Borges\",\"isPartOf\":{\"@id\":\"https:\\\/\\\/borges.es\\\/ca\\\/#website\"},\"primaryImageOfPage\":{\"@id\":\"https:\\\/\\\/borges.es\\\/ca\\\/blog\\\/menu-saludable-setmana-santa\\\/#primaryimage\"},\"image\":{\"@id\":\"https:\\\/\\\/borges.es\\\/ca\\\/blog\\\/menu-saludable-setmana-santa\\\/#primaryimage\"},\"thumbnailUrl\":\"https:\\\/\\\/borges1896.com\\\/app\\\/uploads\\\/\\\/2019\\\/04\\\/MI-040419.jpeg\",\"datePublished\":\"2019-04-01T10:53:55+00:00\",\"author\":{\"@id\":\"https:\\\/\\\/borges.es\\\/ca\\\/#\\\/schema\\\/person\\\/4d4336303ff947bb61578b6173db1cb3\"},\"breadcrumb\":{\"@id\":\"https:\\\/\\\/borges.es\\\/ca\\\/blog\\\/menu-saludable-setmana-santa\\\/#breadcrumb\"},\"inLanguage\":\"ca\",\"potentialAction\":[{\"@type\":\"ReadAction\",\"target\":[\"https:\\\/\\\/borges.es\\\/ca\\\/blog\\\/menu-saludable-setmana-santa\\\/\"]}]},{\"@type\":\"ImageObject\",\"inLanguage\":\"ca\",\"@id\":\"https:\\\/\\\/borges.es\\\/ca\\\/blog\\\/menu-saludable-setmana-santa\\\/#primaryimage\",\"url\":\"https:\\\/\\\/borges1896.com\\\/app\\\/uploads\\\/\\\/2019\\\/04\\\/MI-040419.jpeg\",\"contentUrl\":\"https:\\\/\\\/borges1896.com\\\/app\\\/uploads\\\/\\\/2019\\\/04\\\/MI-040419.jpeg\",\"width\":4545,\"height\":3025,\"caption\":\"Borges - Menu Setmana Santa\"},{\"@type\":\"BreadcrumbList\",\"@id\":\"https:\\\/\\\/borges.es\\\/ca\\\/blog\\\/menu-saludable-setmana-santa\\\/#breadcrumb\",\"itemListElement\":[{\"@type\":\"ListItem\",\"position\":1,\"name\":\"Home\",\"item\":\"https:\\\/\\\/borges.es\\\/ca\\\/\"},{\"@type\":\"ListItem\",\"position\":2,\"name\":\"El men\u00fa saludable per a Setmana Santa\"}]},{\"@type\":\"WebSite\",\"@id\":\"https:\\\/\\\/borges.es\\\/ca\\\/#website\",\"url\":\"https:\\\/\\\/borges.es\\\/ca\\\/\",\"name\":\"Borges\",\"description\":\"Aqu\u00ed disfrutamos de la cocina saludable y sabrosa. \u00bfTe apuntas?\",\"inLanguage\":\"ca\"},{\"@type\":\"Person\",\"@id\":\"https:\\\/\\\/borges.es\\\/ca\\\/#\\\/schema\\\/person\\\/4d4336303ff947bb61578b6173db1cb3\",\"name\":\"S\u00edlvia Serra\",\"image\":{\"@type\":\"ImageObject\",\"inLanguage\":\"ca\",\"@id\":\"https:\\\/\\\/secure.gravatar.com\\\/avatar\\\/34074626096365f59765ad518fb0221300ade7a2b5a585b878a1aec5d37810e3?s=96&d=mm&r=g\",\"url\":\"https:\\\/\\\/secure.gravatar.com\\\/avatar\\\/34074626096365f59765ad518fb0221300ade7a2b5a585b878a1aec5d37810e3?s=96&d=mm&r=g\",\"contentUrl\":\"https:\\\/\\\/secure.gravatar.com\\\/avatar\\\/34074626096365f59765ad518fb0221300ade7a2b5a585b878a1aec5d37810e3?s=96&d=mm&r=g\",\"caption\":\"S\u00edlvia Serra\"},\"sameAs\":[\"https:\\\/\\\/x.com\\\/mortensen\"],\"url\":\"https:\\\/\\\/borges.es\\\/ca\\\/blog\\\/author\\\/silvia-serra\\\/\"}]}<\/script>\n<!-- \/ Yoast SEO plugin. -->","yoast_head_json":{"title":"El men\u00fa saludable per a Setmana Santa - Borges","robots":{"index":"index","follow":"follow","max-snippet":"max-snippet:-1","max-image-preview":"max-image-preview:large","max-video-preview":"max-video-preview:-1"},"canonical":"https:\/\/borges.es\/ca\/blog\/menu-saludable-setmana-santa\/","og_locale":"ca_ES","og_type":"article","og_title":"El men\u00fa saludable per a Setmana Santa - Borges","og_description":"Aqu\u00ed us deixem una proposta per elaborar un men\u00fa de Setmana Santa lliure de prote\u00efna animal i amb un petit...","og_url":"https:\/\/borges.es\/ca\/blog\/menu-saludable-setmana-santa\/","og_site_name":"Borges","article_published_time":"2019-04-01T10:53:55+00:00","og_image":[{"width":1024,"height":682,"url":"https:\/\/borges1896.com\/app\/uploads\/\/2019\/04\/MI-040419-1024x682.jpeg","type":"image\/jpeg"}],"author":"S\u00edlvia Serra","twitter_card":"summary_large_image","twitter_creator":"@mortensen","twitter_misc":{"Escrit per":"S\u00edlvia Serra","Temps estimat de lectura":"1 minut"},"schema":{"@context":"https:\/\/schema.org","@graph":[{"@type":"Article","@id":"https:\/\/borges.es\/ca\/blog\/menu-saludable-setmana-santa\/#article","isPartOf":{"@id":"https:\/\/borges.es\/ca\/blog\/menu-saludable-setmana-santa\/"},"author":{"name":"S\u00edlvia Serra","@id":"https:\/\/borges.es\/ca\/#\/schema\/person\/4d4336303ff947bb61578b6173db1cb3"},"headline":"El men\u00fa saludable per a Setmana Santa","datePublished":"2019-04-01T10:53:55+00:00","mainEntityOfPage":{"@id":"https:\/\/borges.es\/ca\/blog\/menu-saludable-setmana-santa\/"},"wordCount":217,"commentCount":0,"image":{"@id":"https:\/\/borges.es\/ca\/blog\/menu-saludable-setmana-santa\/#primaryimage"},"thumbnailUrl":"https:\/\/borges1896.com\/app\/uploads\/\/2019\/04\/MI-040419.jpeg","keywords":["men\u00fa saludable","torrijas","Setmana Santa","sopa","men\u00fa","saludable","bacall\u00e0"],"articleSection":["Uncategorized @ca"],"inLanguage":"ca","potentialAction":[{"@type":"CommentAction","name":"Comment","target":["https:\/\/borges.es\/ca\/blog\/menu-saludable-setmana-santa\/#respond"]}]},{"@type":"WebPage","@id":"https:\/\/borges.es\/ca\/blog\/menu-saludable-setmana-santa\/","url":"https:\/\/borges.es\/ca\/blog\/menu-saludable-setmana-santa\/","name":"El men\u00fa saludable per a Setmana Santa - Borges","isPartOf":{"@id":"https:\/\/borges.es\/ca\/#website"},"primaryImageOfPage":{"@id":"https:\/\/borges.es\/ca\/blog\/menu-saludable-setmana-santa\/#primaryimage"},"image":{"@id":"https:\/\/borges.es\/ca\/blog\/menu-saludable-setmana-santa\/#primaryimage"},"thumbnailUrl":"https:\/\/borges1896.com\/app\/uploads\/\/2019\/04\/MI-040419.jpeg","datePublished":"2019-04-01T10:53:55+00:00","author":{"@id":"https:\/\/borges.es\/ca\/#\/schema\/person\/4d4336303ff947bb61578b6173db1cb3"},"breadcrumb":{"@id":"https:\/\/borges.es\/ca\/blog\/menu-saludable-setmana-santa\/#breadcrumb"},"inLanguage":"ca","potentialAction":[{"@type":"ReadAction","target":["https:\/\/borges.es\/ca\/blog\/menu-saludable-setmana-santa\/"]}]},{"@type":"ImageObject","inLanguage":"ca","@id":"https:\/\/borges.es\/ca\/blog\/menu-saludable-setmana-santa\/#primaryimage","url":"https:\/\/borges1896.com\/app\/uploads\/\/2019\/04\/MI-040419.jpeg","contentUrl":"https:\/\/borges1896.com\/app\/uploads\/\/2019\/04\/MI-040419.jpeg","width":4545,"height":3025,"caption":"Borges - Menu Setmana Santa"},{"@type":"BreadcrumbList","@id":"https:\/\/borges.es\/ca\/blog\/menu-saludable-setmana-santa\/#breadcrumb","itemListElement":[{"@type":"ListItem","position":1,"name":"Home","item":"https:\/\/borges.es\/ca\/"},{"@type":"ListItem","position":2,"name":"El men\u00fa saludable per a Setmana Santa"}]},{"@type":"WebSite","@id":"https:\/\/borges.es\/ca\/#website","url":"https:\/\/borges.es\/ca\/","name":"Borges","description":"Aqu\u00ed disfrutamos de la cocina saludable y sabrosa. \u00bfTe apuntas?","inLanguage":"ca"},{"@type":"Person","@id":"https:\/\/borges.es\/ca\/#\/schema\/person\/4d4336303ff947bb61578b6173db1cb3","name":"S\u00edlvia Serra","image":{"@type":"ImageObject","inLanguage":"ca","@id":"https:\/\/secure.gravatar.com\/avatar\/34074626096365f59765ad518fb0221300ade7a2b5a585b878a1aec5d37810e3?s=96&d=mm&r=g","url":"https:\/\/secure.gravatar.com\/avatar\/34074626096365f59765ad518fb0221300ade7a2b5a585b878a1aec5d37810e3?s=96&d=mm&r=g","contentUrl":"https:\/\/secure.gravatar.com\/avatar\/34074626096365f59765ad518fb0221300ade7a2b5a585b878a1aec5d37810e3?s=96&d=mm&r=g","caption":"S\u00edlvia Serra"},"sameAs":["https:\/\/x.com\/mortensen"],"url":"https:\/\/borges.es\/ca\/blog\/author\/silvia-serra\/"}]}},"_links":{"self":[{"href":"https:\/\/borges.es\/ca\/wp-json\/wp\/v2\/posts\/5657","targetHints":{"allow":["GET"]}}],"collection":[{"href":"https:\/\/borges.es\/ca\/wp-json\/wp\/v2\/posts"}],"about":[{"href":"https:\/\/borges.es\/ca\/wp-json\/wp\/v2\/types\/post"}],"author":[{"embeddable":true,"href":"https:\/\/borges.es\/ca\/wp-json\/wp\/v2\/users\/63"}],"replies":[{"embeddable":true,"href":"https:\/\/borges.es\/ca\/wp-json\/wp\/v2\/comments?post=5657"}],"version-history":[{"count":1,"href":"https:\/\/borges.es\/ca\/wp-json\/wp\/v2\/posts\/5657\/revisions"}],"predecessor-version":[{"id":5660,"href":"https:\/\/borges.es\/ca\/wp-json\/wp\/v2\/posts\/5657\/revisions\/5660"}],"wp:featuredmedia":[{"embeddable":true,"href":"https:\/\/borges.es\/ca\/wp-json\/wp\/v2\/media\/5658"}],"wp:attachment":[{"href":"https:\/\/borges.es\/ca\/wp-json\/wp\/v2\/media?parent=5657"}],"wp:term":[{"taxonomy":"category","embeddable":true,"href":"https:\/\/borges.es\/ca\/wp-json\/wp\/v2\/categories?post=5657"},{"taxonomy":"post_tag","embeddable":true,"href":"https:\/\/borges.es\/ca\/wp-json\/wp\/v2\/tags?post=5657"}],"curies":[{"name":"wp","href":"https:\/\/api.w.org\/{rel}","templated":true}]}}