{"id":5705,"date":"2019-04-16T08:18:15","date_gmt":"2019-04-16T08:18:15","guid":{"rendered":"https:\/\/borges.es\/?p=5705"},"modified":"2019-04-16T08:18:15","modified_gmt":"2019-04-16T08:18:15","slug":"reutilitza-bunyols-i-torradetes","status":"publish","type":"post","link":"https:\/\/borges.es\/ca\/blog\/reutilitza-bunyols-i-torradetes\/","title":{"rendered":"Reutilitza els bunyols i les torradetes de Santa Teresa"},"content":{"rendered":"<p>Som en \u00e8poca de Pasqua i, com \u00e9s tradici\u00f3, a taula no hi poden faltar les torradetes de Santa Teresa ni els bunyols. Aix\u00ed que \u00e9s molt probable que aquests dies tinguem a casa aquests dol\u00e7os t\u00edpics, que s\u00f3n deliciosos acabats de preparar per\u00f2 menys llaminers amb el pas dels dies. S\u2019han tornat ressecs? No pateixis: hi ha diferents maneres de reaprofitar-los perqu\u00e8 continu\u00efn sent un mos delici\u00f3s.<\/p>\n<p>Qu\u00e8 et sembla si transformes les teves torradetes en la base per a un fals tiramis\u00fa? La massa de la torradeta, banyada en llet i canyella, aportar\u00e0 un toc molt especial al gust d\u2019aquestes postres amb gust de caf\u00e8. Tamb\u00e9 pots reutilitzar-les per preparar un\u00a0<em>Bettelmann<\/em>, un past\u00eds t\u00edpic franc\u00e8s elaborat amb restes de pa o brioix. \u00c9s per aix\u00f2 que se\u2019l coneix com el past\u00eds del captaire. Pots afegir-hi fruita (maduixes, poma o cireres) o fruita seca per decorar-lo.<\/p>\n<p>En el cas dels bunyols, tamb\u00e9 \u00e9s senzill donar-los una segona vida. Banya\u2019ls en xocolata de postres i decora\u2019ls amb encenalls de coco o fruita seca molta. Quan els tinguis a punt, refrigera\u2019ls a la nevera durant uns 15 minuts, punxa\u2019ls amb un pal de broqueta i tindr\u00e0s uns divertits i originals <em>cake pops\u00a0<\/em>(piruletes de bunyols) que segur que triomfen. <em>Oh yeah!<\/em><\/p>\n","protected":false},"excerpt":{"rendered":"<p>Som en \u00e8poca de Pasqua i, com \u00e9s tradici\u00f3, a taula no hi poden faltar les torradetes de Santa Teresa&#8230;<\/p>\n","protected":false},"author":63,"featured_media":5706,"comment_status":"open","ping_status":"closed","sticky":false,"template":"","format":"standard","meta":{"_acf_changed":false,"footnotes":""},"categories":[2],"tags":[1115,1871,2237,2358,2361,2362,2658,2659],"class_list":["post-5705","post","type-post","status-publish","format-standard","has-post-thumbnail","hentry","category-uncategorized-ca","tag-postres","tag-reutilitzar","tag-bunyols","tag-setmana-santa","tag-pasqua","tag-tradicio","tag-torradetes","tag-santa-teresa"],"acf":[],"yoast_head":"<!-- This site is optimized with the Yoast SEO plugin v27.4 - https:\/\/yoast.com\/product\/yoast-seo-wordpress\/ -->\n<title>Reutilitza els bunyols i les torradetes de Santa Teresa - Borges<\/title>\n<meta name=\"robots\" content=\"index, follow, max-snippet:-1, max-image-preview:large, max-video-preview:-1\" \/>\n<link rel=\"canonical\" href=\"https:\/\/borges.es\/ca\/blog\/reutilitza-bunyols-i-torradetes\/\" \/>\n<meta property=\"og:locale\" content=\"ca_ES\" \/>\n<meta property=\"og:type\" content=\"article\" \/>\n<meta property=\"og:title\" content=\"Reutilitza els bunyols i les torradetes de Santa Teresa - Borges\" \/>\n<meta property=\"og:description\" content=\"Som en \u00e8poca de Pasqua i, com \u00e9s tradici\u00f3, a taula no hi poden faltar les torradetes de Santa Teresa...\" \/>\n<meta property=\"og:url\" content=\"https:\/\/borges.es\/ca\/blog\/reutilitza-bunyols-i-torradetes\/\" \/>\n<meta property=\"og:site_name\" content=\"Borges\" \/>\n<meta property=\"article:published_time\" content=\"2019-04-16T08:18:15+00:00\" \/>\n<meta property=\"og:image\" content=\"https:\/\/borges1896.com\/app\/uploads\/\/2019\/04\/MI-20190418-1024x683.jpeg\" \/>\n\t<meta property=\"og:image:width\" content=\"1024\" \/>\n\t<meta property=\"og:image:height\" content=\"683\" \/>\n\t<meta property=\"og:image:type\" content=\"image\/jpeg\" \/>\n<meta name=\"author\" content=\"S\u00edlvia Serra\" \/>\n<meta name=\"twitter:card\" content=\"summary_large_image\" \/>\n<meta name=\"twitter:creator\" content=\"@mortensen\" \/>\n<meta name=\"twitter:label1\" content=\"Escrit per\" \/>\n\t<meta name=\"twitter:data1\" content=\"S\u00edlvia Serra\" \/>\n\t<meta name=\"twitter:label2\" content=\"Temps estimat de lectura\" \/>\n\t<meta name=\"twitter:data2\" content=\"1 minut\" \/>\n<script type=\"application\/ld+json\" class=\"yoast-schema-graph\">{\"@context\":\"https:\\\/\\\/schema.org\",\"@graph\":[{\"@type\":\"Article\",\"@id\":\"https:\\\/\\\/borges.es\\\/ca\\\/blog\\\/reutilitza-bunyols-i-torradetes\\\/#article\",\"isPartOf\":{\"@id\":\"https:\\\/\\\/borges.es\\\/ca\\\/blog\\\/reutilitza-bunyols-i-torradetes\\\/\"},\"author\":{\"name\":\"S\u00edlvia Serra\",\"@id\":\"https:\\\/\\\/borges.es\\\/ca\\\/#\\\/schema\\\/person\\\/4d4336303ff947bb61578b6173db1cb3\"},\"headline\":\"Reutilitza els bunyols i les torradetes de Santa Teresa\",\"datePublished\":\"2019-04-16T08:18:15+00:00\",\"mainEntityOfPage\":{\"@id\":\"https:\\\/\\\/borges.es\\\/ca\\\/blog\\\/reutilitza-bunyols-i-torradetes\\\/\"},\"wordCount\":236,\"commentCount\":0,\"image\":{\"@id\":\"https:\\\/\\\/borges.es\\\/ca\\\/blog\\\/reutilitza-bunyols-i-torradetes\\\/#primaryimage\"},\"thumbnailUrl\":\"https:\\\/\\\/borges1896.com\\\/app\\\/uploads\\\/\\\/2019\\\/04\\\/MI-20190418.jpeg\",\"keywords\":[\"postres\",\"reutilitzar\",\"bunyols\",\"Setmana Santa\",\"Pasqua\",\"tradici\u00f3\",\"torradetes\",\"Santa Teresa\"],\"articleSection\":[\"Uncategorized @ca\"],\"inLanguage\":\"ca\",\"potentialAction\":[{\"@type\":\"CommentAction\",\"name\":\"Comment\",\"target\":[\"https:\\\/\\\/borges.es\\\/ca\\\/blog\\\/reutilitza-bunyols-i-torradetes\\\/#respond\"]}]},{\"@type\":\"WebPage\",\"@id\":\"https:\\\/\\\/borges.es\\\/ca\\\/blog\\\/reutilitza-bunyols-i-torradetes\\\/\",\"url\":\"https:\\\/\\\/borges.es\\\/ca\\\/blog\\\/reutilitza-bunyols-i-torradetes\\\/\",\"name\":\"Reutilitza els bunyols i les torradetes de Santa Teresa - Borges\",\"isPartOf\":{\"@id\":\"https:\\\/\\\/borges.es\\\/ca\\\/#website\"},\"primaryImageOfPage\":{\"@id\":\"https:\\\/\\\/borges.es\\\/ca\\\/blog\\\/reutilitza-bunyols-i-torradetes\\\/#primaryimage\"},\"image\":{\"@id\":\"https:\\\/\\\/borges.es\\\/ca\\\/blog\\\/reutilitza-bunyols-i-torradetes\\\/#primaryimage\"},\"thumbnailUrl\":\"https:\\\/\\\/borges1896.com\\\/app\\\/uploads\\\/\\\/2019\\\/04\\\/MI-20190418.jpeg\",\"datePublished\":\"2019-04-16T08:18:15+00:00\",\"author\":{\"@id\":\"https:\\\/\\\/borges.es\\\/ca\\\/#\\\/schema\\\/person\\\/4d4336303ff947bb61578b6173db1cb3\"},\"breadcrumb\":{\"@id\":\"https:\\\/\\\/borges.es\\\/ca\\\/blog\\\/reutilitza-bunyols-i-torradetes\\\/#breadcrumb\"},\"inLanguage\":\"ca\",\"potentialAction\":[{\"@type\":\"ReadAction\",\"target\":[\"https:\\\/\\\/borges.es\\\/ca\\\/blog\\\/reutilitza-bunyols-i-torradetes\\\/\"]}]},{\"@type\":\"ImageObject\",\"inLanguage\":\"ca\",\"@id\":\"https:\\\/\\\/borges.es\\\/ca\\\/blog\\\/reutilitza-bunyols-i-torradetes\\\/#primaryimage\",\"url\":\"https:\\\/\\\/borges1896.com\\\/app\\\/uploads\\\/\\\/2019\\\/04\\\/MI-20190418.jpeg\",\"contentUrl\":\"https:\\\/\\\/borges1896.com\\\/app\\\/uploads\\\/\\\/2019\\\/04\\\/MI-20190418.jpeg\",\"width\":3888,\"height\":2592,\"caption\":\"Borges - Semana Santa\"},{\"@type\":\"BreadcrumbList\",\"@id\":\"https:\\\/\\\/borges.es\\\/ca\\\/blog\\\/reutilitza-bunyols-i-torradetes\\\/#breadcrumb\",\"itemListElement\":[{\"@type\":\"ListItem\",\"position\":1,\"name\":\"Home\",\"item\":\"https:\\\/\\\/borges.es\\\/ca\\\/\"},{\"@type\":\"ListItem\",\"position\":2,\"name\":\"Reutilitza els bunyols i les torradetes de Santa Teresa\"}]},{\"@type\":\"WebSite\",\"@id\":\"https:\\\/\\\/borges.es\\\/ca\\\/#website\",\"url\":\"https:\\\/\\\/borges.es\\\/ca\\\/\",\"name\":\"Borges\",\"description\":\"Aqu\u00ed disfrutamos de la cocina saludable y sabrosa. \u00bfTe apuntas?\",\"inLanguage\":\"ca\"},{\"@type\":\"Person\",\"@id\":\"https:\\\/\\\/borges.es\\\/ca\\\/#\\\/schema\\\/person\\\/4d4336303ff947bb61578b6173db1cb3\",\"name\":\"S\u00edlvia Serra\",\"image\":{\"@type\":\"ImageObject\",\"inLanguage\":\"ca\",\"@id\":\"https:\\\/\\\/secure.gravatar.com\\\/avatar\\\/34074626096365f59765ad518fb0221300ade7a2b5a585b878a1aec5d37810e3?s=96&d=mm&r=g\",\"url\":\"https:\\\/\\\/secure.gravatar.com\\\/avatar\\\/34074626096365f59765ad518fb0221300ade7a2b5a585b878a1aec5d37810e3?s=96&d=mm&r=g\",\"contentUrl\":\"https:\\\/\\\/secure.gravatar.com\\\/avatar\\\/34074626096365f59765ad518fb0221300ade7a2b5a585b878a1aec5d37810e3?s=96&d=mm&r=g\",\"caption\":\"S\u00edlvia Serra\"},\"sameAs\":[\"https:\\\/\\\/x.com\\\/mortensen\"],\"url\":\"https:\\\/\\\/borges.es\\\/ca\\\/blog\\\/author\\\/silvia-serra\\\/\"}]}<\/script>\n<!-- \/ Yoast SEO plugin. -->","yoast_head_json":{"title":"Reutilitza els bunyols i les torradetes de Santa Teresa - Borges","robots":{"index":"index","follow":"follow","max-snippet":"max-snippet:-1","max-image-preview":"max-image-preview:large","max-video-preview":"max-video-preview:-1"},"canonical":"https:\/\/borges.es\/ca\/blog\/reutilitza-bunyols-i-torradetes\/","og_locale":"ca_ES","og_type":"article","og_title":"Reutilitza els bunyols i les torradetes de Santa Teresa - Borges","og_description":"Som en \u00e8poca de Pasqua i, com \u00e9s tradici\u00f3, a taula no hi poden faltar les torradetes de Santa Teresa...","og_url":"https:\/\/borges.es\/ca\/blog\/reutilitza-bunyols-i-torradetes\/","og_site_name":"Borges","article_published_time":"2019-04-16T08:18:15+00:00","og_image":[{"width":1024,"height":683,"url":"https:\/\/borges1896.com\/app\/uploads\/\/2019\/04\/MI-20190418-1024x683.jpeg","type":"image\/jpeg"}],"author":"S\u00edlvia Serra","twitter_card":"summary_large_image","twitter_creator":"@mortensen","twitter_misc":{"Escrit per":"S\u00edlvia Serra","Temps estimat de lectura":"1 minut"},"schema":{"@context":"https:\/\/schema.org","@graph":[{"@type":"Article","@id":"https:\/\/borges.es\/ca\/blog\/reutilitza-bunyols-i-torradetes\/#article","isPartOf":{"@id":"https:\/\/borges.es\/ca\/blog\/reutilitza-bunyols-i-torradetes\/"},"author":{"name":"S\u00edlvia Serra","@id":"https:\/\/borges.es\/ca\/#\/schema\/person\/4d4336303ff947bb61578b6173db1cb3"},"headline":"Reutilitza els bunyols i les torradetes de Santa Teresa","datePublished":"2019-04-16T08:18:15+00:00","mainEntityOfPage":{"@id":"https:\/\/borges.es\/ca\/blog\/reutilitza-bunyols-i-torradetes\/"},"wordCount":236,"commentCount":0,"image":{"@id":"https:\/\/borges.es\/ca\/blog\/reutilitza-bunyols-i-torradetes\/#primaryimage"},"thumbnailUrl":"https:\/\/borges1896.com\/app\/uploads\/\/2019\/04\/MI-20190418.jpeg","keywords":["postres","reutilitzar","bunyols","Setmana Santa","Pasqua","tradici\u00f3","torradetes","Santa Teresa"],"articleSection":["Uncategorized @ca"],"inLanguage":"ca","potentialAction":[{"@type":"CommentAction","name":"Comment","target":["https:\/\/borges.es\/ca\/blog\/reutilitza-bunyols-i-torradetes\/#respond"]}]},{"@type":"WebPage","@id":"https:\/\/borges.es\/ca\/blog\/reutilitza-bunyols-i-torradetes\/","url":"https:\/\/borges.es\/ca\/blog\/reutilitza-bunyols-i-torradetes\/","name":"Reutilitza els bunyols i les torradetes de Santa Teresa - Borges","isPartOf":{"@id":"https:\/\/borges.es\/ca\/#website"},"primaryImageOfPage":{"@id":"https:\/\/borges.es\/ca\/blog\/reutilitza-bunyols-i-torradetes\/#primaryimage"},"image":{"@id":"https:\/\/borges.es\/ca\/blog\/reutilitza-bunyols-i-torradetes\/#primaryimage"},"thumbnailUrl":"https:\/\/borges1896.com\/app\/uploads\/\/2019\/04\/MI-20190418.jpeg","datePublished":"2019-04-16T08:18:15+00:00","author":{"@id":"https:\/\/borges.es\/ca\/#\/schema\/person\/4d4336303ff947bb61578b6173db1cb3"},"breadcrumb":{"@id":"https:\/\/borges.es\/ca\/blog\/reutilitza-bunyols-i-torradetes\/#breadcrumb"},"inLanguage":"ca","potentialAction":[{"@type":"ReadAction","target":["https:\/\/borges.es\/ca\/blog\/reutilitza-bunyols-i-torradetes\/"]}]},{"@type":"ImageObject","inLanguage":"ca","@id":"https:\/\/borges.es\/ca\/blog\/reutilitza-bunyols-i-torradetes\/#primaryimage","url":"https:\/\/borges1896.com\/app\/uploads\/\/2019\/04\/MI-20190418.jpeg","contentUrl":"https:\/\/borges1896.com\/app\/uploads\/\/2019\/04\/MI-20190418.jpeg","width":3888,"height":2592,"caption":"Borges - Semana Santa"},{"@type":"BreadcrumbList","@id":"https:\/\/borges.es\/ca\/blog\/reutilitza-bunyols-i-torradetes\/#breadcrumb","itemListElement":[{"@type":"ListItem","position":1,"name":"Home","item":"https:\/\/borges.es\/ca\/"},{"@type":"ListItem","position":2,"name":"Reutilitza els bunyols i les torradetes de Santa Teresa"}]},{"@type":"WebSite","@id":"https:\/\/borges.es\/ca\/#website","url":"https:\/\/borges.es\/ca\/","name":"Borges","description":"Aqu\u00ed disfrutamos de la cocina saludable y sabrosa. \u00bfTe apuntas?","inLanguage":"ca"},{"@type":"Person","@id":"https:\/\/borges.es\/ca\/#\/schema\/person\/4d4336303ff947bb61578b6173db1cb3","name":"S\u00edlvia Serra","image":{"@type":"ImageObject","inLanguage":"ca","@id":"https:\/\/secure.gravatar.com\/avatar\/34074626096365f59765ad518fb0221300ade7a2b5a585b878a1aec5d37810e3?s=96&d=mm&r=g","url":"https:\/\/secure.gravatar.com\/avatar\/34074626096365f59765ad518fb0221300ade7a2b5a585b878a1aec5d37810e3?s=96&d=mm&r=g","contentUrl":"https:\/\/secure.gravatar.com\/avatar\/34074626096365f59765ad518fb0221300ade7a2b5a585b878a1aec5d37810e3?s=96&d=mm&r=g","caption":"S\u00edlvia Serra"},"sameAs":["https:\/\/x.com\/mortensen"],"url":"https:\/\/borges.es\/ca\/blog\/author\/silvia-serra\/"}]}},"_links":{"self":[{"href":"https:\/\/borges.es\/ca\/wp-json\/wp\/v2\/posts\/5705","targetHints":{"allow":["GET"]}}],"collection":[{"href":"https:\/\/borges.es\/ca\/wp-json\/wp\/v2\/posts"}],"about":[{"href":"https:\/\/borges.es\/ca\/wp-json\/wp\/v2\/types\/post"}],"author":[{"embeddable":true,"href":"https:\/\/borges.es\/ca\/wp-json\/wp\/v2\/users\/63"}],"replies":[{"embeddable":true,"href":"https:\/\/borges.es\/ca\/wp-json\/wp\/v2\/comments?post=5705"}],"version-history":[{"count":1,"href":"https:\/\/borges.es\/ca\/wp-json\/wp\/v2\/posts\/5705\/revisions"}],"predecessor-version":[{"id":5708,"href":"https:\/\/borges.es\/ca\/wp-json\/wp\/v2\/posts\/5705\/revisions\/5708"}],"wp:featuredmedia":[{"embeddable":true,"href":"https:\/\/borges.es\/ca\/wp-json\/wp\/v2\/media\/5706"}],"wp:attachment":[{"href":"https:\/\/borges.es\/ca\/wp-json\/wp\/v2\/media?parent=5705"}],"wp:term":[{"taxonomy":"category","embeddable":true,"href":"https:\/\/borges.es\/ca\/wp-json\/wp\/v2\/categories?post=5705"},{"taxonomy":"post_tag","embeddable":true,"href":"https:\/\/borges.es\/ca\/wp-json\/wp\/v2\/tags?post=5705"}],"curies":[{"name":"wp","href":"https:\/\/api.w.org\/{rel}","templated":true}]}}