{"id":5987,"date":"2019-06-04T07:45:53","date_gmt":"2019-06-04T07:45:53","guid":{"rendered":"https:\/\/borges.es\/?p=5987"},"modified":"2019-06-04T07:45:53","modified_gmt":"2019-06-04T07:45:53","slug":"que-indica-el-color-de-loli","status":"publish","type":"post","link":"https:\/\/borges.es\/ca\/blog\/que-indica-el-color-de-loli\/","title":{"rendered":"Qu\u00e8 indica el color de l\u2019oli?"},"content":{"rendered":"<p class=\"Cuerpo\"><span lang=\"CA\">La varietat de colors de l\u2019oli d\u2019oliva va del groc clar al verd fosc. No \u00e9s com l\u2019arc de Sant Mart\u00ed, per\u00f2 tampoc no est\u00e0 gens malament. I dins d\u2019aquest ventall crom\u00e0tic, cada mat\u00eds t\u00e9 la seva ra\u00f3 de ser, ja que \u00e9s degut a factors com ara la maduraci\u00f3 de l\u2019oliva, el filtratge, el pas del temps, la varietat de l\u2019olivera\u2026 Aix\u00f2 s\u00ed, el color no t\u00e9 res a veure amb la qualitat. De fet, els tastadors professionals no s\u2019hi fixen. Per\u00f2 nosaltres s\u00ed, i t\u2019ho expliquem.<\/span><\/p>\n<p class=\"Cuerpo\"><span lang=\"CA\">Si \u00e9s verd tirant a fosc significa que l\u2019oliva no ha madurat prou i est\u00e0 ple de clorofil\u00b7la. Es tracta, doncs, d\u2019una collita molt primerenca. El verd tamb\u00e9 pot significar que no s\u2019ha filtrat. Si es filtra, \u00e9s m\u00e9s transl\u00facid perqu\u00e8 se n\u2019eliminen els s\u00f2lids en suspensi\u00f3, que s\u00f3n els que porten m\u00e9s clorofil\u00b7la.<\/span><\/p>\n<p class=\"Cuerpo\"><span lang=\"CA\">Si \u00e9s groc, \u00e9s perqu\u00e8 l\u2019oliva est\u00e0 madura i la clorofil\u00b7la ha anat deixant pas al carot\u00e8 i les xantofil\u00b7les, que aporten un to groguenc que, quan es barreja amb el verd de la clorofil\u00b7la, es tradueix en aquell daurat tan caracter\u00edstic. Tamb\u00e9 es pot deure al pas del temps un cop embotellat, ja que la clorofil\u00b7la es degrada.<\/span><\/p>\n<p class=\"Cuerpo\"><span lang=\"CA\">I si \u00e9s blanquin\u00f3s? Doncs ser\u00e0 per la varietat de l\u2019oliva; per exemple, la italiana Biancolilla \u00e9s d\u2019un verd clar\u00edssim. I el seu oli, per cert, \u00e9s molt apreciat al pa\u00eds transalp\u00ed.<\/span><\/p>\n","protected":false},"excerpt":{"rendered":"<p>La varietat de colors de l\u2019oli d\u2019oliva va del groc clar al verd fosc. No \u00e9s com l\u2019arc de Sant&#8230;<\/p>\n","protected":false},"author":63,"featured_media":5985,"comment_status":"open","ping_status":"closed","sticky":false,"template":"","format":"standard","meta":{"_acf_changed":false,"footnotes":""},"categories":[2],"tags":[2691,1795,1784,88],"class_list":["post-5987","post","type-post","status-publish","format-standard","has-post-thumbnail","hentry","category-uncategorized-ca","tag-color-ca","tag-propietats","tag-oli","tag-oli-doliva"],"acf":[],"yoast_head":"<!-- This site is optimized with the Yoast SEO plugin v27.4 - https:\/\/yoast.com\/product\/yoast-seo-wordpress\/ -->\n<title>Qu\u00e8 indica el color de l\u2019oli? - Borges<\/title>\n<meta name=\"robots\" content=\"index, follow, max-snippet:-1, max-image-preview:large, max-video-preview:-1\" \/>\n<link rel=\"canonical\" href=\"https:\/\/borges.es\/ca\/blog\/que-indica-el-color-de-loli\/\" \/>\n<meta property=\"og:locale\" content=\"ca_ES\" \/>\n<meta property=\"og:type\" content=\"article\" \/>\n<meta property=\"og:title\" content=\"Qu\u00e8 indica el color de l\u2019oli? - Borges\" \/>\n<meta property=\"og:description\" content=\"La varietat de colors de l\u2019oli d\u2019oliva va del groc clar al verd fosc. No \u00e9s com l\u2019arc de Sant...\" \/>\n<meta property=\"og:url\" content=\"https:\/\/borges.es\/ca\/blog\/que-indica-el-color-de-loli\/\" \/>\n<meta property=\"og:site_name\" content=\"Borges\" \/>\n<meta property=\"article:published_time\" content=\"2019-06-04T07:45:53+00:00\" \/>\n<meta property=\"og:image\" content=\"https:\/\/borges1896.com\/app\/uploads\/\/2019\/06\/MI-20190603-1024x683.jpeg\" \/>\n\t<meta property=\"og:image:width\" content=\"1024\" \/>\n\t<meta property=\"og:image:height\" content=\"683\" \/>\n\t<meta property=\"og:image:type\" content=\"image\/jpeg\" \/>\n<meta name=\"author\" content=\"S\u00edlvia Serra\" \/>\n<meta name=\"twitter:card\" content=\"summary_large_image\" \/>\n<meta name=\"twitter:creator\" content=\"@mortensen\" \/>\n<meta name=\"twitter:label1\" content=\"Escrit per\" \/>\n\t<meta name=\"twitter:data1\" content=\"S\u00edlvia Serra\" \/>\n\t<meta name=\"twitter:label2\" content=\"Temps estimat de lectura\" \/>\n\t<meta name=\"twitter:data2\" content=\"1 minut\" \/>\n<script type=\"application\/ld+json\" class=\"yoast-schema-graph\">{\"@context\":\"https:\\\/\\\/schema.org\",\"@graph\":[{\"@type\":\"Article\",\"@id\":\"https:\\\/\\\/borges.es\\\/ca\\\/blog\\\/que-indica-el-color-de-loli\\\/#article\",\"isPartOf\":{\"@id\":\"https:\\\/\\\/borges.es\\\/ca\\\/blog\\\/que-indica-el-color-de-loli\\\/\"},\"author\":{\"name\":\"S\u00edlvia Serra\",\"@id\":\"https:\\\/\\\/borges.es\\\/ca\\\/#\\\/schema\\\/person\\\/4d4336303ff947bb61578b6173db1cb3\"},\"headline\":\"Qu\u00e8 indica el color de l\u2019oli?\",\"datePublished\":\"2019-06-04T07:45:53+00:00\",\"mainEntityOfPage\":{\"@id\":\"https:\\\/\\\/borges.es\\\/ca\\\/blog\\\/que-indica-el-color-de-loli\\\/\"},\"wordCount\":272,\"commentCount\":0,\"image\":{\"@id\":\"https:\\\/\\\/borges.es\\\/ca\\\/blog\\\/que-indica-el-color-de-loli\\\/#primaryimage\"},\"thumbnailUrl\":\"https:\\\/\\\/borges1896.com\\\/app\\\/uploads\\\/\\\/2019\\\/06\\\/MI-20190603.jpeg\",\"keywords\":[\"color\",\"propietats\",\"oli\",\"Oli d'oliva\"],\"articleSection\":[\"Uncategorized @ca\"],\"inLanguage\":\"ca\",\"potentialAction\":[{\"@type\":\"CommentAction\",\"name\":\"Comment\",\"target\":[\"https:\\\/\\\/borges.es\\\/ca\\\/blog\\\/que-indica-el-color-de-loli\\\/#respond\"]}]},{\"@type\":\"WebPage\",\"@id\":\"https:\\\/\\\/borges.es\\\/ca\\\/blog\\\/que-indica-el-color-de-loli\\\/\",\"url\":\"https:\\\/\\\/borges.es\\\/ca\\\/blog\\\/que-indica-el-color-de-loli\\\/\",\"name\":\"Qu\u00e8 indica el color de l\u2019oli? - Borges\",\"isPartOf\":{\"@id\":\"https:\\\/\\\/borges.es\\\/ca\\\/#website\"},\"primaryImageOfPage\":{\"@id\":\"https:\\\/\\\/borges.es\\\/ca\\\/blog\\\/que-indica-el-color-de-loli\\\/#primaryimage\"},\"image\":{\"@id\":\"https:\\\/\\\/borges.es\\\/ca\\\/blog\\\/que-indica-el-color-de-loli\\\/#primaryimage\"},\"thumbnailUrl\":\"https:\\\/\\\/borges1896.com\\\/app\\\/uploads\\\/\\\/2019\\\/06\\\/MI-20190603.jpeg\",\"datePublished\":\"2019-06-04T07:45:53+00:00\",\"author\":{\"@id\":\"https:\\\/\\\/borges.es\\\/ca\\\/#\\\/schema\\\/person\\\/4d4336303ff947bb61578b6173db1cb3\"},\"breadcrumb\":{\"@id\":\"https:\\\/\\\/borges.es\\\/ca\\\/blog\\\/que-indica-el-color-de-loli\\\/#breadcrumb\"},\"inLanguage\":\"ca\",\"potentialAction\":[{\"@type\":\"ReadAction\",\"target\":[\"https:\\\/\\\/borges.es\\\/ca\\\/blog\\\/que-indica-el-color-de-loli\\\/\"]}]},{\"@type\":\"ImageObject\",\"inLanguage\":\"ca\",\"@id\":\"https:\\\/\\\/borges.es\\\/ca\\\/blog\\\/que-indica-el-color-de-loli\\\/#primaryimage\",\"url\":\"https:\\\/\\\/borges1896.com\\\/app\\\/uploads\\\/\\\/2019\\\/06\\\/MI-20190603.jpeg\",\"contentUrl\":\"https:\\\/\\\/borges1896.com\\\/app\\\/uploads\\\/\\\/2019\\\/06\\\/MI-20190603.jpeg\",\"width\":5760,\"height\":3840,\"caption\":\"Borges - Aceite de oliva\"},{\"@type\":\"BreadcrumbList\",\"@id\":\"https:\\\/\\\/borges.es\\\/ca\\\/blog\\\/que-indica-el-color-de-loli\\\/#breadcrumb\",\"itemListElement\":[{\"@type\":\"ListItem\",\"position\":1,\"name\":\"Home\",\"item\":\"https:\\\/\\\/borges.es\\\/ca\\\/\"},{\"@type\":\"ListItem\",\"position\":2,\"name\":\"Qu\u00e8 indica el color de l\u2019oli?\"}]},{\"@type\":\"WebSite\",\"@id\":\"https:\\\/\\\/borges.es\\\/ca\\\/#website\",\"url\":\"https:\\\/\\\/borges.es\\\/ca\\\/\",\"name\":\"Borges\",\"description\":\"Aqu\u00ed disfrutamos de la cocina saludable y sabrosa. \u00bfTe apuntas?\",\"inLanguage\":\"ca\"},{\"@type\":\"Person\",\"@id\":\"https:\\\/\\\/borges.es\\\/ca\\\/#\\\/schema\\\/person\\\/4d4336303ff947bb61578b6173db1cb3\",\"name\":\"S\u00edlvia Serra\",\"image\":{\"@type\":\"ImageObject\",\"inLanguage\":\"ca\",\"@id\":\"https:\\\/\\\/secure.gravatar.com\\\/avatar\\\/34074626096365f59765ad518fb0221300ade7a2b5a585b878a1aec5d37810e3?s=96&d=mm&r=g\",\"url\":\"https:\\\/\\\/secure.gravatar.com\\\/avatar\\\/34074626096365f59765ad518fb0221300ade7a2b5a585b878a1aec5d37810e3?s=96&d=mm&r=g\",\"contentUrl\":\"https:\\\/\\\/secure.gravatar.com\\\/avatar\\\/34074626096365f59765ad518fb0221300ade7a2b5a585b878a1aec5d37810e3?s=96&d=mm&r=g\",\"caption\":\"S\u00edlvia Serra\"},\"sameAs\":[\"https:\\\/\\\/x.com\\\/mortensen\"],\"url\":\"https:\\\/\\\/borges.es\\\/ca\\\/blog\\\/author\\\/silvia-serra\\\/\"}]}<\/script>\n<!-- \/ Yoast SEO plugin. -->","yoast_head_json":{"title":"Qu\u00e8 indica el color de l\u2019oli? - Borges","robots":{"index":"index","follow":"follow","max-snippet":"max-snippet:-1","max-image-preview":"max-image-preview:large","max-video-preview":"max-video-preview:-1"},"canonical":"https:\/\/borges.es\/ca\/blog\/que-indica-el-color-de-loli\/","og_locale":"ca_ES","og_type":"article","og_title":"Qu\u00e8 indica el color de l\u2019oli? - Borges","og_description":"La varietat de colors de l\u2019oli d\u2019oliva va del groc clar al verd fosc. No \u00e9s com l\u2019arc de Sant...","og_url":"https:\/\/borges.es\/ca\/blog\/que-indica-el-color-de-loli\/","og_site_name":"Borges","article_published_time":"2019-06-04T07:45:53+00:00","og_image":[{"width":1024,"height":683,"url":"https:\/\/borges1896.com\/app\/uploads\/\/2019\/06\/MI-20190603-1024x683.jpeg","type":"image\/jpeg"}],"author":"S\u00edlvia Serra","twitter_card":"summary_large_image","twitter_creator":"@mortensen","twitter_misc":{"Escrit per":"S\u00edlvia Serra","Temps estimat de lectura":"1 minut"},"schema":{"@context":"https:\/\/schema.org","@graph":[{"@type":"Article","@id":"https:\/\/borges.es\/ca\/blog\/que-indica-el-color-de-loli\/#article","isPartOf":{"@id":"https:\/\/borges.es\/ca\/blog\/que-indica-el-color-de-loli\/"},"author":{"name":"S\u00edlvia Serra","@id":"https:\/\/borges.es\/ca\/#\/schema\/person\/4d4336303ff947bb61578b6173db1cb3"},"headline":"Qu\u00e8 indica el color de l\u2019oli?","datePublished":"2019-06-04T07:45:53+00:00","mainEntityOfPage":{"@id":"https:\/\/borges.es\/ca\/blog\/que-indica-el-color-de-loli\/"},"wordCount":272,"commentCount":0,"image":{"@id":"https:\/\/borges.es\/ca\/blog\/que-indica-el-color-de-loli\/#primaryimage"},"thumbnailUrl":"https:\/\/borges1896.com\/app\/uploads\/\/2019\/06\/MI-20190603.jpeg","keywords":["color","propietats","oli","Oli d'oliva"],"articleSection":["Uncategorized @ca"],"inLanguage":"ca","potentialAction":[{"@type":"CommentAction","name":"Comment","target":["https:\/\/borges.es\/ca\/blog\/que-indica-el-color-de-loli\/#respond"]}]},{"@type":"WebPage","@id":"https:\/\/borges.es\/ca\/blog\/que-indica-el-color-de-loli\/","url":"https:\/\/borges.es\/ca\/blog\/que-indica-el-color-de-loli\/","name":"Qu\u00e8 indica el color de l\u2019oli? - Borges","isPartOf":{"@id":"https:\/\/borges.es\/ca\/#website"},"primaryImageOfPage":{"@id":"https:\/\/borges.es\/ca\/blog\/que-indica-el-color-de-loli\/#primaryimage"},"image":{"@id":"https:\/\/borges.es\/ca\/blog\/que-indica-el-color-de-loli\/#primaryimage"},"thumbnailUrl":"https:\/\/borges1896.com\/app\/uploads\/\/2019\/06\/MI-20190603.jpeg","datePublished":"2019-06-04T07:45:53+00:00","author":{"@id":"https:\/\/borges.es\/ca\/#\/schema\/person\/4d4336303ff947bb61578b6173db1cb3"},"breadcrumb":{"@id":"https:\/\/borges.es\/ca\/blog\/que-indica-el-color-de-loli\/#breadcrumb"},"inLanguage":"ca","potentialAction":[{"@type":"ReadAction","target":["https:\/\/borges.es\/ca\/blog\/que-indica-el-color-de-loli\/"]}]},{"@type":"ImageObject","inLanguage":"ca","@id":"https:\/\/borges.es\/ca\/blog\/que-indica-el-color-de-loli\/#primaryimage","url":"https:\/\/borges1896.com\/app\/uploads\/\/2019\/06\/MI-20190603.jpeg","contentUrl":"https:\/\/borges1896.com\/app\/uploads\/\/2019\/06\/MI-20190603.jpeg","width":5760,"height":3840,"caption":"Borges - Aceite de oliva"},{"@type":"BreadcrumbList","@id":"https:\/\/borges.es\/ca\/blog\/que-indica-el-color-de-loli\/#breadcrumb","itemListElement":[{"@type":"ListItem","position":1,"name":"Home","item":"https:\/\/borges.es\/ca\/"},{"@type":"ListItem","position":2,"name":"Qu\u00e8 indica el color de l\u2019oli?"}]},{"@type":"WebSite","@id":"https:\/\/borges.es\/ca\/#website","url":"https:\/\/borges.es\/ca\/","name":"Borges","description":"Aqu\u00ed disfrutamos de la cocina saludable y sabrosa. \u00bfTe apuntas?","inLanguage":"ca"},{"@type":"Person","@id":"https:\/\/borges.es\/ca\/#\/schema\/person\/4d4336303ff947bb61578b6173db1cb3","name":"S\u00edlvia Serra","image":{"@type":"ImageObject","inLanguage":"ca","@id":"https:\/\/secure.gravatar.com\/avatar\/34074626096365f59765ad518fb0221300ade7a2b5a585b878a1aec5d37810e3?s=96&d=mm&r=g","url":"https:\/\/secure.gravatar.com\/avatar\/34074626096365f59765ad518fb0221300ade7a2b5a585b878a1aec5d37810e3?s=96&d=mm&r=g","contentUrl":"https:\/\/secure.gravatar.com\/avatar\/34074626096365f59765ad518fb0221300ade7a2b5a585b878a1aec5d37810e3?s=96&d=mm&r=g","caption":"S\u00edlvia Serra"},"sameAs":["https:\/\/x.com\/mortensen"],"url":"https:\/\/borges.es\/ca\/blog\/author\/silvia-serra\/"}]}},"_links":{"self":[{"href":"https:\/\/borges.es\/ca\/wp-json\/wp\/v2\/posts\/5987","targetHints":{"allow":["GET"]}}],"collection":[{"href":"https:\/\/borges.es\/ca\/wp-json\/wp\/v2\/posts"}],"about":[{"href":"https:\/\/borges.es\/ca\/wp-json\/wp\/v2\/types\/post"}],"author":[{"embeddable":true,"href":"https:\/\/borges.es\/ca\/wp-json\/wp\/v2\/users\/63"}],"replies":[{"embeddable":true,"href":"https:\/\/borges.es\/ca\/wp-json\/wp\/v2\/comments?post=5987"}],"version-history":[{"count":1,"href":"https:\/\/borges.es\/ca\/wp-json\/wp\/v2\/posts\/5987\/revisions"}],"predecessor-version":[{"id":5988,"href":"https:\/\/borges.es\/ca\/wp-json\/wp\/v2\/posts\/5987\/revisions\/5988"}],"wp:featuredmedia":[{"embeddable":true,"href":"https:\/\/borges.es\/ca\/wp-json\/wp\/v2\/media\/5985"}],"wp:attachment":[{"href":"https:\/\/borges.es\/ca\/wp-json\/wp\/v2\/media?parent=5987"}],"wp:term":[{"taxonomy":"category","embeddable":true,"href":"https:\/\/borges.es\/ca\/wp-json\/wp\/v2\/categories?post=5987"},{"taxonomy":"post_tag","embeddable":true,"href":"https:\/\/borges.es\/ca\/wp-json\/wp\/v2\/tags?post=5987"}],"curies":[{"name":"wp","href":"https:\/\/api.w.org\/{rel}","templated":true}]}}