{"id":6125,"date":"2019-07-03T10:46:05","date_gmt":"2019-07-03T10:46:05","guid":{"rendered":"https:\/\/borges.es\/?p=6125"},"modified":"2019-07-03T10:46:05","modified_gmt":"2019-07-03T10:46:05","slug":"quant-oli-necessita-una-amanida","status":"publish","type":"post","link":"https:\/\/borges.es\/ca\/blog\/quant-oli-necessita-una-amanida\/","title":{"rendered":"Quant d\u2019oli necessita exactament una amanida?"},"content":{"rendered":"<p>La quantitat d\u2019oli que hem de tirar a l\u2019amanida varia en funci\u00f3 dels gustos personals i dels ingredients que contingui l\u2019amanida en q\u00fcesti\u00f3. Si, per exemple, porta tonyina o bon\u00edtol (que, de vegades, ja duen oli d\u2019oliva), la quantitat d\u2019oli ser\u00e0 m\u00e9s moderada, com en el cas que optem per mesclar-lo amb vinagre i esp\u00e8cies per elaborar una vinagreta.<\/p>\n<p>\u00c9s cert que no hi ha cap norma respecte a la quantitat d\u2019oli exacta que cal tirar a l\u2019amanida, per\u00f2 conv\u00e9 fer cas del que diu la saviesa popular: que, per adobar-la b\u00e9, cal ser prudents amb la sal, generosos amb l\u2019oli i garrepes amb el vinagre. Gr\u00e0cies al dosificador DUO de Borges, podr\u00e0s calcular a la perfecci\u00f3 quant d\u2019oli tires a l\u2019amanida, ja que la seva ranura fina emet un raig petit que permet controlar-ho en tot moment. Quines ganes de comen\u00e7ar a amanir!<\/p>\n","protected":false},"excerpt":{"rendered":"<p>La quantitat d\u2019oli que hem de tirar a l\u2019amanida varia en funci\u00f3 dels gustos personals i dels ingredients que contingui&#8230;<\/p>\n","protected":false},"author":63,"featured_media":6126,"comment_status":"open","ping_status":"closed","sticky":false,"template":"","format":"standard","meta":{"_acf_changed":false,"footnotes":""},"categories":[2],"tags":[2712,88,647,2023],"class_list":["post-6125","post","type-post","status-publish","format-standard","has-post-thumbnail","hentry","category-uncategorized-ca","tag-dosificador","tag-oli-doliva","tag-amanida","tag-oli-doliva-verge-extra"],"acf":[],"yoast_head":"<!-- This site is optimized with the Yoast SEO plugin v27.4 - https:\/\/yoast.com\/product\/yoast-seo-wordpress\/ -->\n<title>Quant d\u2019oli necessita exactament una amanida? - Borges<\/title>\n<meta name=\"robots\" content=\"index, follow, max-snippet:-1, max-image-preview:large, max-video-preview:-1\" \/>\n<link rel=\"canonical\" href=\"https:\/\/borges.es\/ca\/blog\/quant-oli-necessita-una-amanida\/\" \/>\n<meta property=\"og:locale\" content=\"ca_ES\" \/>\n<meta property=\"og:type\" content=\"article\" \/>\n<meta property=\"og:title\" content=\"Quant d\u2019oli necessita exactament una amanida? - Borges\" \/>\n<meta property=\"og:description\" content=\"La quantitat d\u2019oli que hem de tirar a l\u2019amanida varia en funci\u00f3 dels gustos personals i dels ingredients que contingui...\" \/>\n<meta property=\"og:url\" content=\"https:\/\/borges.es\/ca\/blog\/quant-oli-necessita-una-amanida\/\" \/>\n<meta property=\"og:site_name\" content=\"Borges\" \/>\n<meta property=\"article:published_time\" content=\"2019-07-03T10:46:05+00:00\" \/>\n<meta property=\"og:image\" content=\"https:\/\/borges1896.com\/app\/uploads\/\/2019\/07\/MI-20190704-ALTA.jpg\" \/>\n\t<meta property=\"og:image:width\" content=\"1417\" \/>\n\t<meta property=\"og:image:height\" content=\"945\" \/>\n\t<meta property=\"og:image:type\" content=\"image\/jpeg\" \/>\n<meta name=\"author\" content=\"S\u00edlvia Serra\" \/>\n<meta name=\"twitter:card\" content=\"summary_large_image\" \/>\n<meta name=\"twitter:creator\" content=\"@mortensen\" \/>\n<meta name=\"twitter:label1\" content=\"Escrit per\" \/>\n\t<meta name=\"twitter:data1\" content=\"S\u00edlvia Serra\" \/>\n\t<meta name=\"twitter:label2\" content=\"Temps estimat de lectura\" \/>\n\t<meta name=\"twitter:data2\" content=\"1 minut\" \/>\n<script type=\"application\/ld+json\" class=\"yoast-schema-graph\">{\"@context\":\"https:\\\/\\\/schema.org\",\"@graph\":[{\"@type\":\"Article\",\"@id\":\"https:\\\/\\\/borges.es\\\/ca\\\/blog\\\/quant-oli-necessita-una-amanida\\\/#article\",\"isPartOf\":{\"@id\":\"https:\\\/\\\/borges.es\\\/ca\\\/blog\\\/quant-oli-necessita-una-amanida\\\/\"},\"author\":{\"name\":\"S\u00edlvia Serra\",\"@id\":\"https:\\\/\\\/borges.es\\\/ca\\\/#\\\/schema\\\/person\\\/4d4336303ff947bb61578b6173db1cb3\"},\"headline\":\"Quant d\u2019oli necessita exactament una amanida?\",\"datePublished\":\"2019-07-03T10:46:05+00:00\",\"mainEntityOfPage\":{\"@id\":\"https:\\\/\\\/borges.es\\\/ca\\\/blog\\\/quant-oli-necessita-una-amanida\\\/\"},\"wordCount\":168,\"commentCount\":0,\"image\":{\"@id\":\"https:\\\/\\\/borges.es\\\/ca\\\/blog\\\/quant-oli-necessita-una-amanida\\\/#primaryimage\"},\"thumbnailUrl\":\"https:\\\/\\\/borges1896.com\\\/app\\\/uploads\\\/\\\/2019\\\/07\\\/MI-20190704-ALTA.jpg\",\"keywords\":[\"dosificador\",\"Oli d'oliva\",\"amanida\",\"oli d'oliva verge extra\"],\"articleSection\":[\"Uncategorized @ca\"],\"inLanguage\":\"ca\",\"potentialAction\":[{\"@type\":\"CommentAction\",\"name\":\"Comment\",\"target\":[\"https:\\\/\\\/borges.es\\\/ca\\\/blog\\\/quant-oli-necessita-una-amanida\\\/#respond\"]}]},{\"@type\":\"WebPage\",\"@id\":\"https:\\\/\\\/borges.es\\\/ca\\\/blog\\\/quant-oli-necessita-una-amanida\\\/\",\"url\":\"https:\\\/\\\/borges.es\\\/ca\\\/blog\\\/quant-oli-necessita-una-amanida\\\/\",\"name\":\"Quant d\u2019oli necessita exactament una amanida? - Borges\",\"isPartOf\":{\"@id\":\"https:\\\/\\\/borges.es\\\/ca\\\/#website\"},\"primaryImageOfPage\":{\"@id\":\"https:\\\/\\\/borges.es\\\/ca\\\/blog\\\/quant-oli-necessita-una-amanida\\\/#primaryimage\"},\"image\":{\"@id\":\"https:\\\/\\\/borges.es\\\/ca\\\/blog\\\/quant-oli-necessita-una-amanida\\\/#primaryimage\"},\"thumbnailUrl\":\"https:\\\/\\\/borges1896.com\\\/app\\\/uploads\\\/\\\/2019\\\/07\\\/MI-20190704-ALTA.jpg\",\"datePublished\":\"2019-07-03T10:46:05+00:00\",\"author\":{\"@id\":\"https:\\\/\\\/borges.es\\\/ca\\\/#\\\/schema\\\/person\\\/4d4336303ff947bb61578b6173db1cb3\"},\"breadcrumb\":{\"@id\":\"https:\\\/\\\/borges.es\\\/ca\\\/blog\\\/quant-oli-necessita-una-amanida\\\/#breadcrumb\"},\"inLanguage\":\"ca\",\"potentialAction\":[{\"@type\":\"ReadAction\",\"target\":[\"https:\\\/\\\/borges.es\\\/ca\\\/blog\\\/quant-oli-necessita-una-amanida\\\/\"]}]},{\"@type\":\"ImageObject\",\"inLanguage\":\"ca\",\"@id\":\"https:\\\/\\\/borges.es\\\/ca\\\/blog\\\/quant-oli-necessita-una-amanida\\\/#primaryimage\",\"url\":\"https:\\\/\\\/borges1896.com\\\/app\\\/uploads\\\/\\\/2019\\\/07\\\/MI-20190704-ALTA.jpg\",\"contentUrl\":\"https:\\\/\\\/borges1896.com\\\/app\\\/uploads\\\/\\\/2019\\\/07\\\/MI-20190704-ALTA.jpg\",\"width\":1417,\"height\":945,\"caption\":\"Borges - Aceite de oliva ensaladas\"},{\"@type\":\"BreadcrumbList\",\"@id\":\"https:\\\/\\\/borges.es\\\/ca\\\/blog\\\/quant-oli-necessita-una-amanida\\\/#breadcrumb\",\"itemListElement\":[{\"@type\":\"ListItem\",\"position\":1,\"name\":\"Home\",\"item\":\"https:\\\/\\\/borges.es\\\/ca\\\/\"},{\"@type\":\"ListItem\",\"position\":2,\"name\":\"Quant d\u2019oli necessita exactament una amanida?\"}]},{\"@type\":\"WebSite\",\"@id\":\"https:\\\/\\\/borges.es\\\/ca\\\/#website\",\"url\":\"https:\\\/\\\/borges.es\\\/ca\\\/\",\"name\":\"Borges\",\"description\":\"Aqu\u00ed disfrutamos de la cocina saludable y sabrosa. \u00bfTe apuntas?\",\"inLanguage\":\"ca\"},{\"@type\":\"Person\",\"@id\":\"https:\\\/\\\/borges.es\\\/ca\\\/#\\\/schema\\\/person\\\/4d4336303ff947bb61578b6173db1cb3\",\"name\":\"S\u00edlvia Serra\",\"image\":{\"@type\":\"ImageObject\",\"inLanguage\":\"ca\",\"@id\":\"https:\\\/\\\/secure.gravatar.com\\\/avatar\\\/34074626096365f59765ad518fb0221300ade7a2b5a585b878a1aec5d37810e3?s=96&d=mm&r=g\",\"url\":\"https:\\\/\\\/secure.gravatar.com\\\/avatar\\\/34074626096365f59765ad518fb0221300ade7a2b5a585b878a1aec5d37810e3?s=96&d=mm&r=g\",\"contentUrl\":\"https:\\\/\\\/secure.gravatar.com\\\/avatar\\\/34074626096365f59765ad518fb0221300ade7a2b5a585b878a1aec5d37810e3?s=96&d=mm&r=g\",\"caption\":\"S\u00edlvia Serra\"},\"sameAs\":[\"https:\\\/\\\/x.com\\\/mortensen\"],\"url\":\"https:\\\/\\\/borges.es\\\/ca\\\/blog\\\/author\\\/silvia-serra\\\/\"}]}<\/script>\n<!-- \/ Yoast SEO plugin. -->","yoast_head_json":{"title":"Quant d\u2019oli necessita exactament una amanida? - Borges","robots":{"index":"index","follow":"follow","max-snippet":"max-snippet:-1","max-image-preview":"max-image-preview:large","max-video-preview":"max-video-preview:-1"},"canonical":"https:\/\/borges.es\/ca\/blog\/quant-oli-necessita-una-amanida\/","og_locale":"ca_ES","og_type":"article","og_title":"Quant d\u2019oli necessita exactament una amanida? - Borges","og_description":"La quantitat d\u2019oli que hem de tirar a l\u2019amanida varia en funci\u00f3 dels gustos personals i dels ingredients que contingui...","og_url":"https:\/\/borges.es\/ca\/blog\/quant-oli-necessita-una-amanida\/","og_site_name":"Borges","article_published_time":"2019-07-03T10:46:05+00:00","og_image":[{"width":1417,"height":945,"url":"https:\/\/borges1896.com\/app\/uploads\/\/2019\/07\/MI-20190704-ALTA.jpg","type":"image\/jpeg"}],"author":"S\u00edlvia Serra","twitter_card":"summary_large_image","twitter_creator":"@mortensen","twitter_misc":{"Escrit per":"S\u00edlvia Serra","Temps estimat de lectura":"1 minut"},"schema":{"@context":"https:\/\/schema.org","@graph":[{"@type":"Article","@id":"https:\/\/borges.es\/ca\/blog\/quant-oli-necessita-una-amanida\/#article","isPartOf":{"@id":"https:\/\/borges.es\/ca\/blog\/quant-oli-necessita-una-amanida\/"},"author":{"name":"S\u00edlvia Serra","@id":"https:\/\/borges.es\/ca\/#\/schema\/person\/4d4336303ff947bb61578b6173db1cb3"},"headline":"Quant d\u2019oli necessita exactament una amanida?","datePublished":"2019-07-03T10:46:05+00:00","mainEntityOfPage":{"@id":"https:\/\/borges.es\/ca\/blog\/quant-oli-necessita-una-amanida\/"},"wordCount":168,"commentCount":0,"image":{"@id":"https:\/\/borges.es\/ca\/blog\/quant-oli-necessita-una-amanida\/#primaryimage"},"thumbnailUrl":"https:\/\/borges1896.com\/app\/uploads\/\/2019\/07\/MI-20190704-ALTA.jpg","keywords":["dosificador","Oli d'oliva","amanida","oli d'oliva verge extra"],"articleSection":["Uncategorized @ca"],"inLanguage":"ca","potentialAction":[{"@type":"CommentAction","name":"Comment","target":["https:\/\/borges.es\/ca\/blog\/quant-oli-necessita-una-amanida\/#respond"]}]},{"@type":"WebPage","@id":"https:\/\/borges.es\/ca\/blog\/quant-oli-necessita-una-amanida\/","url":"https:\/\/borges.es\/ca\/blog\/quant-oli-necessita-una-amanida\/","name":"Quant d\u2019oli necessita exactament una amanida? - Borges","isPartOf":{"@id":"https:\/\/borges.es\/ca\/#website"},"primaryImageOfPage":{"@id":"https:\/\/borges.es\/ca\/blog\/quant-oli-necessita-una-amanida\/#primaryimage"},"image":{"@id":"https:\/\/borges.es\/ca\/blog\/quant-oli-necessita-una-amanida\/#primaryimage"},"thumbnailUrl":"https:\/\/borges1896.com\/app\/uploads\/\/2019\/07\/MI-20190704-ALTA.jpg","datePublished":"2019-07-03T10:46:05+00:00","author":{"@id":"https:\/\/borges.es\/ca\/#\/schema\/person\/4d4336303ff947bb61578b6173db1cb3"},"breadcrumb":{"@id":"https:\/\/borges.es\/ca\/blog\/quant-oli-necessita-una-amanida\/#breadcrumb"},"inLanguage":"ca","potentialAction":[{"@type":"ReadAction","target":["https:\/\/borges.es\/ca\/blog\/quant-oli-necessita-una-amanida\/"]}]},{"@type":"ImageObject","inLanguage":"ca","@id":"https:\/\/borges.es\/ca\/blog\/quant-oli-necessita-una-amanida\/#primaryimage","url":"https:\/\/borges1896.com\/app\/uploads\/\/2019\/07\/MI-20190704-ALTA.jpg","contentUrl":"https:\/\/borges1896.com\/app\/uploads\/\/2019\/07\/MI-20190704-ALTA.jpg","width":1417,"height":945,"caption":"Borges - Aceite de oliva ensaladas"},{"@type":"BreadcrumbList","@id":"https:\/\/borges.es\/ca\/blog\/quant-oli-necessita-una-amanida\/#breadcrumb","itemListElement":[{"@type":"ListItem","position":1,"name":"Home","item":"https:\/\/borges.es\/ca\/"},{"@type":"ListItem","position":2,"name":"Quant d\u2019oli necessita exactament una amanida?"}]},{"@type":"WebSite","@id":"https:\/\/borges.es\/ca\/#website","url":"https:\/\/borges.es\/ca\/","name":"Borges","description":"Aqu\u00ed disfrutamos de la cocina saludable y sabrosa. \u00bfTe apuntas?","inLanguage":"ca"},{"@type":"Person","@id":"https:\/\/borges.es\/ca\/#\/schema\/person\/4d4336303ff947bb61578b6173db1cb3","name":"S\u00edlvia Serra","image":{"@type":"ImageObject","inLanguage":"ca","@id":"https:\/\/secure.gravatar.com\/avatar\/34074626096365f59765ad518fb0221300ade7a2b5a585b878a1aec5d37810e3?s=96&d=mm&r=g","url":"https:\/\/secure.gravatar.com\/avatar\/34074626096365f59765ad518fb0221300ade7a2b5a585b878a1aec5d37810e3?s=96&d=mm&r=g","contentUrl":"https:\/\/secure.gravatar.com\/avatar\/34074626096365f59765ad518fb0221300ade7a2b5a585b878a1aec5d37810e3?s=96&d=mm&r=g","caption":"S\u00edlvia Serra"},"sameAs":["https:\/\/x.com\/mortensen"],"url":"https:\/\/borges.es\/ca\/blog\/author\/silvia-serra\/"}]}},"_links":{"self":[{"href":"https:\/\/borges.es\/ca\/wp-json\/wp\/v2\/posts\/6125","targetHints":{"allow":["GET"]}}],"collection":[{"href":"https:\/\/borges.es\/ca\/wp-json\/wp\/v2\/posts"}],"about":[{"href":"https:\/\/borges.es\/ca\/wp-json\/wp\/v2\/types\/post"}],"author":[{"embeddable":true,"href":"https:\/\/borges.es\/ca\/wp-json\/wp\/v2\/users\/63"}],"replies":[{"embeddable":true,"href":"https:\/\/borges.es\/ca\/wp-json\/wp\/v2\/comments?post=6125"}],"version-history":[{"count":1,"href":"https:\/\/borges.es\/ca\/wp-json\/wp\/v2\/posts\/6125\/revisions"}],"predecessor-version":[{"id":6128,"href":"https:\/\/borges.es\/ca\/wp-json\/wp\/v2\/posts\/6125\/revisions\/6128"}],"wp:featuredmedia":[{"embeddable":true,"href":"https:\/\/borges.es\/ca\/wp-json\/wp\/v2\/media\/6126"}],"wp:attachment":[{"href":"https:\/\/borges.es\/ca\/wp-json\/wp\/v2\/media?parent=6125"}],"wp:term":[{"taxonomy":"category","embeddable":true,"href":"https:\/\/borges.es\/ca\/wp-json\/wp\/v2\/categories?post=6125"},{"taxonomy":"post_tag","embeddable":true,"href":"https:\/\/borges.es\/ca\/wp-json\/wp\/v2\/tags?post=6125"}],"curies":[{"name":"wp","href":"https:\/\/api.w.org\/{rel}","templated":true}]}}