{"id":6174,"date":"2019-07-15T14:27:40","date_gmt":"2019-07-15T14:27:40","guid":{"rendered":"https:\/\/borges.es\/?p=6174"},"modified":"2019-07-15T14:27:40","modified_gmt":"2019-07-15T14:27:40","slug":"vinagre-de-sidra-de-poma","status":"publish","type":"post","link":"https:\/\/borges.es\/ca\/blog\/vinagre-de-sidra-de-poma\/","title":{"rendered":"Vinagre de sidra de poma, un ingredient clau per a una dieta sana"},"content":{"rendered":"<p>El vinagre de sidra de poma\u00e9s un dels <strong>condiments m\u00e9s complets i nutritius<\/strong>amb qu\u00e8 podem refor\u00e7ar el gust i les propietats de les nostres receptes. Elaborat a partir de la fermentaci\u00f3 dels sucres del suc de poma o la sidra, aquest vinagre t\u00e9 una aroma i un sabor caracter\u00edstics, a m\u00e9s d\u2019una infinitat de <strong>beneficis per al nostre organisme<\/strong>. I \u00e9s d\u2019all\u00f2 m\u00e9s vers\u00e0til! Amb un toc de res, ens soluciona gaireb\u00e9 qualsevol plat. Coneixe\u2019l \u00e9s estimar-lo, no n\u2019hi ha cap dubte.<\/p>\n<p>Una de les virtuts nutricionals m\u00e9s importants que t\u00e9 \u00e9s l\u2019<strong>alt contingut en minerals<\/strong>com ara el calci, el magnesi i el potassi, i tamb\u00e9 en <strong>vitamines<\/strong>, b\u00e0sicament, A, C, E, Ba, B2 i B6. A m\u00e9s, destaca per ser una font de <strong>bioflavonoides<\/strong>i de <strong>pectina<\/strong>, compostos amb acci\u00f3 antioxidant per al nostre cos.<\/p>\n<p>Amanir les receptes amb vinagre de sidra de poma ens ajudar\u00e0, doncs, a accelerar el metabolisme i cremar m\u00e9s greix, millorar la salut intestinal, el mal de coll i reduir la inflor i el reflux. A m\u00e9s, tamb\u00e9 \u00e9s un bon aliat per als cabells i la pell, ja que ens ajuda a acabar amb la caspa i netejar el cutis.<\/p>\n<p>Has provat ja el m\u00e8tode Detox amb Vinagre de Sidra? Al mat\u00ed pren un got amb aigua, dues cullerades de vinagre i mitja llimona espremuda i nota com es rejoveneix el teu cos!<\/p>\n","protected":false},"excerpt":{"rendered":"<p>El vinagre de sidra de poma\u00e9s un dels condiments m\u00e9s complets i nutritiusamb qu\u00e8 podem refor\u00e7ar el gust i les&#8230;<\/p>\n","protected":false},"author":63,"featured_media":6172,"comment_status":"open","ping_status":"closed","sticky":false,"template":"","format":"standard","meta":{"_acf_changed":false,"footnotes":""},"categories":[2],"tags":[2671,2683,2722,2728],"class_list":["post-6174","post","type-post","status-publish","format-standard","has-post-thumbnail","hentry","category-uncategorized-ca","tag-saludable-ca","tag-vinagre-ca","tag-vinagre-de-sidra-de-poma","tag-vinagre-de-sidra-ca"],"acf":[],"yoast_head":"<!-- This site is optimized with the Yoast SEO plugin v27.4 - https:\/\/yoast.com\/product\/yoast-seo-wordpress\/ -->\n<title>Vinagre de sidra de poma, un ingredient clau per a una dieta sana - Borges<\/title>\n<meta name=\"robots\" content=\"index, follow, max-snippet:-1, max-image-preview:large, max-video-preview:-1\" \/>\n<link rel=\"canonical\" href=\"https:\/\/borges.es\/ca\/blog\/vinagre-de-sidra-de-poma\/\" \/>\n<meta property=\"og:locale\" content=\"ca_ES\" \/>\n<meta property=\"og:type\" content=\"article\" \/>\n<meta property=\"og:title\" content=\"Vinagre de sidra de poma, un ingredient clau per a una dieta sana - Borges\" \/>\n<meta property=\"og:description\" content=\"El vinagre de sidra de poma\u00e9s un dels condiments m\u00e9s complets i nutritiusamb qu\u00e8 podem refor\u00e7ar el gust i les...\" \/>\n<meta property=\"og:url\" content=\"https:\/\/borges.es\/ca\/blog\/vinagre-de-sidra-de-poma\/\" \/>\n<meta property=\"og:site_name\" content=\"Borges\" \/>\n<meta property=\"article:published_time\" content=\"2019-07-15T14:27:40+00:00\" \/>\n<meta property=\"og:image\" content=\"https:\/\/borges1896.com\/app\/uploads\/\/2019\/07\/MI-20190716-ALTA.jpg\" \/>\n\t<meta property=\"og:image:width\" content=\"1417\" \/>\n\t<meta property=\"og:image:height\" content=\"945\" \/>\n\t<meta property=\"og:image:type\" content=\"image\/jpeg\" \/>\n<meta name=\"author\" content=\"S\u00edlvia Serra\" \/>\n<meta name=\"twitter:card\" content=\"summary_large_image\" \/>\n<meta name=\"twitter:creator\" content=\"@mortensen\" \/>\n<meta name=\"twitter:label1\" content=\"Escrit per\" \/>\n\t<meta name=\"twitter:data1\" content=\"S\u00edlvia Serra\" \/>\n\t<meta name=\"twitter:label2\" content=\"Temps estimat de lectura\" \/>\n\t<meta name=\"twitter:data2\" content=\"1 minut\" \/>\n<script type=\"application\/ld+json\" class=\"yoast-schema-graph\">{\"@context\":\"https:\\\/\\\/schema.org\",\"@graph\":[{\"@type\":\"Article\",\"@id\":\"https:\\\/\\\/borges.es\\\/ca\\\/blog\\\/vinagre-de-sidra-de-poma\\\/#article\",\"isPartOf\":{\"@id\":\"https:\\\/\\\/borges.es\\\/ca\\\/blog\\\/vinagre-de-sidra-de-poma\\\/\"},\"author\":{\"name\":\"S\u00edlvia Serra\",\"@id\":\"https:\\\/\\\/borges.es\\\/ca\\\/#\\\/schema\\\/person\\\/4d4336303ff947bb61578b6173db1cb3\"},\"headline\":\"Vinagre de sidra de poma, un ingredient clau per a una dieta sana\",\"datePublished\":\"2019-07-15T14:27:40+00:00\",\"mainEntityOfPage\":{\"@id\":\"https:\\\/\\\/borges.es\\\/ca\\\/blog\\\/vinagre-de-sidra-de-poma\\\/\"},\"wordCount\":260,\"commentCount\":0,\"image\":{\"@id\":\"https:\\\/\\\/borges.es\\\/ca\\\/blog\\\/vinagre-de-sidra-de-poma\\\/#primaryimage\"},\"thumbnailUrl\":\"https:\\\/\\\/borges1896.com\\\/app\\\/uploads\\\/\\\/2019\\\/07\\\/MI-20190716-ALTA.jpg\",\"keywords\":[\"saludable\",\"vinagre\",\"vinagre de sidra de poma\",\"vinagre de sidra\"],\"articleSection\":[\"Uncategorized @ca\"],\"inLanguage\":\"ca\",\"potentialAction\":[{\"@type\":\"CommentAction\",\"name\":\"Comment\",\"target\":[\"https:\\\/\\\/borges.es\\\/ca\\\/blog\\\/vinagre-de-sidra-de-poma\\\/#respond\"]}]},{\"@type\":\"WebPage\",\"@id\":\"https:\\\/\\\/borges.es\\\/ca\\\/blog\\\/vinagre-de-sidra-de-poma\\\/\",\"url\":\"https:\\\/\\\/borges.es\\\/ca\\\/blog\\\/vinagre-de-sidra-de-poma\\\/\",\"name\":\"Vinagre de sidra de poma, un ingredient clau per a una dieta sana - Borges\",\"isPartOf\":{\"@id\":\"https:\\\/\\\/borges.es\\\/ca\\\/#website\"},\"primaryImageOfPage\":{\"@id\":\"https:\\\/\\\/borges.es\\\/ca\\\/blog\\\/vinagre-de-sidra-de-poma\\\/#primaryimage\"},\"image\":{\"@id\":\"https:\\\/\\\/borges.es\\\/ca\\\/blog\\\/vinagre-de-sidra-de-poma\\\/#primaryimage\"},\"thumbnailUrl\":\"https:\\\/\\\/borges1896.com\\\/app\\\/uploads\\\/\\\/2019\\\/07\\\/MI-20190716-ALTA.jpg\",\"datePublished\":\"2019-07-15T14:27:40+00:00\",\"author\":{\"@id\":\"https:\\\/\\\/borges.es\\\/ca\\\/#\\\/schema\\\/person\\\/4d4336303ff947bb61578b6173db1cb3\"},\"breadcrumb\":{\"@id\":\"https:\\\/\\\/borges.es\\\/ca\\\/blog\\\/vinagre-de-sidra-de-poma\\\/#breadcrumb\"},\"inLanguage\":\"ca\",\"potentialAction\":[{\"@type\":\"ReadAction\",\"target\":[\"https:\\\/\\\/borges.es\\\/ca\\\/blog\\\/vinagre-de-sidra-de-poma\\\/\"]}]},{\"@type\":\"ImageObject\",\"inLanguage\":\"ca\",\"@id\":\"https:\\\/\\\/borges.es\\\/ca\\\/blog\\\/vinagre-de-sidra-de-poma\\\/#primaryimage\",\"url\":\"https:\\\/\\\/borges1896.com\\\/app\\\/uploads\\\/\\\/2019\\\/07\\\/MI-20190716-ALTA.jpg\",\"contentUrl\":\"https:\\\/\\\/borges1896.com\\\/app\\\/uploads\\\/\\\/2019\\\/07\\\/MI-20190716-ALTA.jpg\",\"width\":1417,\"height\":945,\"caption\":\"Borges - Vinagre de sidra\"},{\"@type\":\"BreadcrumbList\",\"@id\":\"https:\\\/\\\/borges.es\\\/ca\\\/blog\\\/vinagre-de-sidra-de-poma\\\/#breadcrumb\",\"itemListElement\":[{\"@type\":\"ListItem\",\"position\":1,\"name\":\"Home\",\"item\":\"https:\\\/\\\/borges.es\\\/ca\\\/\"},{\"@type\":\"ListItem\",\"position\":2,\"name\":\"Vinagre de sidra de poma, un ingredient clau per a una dieta sana\"}]},{\"@type\":\"WebSite\",\"@id\":\"https:\\\/\\\/borges.es\\\/ca\\\/#website\",\"url\":\"https:\\\/\\\/borges.es\\\/ca\\\/\",\"name\":\"Borges\",\"description\":\"Aqu\u00ed disfrutamos de la cocina saludable y sabrosa. \u00bfTe apuntas?\",\"inLanguage\":\"ca\"},{\"@type\":\"Person\",\"@id\":\"https:\\\/\\\/borges.es\\\/ca\\\/#\\\/schema\\\/person\\\/4d4336303ff947bb61578b6173db1cb3\",\"name\":\"S\u00edlvia Serra\",\"image\":{\"@type\":\"ImageObject\",\"inLanguage\":\"ca\",\"@id\":\"https:\\\/\\\/secure.gravatar.com\\\/avatar\\\/34074626096365f59765ad518fb0221300ade7a2b5a585b878a1aec5d37810e3?s=96&d=mm&r=g\",\"url\":\"https:\\\/\\\/secure.gravatar.com\\\/avatar\\\/34074626096365f59765ad518fb0221300ade7a2b5a585b878a1aec5d37810e3?s=96&d=mm&r=g\",\"contentUrl\":\"https:\\\/\\\/secure.gravatar.com\\\/avatar\\\/34074626096365f59765ad518fb0221300ade7a2b5a585b878a1aec5d37810e3?s=96&d=mm&r=g\",\"caption\":\"S\u00edlvia Serra\"},\"sameAs\":[\"https:\\\/\\\/x.com\\\/mortensen\"],\"url\":\"https:\\\/\\\/borges.es\\\/ca\\\/blog\\\/author\\\/silvia-serra\\\/\"}]}<\/script>\n<!-- \/ Yoast SEO plugin. -->","yoast_head_json":{"title":"Vinagre de sidra de poma, un ingredient clau per a una dieta sana - Borges","robots":{"index":"index","follow":"follow","max-snippet":"max-snippet:-1","max-image-preview":"max-image-preview:large","max-video-preview":"max-video-preview:-1"},"canonical":"https:\/\/borges.es\/ca\/blog\/vinagre-de-sidra-de-poma\/","og_locale":"ca_ES","og_type":"article","og_title":"Vinagre de sidra de poma, un ingredient clau per a una dieta sana - Borges","og_description":"El vinagre de sidra de poma\u00e9s un dels condiments m\u00e9s complets i nutritiusamb qu\u00e8 podem refor\u00e7ar el gust i les...","og_url":"https:\/\/borges.es\/ca\/blog\/vinagre-de-sidra-de-poma\/","og_site_name":"Borges","article_published_time":"2019-07-15T14:27:40+00:00","og_image":[{"width":1417,"height":945,"url":"https:\/\/borges1896.com\/app\/uploads\/\/2019\/07\/MI-20190716-ALTA.jpg","type":"image\/jpeg"}],"author":"S\u00edlvia Serra","twitter_card":"summary_large_image","twitter_creator":"@mortensen","twitter_misc":{"Escrit per":"S\u00edlvia Serra","Temps estimat de lectura":"1 minut"},"schema":{"@context":"https:\/\/schema.org","@graph":[{"@type":"Article","@id":"https:\/\/borges.es\/ca\/blog\/vinagre-de-sidra-de-poma\/#article","isPartOf":{"@id":"https:\/\/borges.es\/ca\/blog\/vinagre-de-sidra-de-poma\/"},"author":{"name":"S\u00edlvia Serra","@id":"https:\/\/borges.es\/ca\/#\/schema\/person\/4d4336303ff947bb61578b6173db1cb3"},"headline":"Vinagre de sidra de poma, un ingredient clau per a una dieta sana","datePublished":"2019-07-15T14:27:40+00:00","mainEntityOfPage":{"@id":"https:\/\/borges.es\/ca\/blog\/vinagre-de-sidra-de-poma\/"},"wordCount":260,"commentCount":0,"image":{"@id":"https:\/\/borges.es\/ca\/blog\/vinagre-de-sidra-de-poma\/#primaryimage"},"thumbnailUrl":"https:\/\/borges1896.com\/app\/uploads\/\/2019\/07\/MI-20190716-ALTA.jpg","keywords":["saludable","vinagre","vinagre de sidra de poma","vinagre de sidra"],"articleSection":["Uncategorized @ca"],"inLanguage":"ca","potentialAction":[{"@type":"CommentAction","name":"Comment","target":["https:\/\/borges.es\/ca\/blog\/vinagre-de-sidra-de-poma\/#respond"]}]},{"@type":"WebPage","@id":"https:\/\/borges.es\/ca\/blog\/vinagre-de-sidra-de-poma\/","url":"https:\/\/borges.es\/ca\/blog\/vinagre-de-sidra-de-poma\/","name":"Vinagre de sidra de poma, un ingredient clau per a una dieta sana - Borges","isPartOf":{"@id":"https:\/\/borges.es\/ca\/#website"},"primaryImageOfPage":{"@id":"https:\/\/borges.es\/ca\/blog\/vinagre-de-sidra-de-poma\/#primaryimage"},"image":{"@id":"https:\/\/borges.es\/ca\/blog\/vinagre-de-sidra-de-poma\/#primaryimage"},"thumbnailUrl":"https:\/\/borges1896.com\/app\/uploads\/\/2019\/07\/MI-20190716-ALTA.jpg","datePublished":"2019-07-15T14:27:40+00:00","author":{"@id":"https:\/\/borges.es\/ca\/#\/schema\/person\/4d4336303ff947bb61578b6173db1cb3"},"breadcrumb":{"@id":"https:\/\/borges.es\/ca\/blog\/vinagre-de-sidra-de-poma\/#breadcrumb"},"inLanguage":"ca","potentialAction":[{"@type":"ReadAction","target":["https:\/\/borges.es\/ca\/blog\/vinagre-de-sidra-de-poma\/"]}]},{"@type":"ImageObject","inLanguage":"ca","@id":"https:\/\/borges.es\/ca\/blog\/vinagre-de-sidra-de-poma\/#primaryimage","url":"https:\/\/borges1896.com\/app\/uploads\/\/2019\/07\/MI-20190716-ALTA.jpg","contentUrl":"https:\/\/borges1896.com\/app\/uploads\/\/2019\/07\/MI-20190716-ALTA.jpg","width":1417,"height":945,"caption":"Borges - Vinagre de sidra"},{"@type":"BreadcrumbList","@id":"https:\/\/borges.es\/ca\/blog\/vinagre-de-sidra-de-poma\/#breadcrumb","itemListElement":[{"@type":"ListItem","position":1,"name":"Home","item":"https:\/\/borges.es\/ca\/"},{"@type":"ListItem","position":2,"name":"Vinagre de sidra de poma, un ingredient clau per a una dieta sana"}]},{"@type":"WebSite","@id":"https:\/\/borges.es\/ca\/#website","url":"https:\/\/borges.es\/ca\/","name":"Borges","description":"Aqu\u00ed disfrutamos de la cocina saludable y sabrosa. \u00bfTe apuntas?","inLanguage":"ca"},{"@type":"Person","@id":"https:\/\/borges.es\/ca\/#\/schema\/person\/4d4336303ff947bb61578b6173db1cb3","name":"S\u00edlvia Serra","image":{"@type":"ImageObject","inLanguage":"ca","@id":"https:\/\/secure.gravatar.com\/avatar\/34074626096365f59765ad518fb0221300ade7a2b5a585b878a1aec5d37810e3?s=96&d=mm&r=g","url":"https:\/\/secure.gravatar.com\/avatar\/34074626096365f59765ad518fb0221300ade7a2b5a585b878a1aec5d37810e3?s=96&d=mm&r=g","contentUrl":"https:\/\/secure.gravatar.com\/avatar\/34074626096365f59765ad518fb0221300ade7a2b5a585b878a1aec5d37810e3?s=96&d=mm&r=g","caption":"S\u00edlvia Serra"},"sameAs":["https:\/\/x.com\/mortensen"],"url":"https:\/\/borges.es\/ca\/blog\/author\/silvia-serra\/"}]}},"_links":{"self":[{"href":"https:\/\/borges.es\/ca\/wp-json\/wp\/v2\/posts\/6174","targetHints":{"allow":["GET"]}}],"collection":[{"href":"https:\/\/borges.es\/ca\/wp-json\/wp\/v2\/posts"}],"about":[{"href":"https:\/\/borges.es\/ca\/wp-json\/wp\/v2\/types\/post"}],"author":[{"embeddable":true,"href":"https:\/\/borges.es\/ca\/wp-json\/wp\/v2\/users\/63"}],"replies":[{"embeddable":true,"href":"https:\/\/borges.es\/ca\/wp-json\/wp\/v2\/comments?post=6174"}],"version-history":[{"count":1,"href":"https:\/\/borges.es\/ca\/wp-json\/wp\/v2\/posts\/6174\/revisions"}],"predecessor-version":[{"id":6175,"href":"https:\/\/borges.es\/ca\/wp-json\/wp\/v2\/posts\/6174\/revisions\/6175"}],"wp:featuredmedia":[{"embeddable":true,"href":"https:\/\/borges.es\/ca\/wp-json\/wp\/v2\/media\/6172"}],"wp:attachment":[{"href":"https:\/\/borges.es\/ca\/wp-json\/wp\/v2\/media?parent=6174"}],"wp:term":[{"taxonomy":"category","embeddable":true,"href":"https:\/\/borges.es\/ca\/wp-json\/wp\/v2\/categories?post=6174"},{"taxonomy":"post_tag","embeddable":true,"href":"https:\/\/borges.es\/ca\/wp-json\/wp\/v2\/tags?post=6174"}],"curies":[{"name":"wp","href":"https:\/\/api.w.org\/{rel}","templated":true}]}}