{"id":7244,"date":"2020-05-21T10:16:07","date_gmt":"2020-05-21T10:16:07","guid":{"rendered":"https:\/\/borges.es\/?p=7244"},"modified":"2020-05-21T10:16:07","modified_gmt":"2020-05-21T10:16:07","slug":"matins-amb-beguda-vegetal","status":"publish","type":"post","link":"https:\/\/borges.es\/ca\/blog\/matins-amb-beguda-vegetal\/","title":{"rendered":"Matins saludables amb beguda vegetal"},"content":{"rendered":"<p><strong><span style=\"color: #ff0000;\">Si t\u2019habitues a comen\u00e7ar el dia amb un got de beguda vegetal, gaudir\u00e0s de bon mat\u00ed de tots els beneficis de ls fruits secs.<\/span><\/strong><\/p>\n<p>I \u00e9s que no tan sols et proporcionar\u00e0 les prote\u00efnes que necessites i que hauries d\u2019incorporar a cada \u00e0pat, donat que s\u00f3n fonamentals per a mantenir la massa muscular. Tamb\u00e9 t\u2019aportar\u00e0 fibra, carbohidrats per a donar-te energia i greixos cardiosaludables que cuidaran el teu cor. Tot plegat, un luxe.<\/p>\n<p><strong><span style=\"color: #ff0000;\">M\u00e9s avantatges?<\/span><\/strong><\/p>\n<p>Que s\u00f3n bon\u00edssimes i d\u2019all\u00f2 m\u00e9s vers\u00e0tils: pots prendre un got de beguda vegetal freda o calenta, amb caf\u00e8, amb te o amb una cullerada de cacau en pols. Comen\u00e7ar\u00e0s el dia amb prou energia per menjar-te el m\u00f3n!<\/p>\n","protected":false},"excerpt":{"rendered":"<p>Si t\u2019habitues a comen\u00e7ar el dia amb un got de beguda vegetal, gaudir\u00e0s de bon mat\u00ed de tots els beneficis&#8230;<\/p>\n","protected":false},"author":63,"featured_media":7245,"comment_status":"open","ping_status":"closed","sticky":false,"template":"","format":"standard","meta":{"_acf_changed":false,"footnotes":""},"categories":[2],"tags":[480,1856,2152,2469,2671,2935],"class_list":["post-7244","post","type-post","status-publish","format-standard","has-post-thumbnail","hentry","category-uncategorized-ca","tag-fruits-secs-ca","tag-esmorzar","tag-beguda-vegetal","tag-begudes-vegetals","tag-saludable-ca","tag-mati"],"acf":[],"yoast_head":"<!-- This site is optimized with the Yoast SEO plugin v27.4 - https:\/\/yoast.com\/product\/yoast-seo-wordpress\/ -->\n<title>Matins saludables amb beguda vegetal - Borges<\/title>\n<meta name=\"robots\" content=\"index, follow, max-snippet:-1, max-image-preview:large, max-video-preview:-1\" \/>\n<link rel=\"canonical\" href=\"https:\/\/borges.es\/ca\/blog\/matins-amb-beguda-vegetal\/\" \/>\n<meta property=\"og:locale\" content=\"ca_ES\" \/>\n<meta property=\"og:type\" content=\"article\" \/>\n<meta property=\"og:title\" content=\"Matins saludables amb beguda vegetal - Borges\" \/>\n<meta property=\"og:description\" content=\"Si t\u2019habitues a comen\u00e7ar el dia amb un got de beguda vegetal, gaudir\u00e0s de bon mat\u00ed de tots els beneficis...\" \/>\n<meta property=\"og:url\" content=\"https:\/\/borges.es\/ca\/blog\/matins-amb-beguda-vegetal\/\" \/>\n<meta property=\"og:site_name\" content=\"Borges\" \/>\n<meta property=\"article:published_time\" content=\"2020-05-21T10:16:07+00:00\" \/>\n<meta property=\"og:image\" content=\"https:\/\/borges1896.com\/app\/uploads\/\/2020\/05\/MI-20200526-ALTA1.jpg\" \/>\n\t<meta property=\"og:image:width\" content=\"1417\" \/>\n\t<meta property=\"og:image:height\" content=\"945\" \/>\n\t<meta property=\"og:image:type\" content=\"image\/jpeg\" \/>\n<meta name=\"author\" content=\"S\u00edlvia Serra\" \/>\n<meta name=\"twitter:card\" content=\"summary_large_image\" \/>\n<meta name=\"twitter:creator\" content=\"@mortensen\" \/>\n<meta name=\"twitter:label1\" content=\"Escrit per\" \/>\n\t<meta name=\"twitter:data1\" content=\"S\u00edlvia Serra\" \/>\n\t<meta name=\"twitter:label2\" content=\"Temps estimat de lectura\" \/>\n\t<meta name=\"twitter:data2\" content=\"1 minut\" \/>\n<script type=\"application\/ld+json\" class=\"yoast-schema-graph\">{\"@context\":\"https:\\\/\\\/schema.org\",\"@graph\":[{\"@type\":\"Article\",\"@id\":\"https:\\\/\\\/borges.es\\\/ca\\\/blog\\\/matins-amb-beguda-vegetal\\\/#article\",\"isPartOf\":{\"@id\":\"https:\\\/\\\/borges.es\\\/ca\\\/blog\\\/matins-amb-beguda-vegetal\\\/\"},\"author\":{\"name\":\"S\u00edlvia Serra\",\"@id\":\"https:\\\/\\\/borges.es\\\/ca\\\/#\\\/schema\\\/person\\\/4d4336303ff947bb61578b6173db1cb3\"},\"headline\":\"Matins saludables amb beguda vegetal\",\"datePublished\":\"2020-05-21T10:16:07+00:00\",\"mainEntityOfPage\":{\"@id\":\"https:\\\/\\\/borges.es\\\/ca\\\/blog\\\/matins-amb-beguda-vegetal\\\/\"},\"wordCount\":135,\"commentCount\":0,\"image\":{\"@id\":\"https:\\\/\\\/borges.es\\\/ca\\\/blog\\\/matins-amb-beguda-vegetal\\\/#primaryimage\"},\"thumbnailUrl\":\"https:\\\/\\\/borges1896.com\\\/app\\\/uploads\\\/\\\/2020\\\/05\\\/MI-20200526-ALTA1.jpg\",\"keywords\":[\"fruits secs\",\"esmorzar\",\"beguda vegetal\",\"begudes vegetals\",\"saludable\",\"mat\u00ed\"],\"articleSection\":[\"Uncategorized @ca\"],\"inLanguage\":\"ca\",\"potentialAction\":[{\"@type\":\"CommentAction\",\"name\":\"Comment\",\"target\":[\"https:\\\/\\\/borges.es\\\/ca\\\/blog\\\/matins-amb-beguda-vegetal\\\/#respond\"]}]},{\"@type\":\"WebPage\",\"@id\":\"https:\\\/\\\/borges.es\\\/ca\\\/blog\\\/matins-amb-beguda-vegetal\\\/\",\"url\":\"https:\\\/\\\/borges.es\\\/ca\\\/blog\\\/matins-amb-beguda-vegetal\\\/\",\"name\":\"Matins saludables amb beguda vegetal - Borges\",\"isPartOf\":{\"@id\":\"https:\\\/\\\/borges.es\\\/ca\\\/#website\"},\"primaryImageOfPage\":{\"@id\":\"https:\\\/\\\/borges.es\\\/ca\\\/blog\\\/matins-amb-beguda-vegetal\\\/#primaryimage\"},\"image\":{\"@id\":\"https:\\\/\\\/borges.es\\\/ca\\\/blog\\\/matins-amb-beguda-vegetal\\\/#primaryimage\"},\"thumbnailUrl\":\"https:\\\/\\\/borges1896.com\\\/app\\\/uploads\\\/\\\/2020\\\/05\\\/MI-20200526-ALTA1.jpg\",\"datePublished\":\"2020-05-21T10:16:07+00:00\",\"author\":{\"@id\":\"https:\\\/\\\/borges.es\\\/ca\\\/#\\\/schema\\\/person\\\/4d4336303ff947bb61578b6173db1cb3\"},\"breadcrumb\":{\"@id\":\"https:\\\/\\\/borges.es\\\/ca\\\/blog\\\/matins-amb-beguda-vegetal\\\/#breadcrumb\"},\"inLanguage\":\"ca\",\"potentialAction\":[{\"@type\":\"ReadAction\",\"target\":[\"https:\\\/\\\/borges.es\\\/ca\\\/blog\\\/matins-amb-beguda-vegetal\\\/\"]}]},{\"@type\":\"ImageObject\",\"inLanguage\":\"ca\",\"@id\":\"https:\\\/\\\/borges.es\\\/ca\\\/blog\\\/matins-amb-beguda-vegetal\\\/#primaryimage\",\"url\":\"https:\\\/\\\/borges1896.com\\\/app\\\/uploads\\\/\\\/2020\\\/05\\\/MI-20200526-ALTA1.jpg\",\"contentUrl\":\"https:\\\/\\\/borges1896.com\\\/app\\\/uploads\\\/\\\/2020\\\/05\\\/MI-20200526-ALTA1.jpg\",\"width\":1417,\"height\":945,\"caption\":\"Borges - Ma\u00f1anas saludables\"},{\"@type\":\"BreadcrumbList\",\"@id\":\"https:\\\/\\\/borges.es\\\/ca\\\/blog\\\/matins-amb-beguda-vegetal\\\/#breadcrumb\",\"itemListElement\":[{\"@type\":\"ListItem\",\"position\":1,\"name\":\"Home\",\"item\":\"https:\\\/\\\/borges.es\\\/ca\\\/\"},{\"@type\":\"ListItem\",\"position\":2,\"name\":\"Matins saludables amb beguda vegetal\"}]},{\"@type\":\"WebSite\",\"@id\":\"https:\\\/\\\/borges.es\\\/ca\\\/#website\",\"url\":\"https:\\\/\\\/borges.es\\\/ca\\\/\",\"name\":\"Borges\",\"description\":\"Aqu\u00ed disfrutamos de la cocina saludable y sabrosa. \u00bfTe apuntas?\",\"inLanguage\":\"ca\"},{\"@type\":\"Person\",\"@id\":\"https:\\\/\\\/borges.es\\\/ca\\\/#\\\/schema\\\/person\\\/4d4336303ff947bb61578b6173db1cb3\",\"name\":\"S\u00edlvia Serra\",\"image\":{\"@type\":\"ImageObject\",\"inLanguage\":\"ca\",\"@id\":\"https:\\\/\\\/secure.gravatar.com\\\/avatar\\\/34074626096365f59765ad518fb0221300ade7a2b5a585b878a1aec5d37810e3?s=96&d=mm&r=g\",\"url\":\"https:\\\/\\\/secure.gravatar.com\\\/avatar\\\/34074626096365f59765ad518fb0221300ade7a2b5a585b878a1aec5d37810e3?s=96&d=mm&r=g\",\"contentUrl\":\"https:\\\/\\\/secure.gravatar.com\\\/avatar\\\/34074626096365f59765ad518fb0221300ade7a2b5a585b878a1aec5d37810e3?s=96&d=mm&r=g\",\"caption\":\"S\u00edlvia Serra\"},\"sameAs\":[\"https:\\\/\\\/x.com\\\/mortensen\"],\"url\":\"https:\\\/\\\/borges.es\\\/ca\\\/blog\\\/author\\\/silvia-serra\\\/\"}]}<\/script>\n<!-- \/ Yoast SEO plugin. -->","yoast_head_json":{"title":"Matins saludables amb beguda vegetal - Borges","robots":{"index":"index","follow":"follow","max-snippet":"max-snippet:-1","max-image-preview":"max-image-preview:large","max-video-preview":"max-video-preview:-1"},"canonical":"https:\/\/borges.es\/ca\/blog\/matins-amb-beguda-vegetal\/","og_locale":"ca_ES","og_type":"article","og_title":"Matins saludables amb beguda vegetal - Borges","og_description":"Si t\u2019habitues a comen\u00e7ar el dia amb un got de beguda vegetal, gaudir\u00e0s de bon mat\u00ed de tots els beneficis...","og_url":"https:\/\/borges.es\/ca\/blog\/matins-amb-beguda-vegetal\/","og_site_name":"Borges","article_published_time":"2020-05-21T10:16:07+00:00","og_image":[{"width":1417,"height":945,"url":"https:\/\/borges1896.com\/app\/uploads\/\/2020\/05\/MI-20200526-ALTA1.jpg","type":"image\/jpeg"}],"author":"S\u00edlvia Serra","twitter_card":"summary_large_image","twitter_creator":"@mortensen","twitter_misc":{"Escrit per":"S\u00edlvia Serra","Temps estimat de lectura":"1 minut"},"schema":{"@context":"https:\/\/schema.org","@graph":[{"@type":"Article","@id":"https:\/\/borges.es\/ca\/blog\/matins-amb-beguda-vegetal\/#article","isPartOf":{"@id":"https:\/\/borges.es\/ca\/blog\/matins-amb-beguda-vegetal\/"},"author":{"name":"S\u00edlvia Serra","@id":"https:\/\/borges.es\/ca\/#\/schema\/person\/4d4336303ff947bb61578b6173db1cb3"},"headline":"Matins saludables amb beguda vegetal","datePublished":"2020-05-21T10:16:07+00:00","mainEntityOfPage":{"@id":"https:\/\/borges.es\/ca\/blog\/matins-amb-beguda-vegetal\/"},"wordCount":135,"commentCount":0,"image":{"@id":"https:\/\/borges.es\/ca\/blog\/matins-amb-beguda-vegetal\/#primaryimage"},"thumbnailUrl":"https:\/\/borges1896.com\/app\/uploads\/\/2020\/05\/MI-20200526-ALTA1.jpg","keywords":["fruits secs","esmorzar","beguda vegetal","begudes vegetals","saludable","mat\u00ed"],"articleSection":["Uncategorized @ca"],"inLanguage":"ca","potentialAction":[{"@type":"CommentAction","name":"Comment","target":["https:\/\/borges.es\/ca\/blog\/matins-amb-beguda-vegetal\/#respond"]}]},{"@type":"WebPage","@id":"https:\/\/borges.es\/ca\/blog\/matins-amb-beguda-vegetal\/","url":"https:\/\/borges.es\/ca\/blog\/matins-amb-beguda-vegetal\/","name":"Matins saludables amb beguda vegetal - Borges","isPartOf":{"@id":"https:\/\/borges.es\/ca\/#website"},"primaryImageOfPage":{"@id":"https:\/\/borges.es\/ca\/blog\/matins-amb-beguda-vegetal\/#primaryimage"},"image":{"@id":"https:\/\/borges.es\/ca\/blog\/matins-amb-beguda-vegetal\/#primaryimage"},"thumbnailUrl":"https:\/\/borges1896.com\/app\/uploads\/\/2020\/05\/MI-20200526-ALTA1.jpg","datePublished":"2020-05-21T10:16:07+00:00","author":{"@id":"https:\/\/borges.es\/ca\/#\/schema\/person\/4d4336303ff947bb61578b6173db1cb3"},"breadcrumb":{"@id":"https:\/\/borges.es\/ca\/blog\/matins-amb-beguda-vegetal\/#breadcrumb"},"inLanguage":"ca","potentialAction":[{"@type":"ReadAction","target":["https:\/\/borges.es\/ca\/blog\/matins-amb-beguda-vegetal\/"]}]},{"@type":"ImageObject","inLanguage":"ca","@id":"https:\/\/borges.es\/ca\/blog\/matins-amb-beguda-vegetal\/#primaryimage","url":"https:\/\/borges1896.com\/app\/uploads\/\/2020\/05\/MI-20200526-ALTA1.jpg","contentUrl":"https:\/\/borges1896.com\/app\/uploads\/\/2020\/05\/MI-20200526-ALTA1.jpg","width":1417,"height":945,"caption":"Borges - Ma\u00f1anas saludables"},{"@type":"BreadcrumbList","@id":"https:\/\/borges.es\/ca\/blog\/matins-amb-beguda-vegetal\/#breadcrumb","itemListElement":[{"@type":"ListItem","position":1,"name":"Home","item":"https:\/\/borges.es\/ca\/"},{"@type":"ListItem","position":2,"name":"Matins saludables amb beguda vegetal"}]},{"@type":"WebSite","@id":"https:\/\/borges.es\/ca\/#website","url":"https:\/\/borges.es\/ca\/","name":"Borges","description":"Aqu\u00ed disfrutamos de la cocina saludable y sabrosa. \u00bfTe apuntas?","inLanguage":"ca"},{"@type":"Person","@id":"https:\/\/borges.es\/ca\/#\/schema\/person\/4d4336303ff947bb61578b6173db1cb3","name":"S\u00edlvia Serra","image":{"@type":"ImageObject","inLanguage":"ca","@id":"https:\/\/secure.gravatar.com\/avatar\/34074626096365f59765ad518fb0221300ade7a2b5a585b878a1aec5d37810e3?s=96&d=mm&r=g","url":"https:\/\/secure.gravatar.com\/avatar\/34074626096365f59765ad518fb0221300ade7a2b5a585b878a1aec5d37810e3?s=96&d=mm&r=g","contentUrl":"https:\/\/secure.gravatar.com\/avatar\/34074626096365f59765ad518fb0221300ade7a2b5a585b878a1aec5d37810e3?s=96&d=mm&r=g","caption":"S\u00edlvia Serra"},"sameAs":["https:\/\/x.com\/mortensen"],"url":"https:\/\/borges.es\/ca\/blog\/author\/silvia-serra\/"}]}},"_links":{"self":[{"href":"https:\/\/borges.es\/ca\/wp-json\/wp\/v2\/posts\/7244","targetHints":{"allow":["GET"]}}],"collection":[{"href":"https:\/\/borges.es\/ca\/wp-json\/wp\/v2\/posts"}],"about":[{"href":"https:\/\/borges.es\/ca\/wp-json\/wp\/v2\/types\/post"}],"author":[{"embeddable":true,"href":"https:\/\/borges.es\/ca\/wp-json\/wp\/v2\/users\/63"}],"replies":[{"embeddable":true,"href":"https:\/\/borges.es\/ca\/wp-json\/wp\/v2\/comments?post=7244"}],"version-history":[{"count":1,"href":"https:\/\/borges.es\/ca\/wp-json\/wp\/v2\/posts\/7244\/revisions"}],"predecessor-version":[{"id":7247,"href":"https:\/\/borges.es\/ca\/wp-json\/wp\/v2\/posts\/7244\/revisions\/7247"}],"wp:featuredmedia":[{"embeddable":true,"href":"https:\/\/borges.es\/ca\/wp-json\/wp\/v2\/media\/7245"}],"wp:attachment":[{"href":"https:\/\/borges.es\/ca\/wp-json\/wp\/v2\/media?parent=7244"}],"wp:term":[{"taxonomy":"category","embeddable":true,"href":"https:\/\/borges.es\/ca\/wp-json\/wp\/v2\/categories?post=7244"},{"taxonomy":"post_tag","embeddable":true,"href":"https:\/\/borges.es\/ca\/wp-json\/wp\/v2\/tags?post=7244"}],"curies":[{"name":"wp","href":"https:\/\/api.w.org\/{rel}","templated":true}]}}