{"id":7376,"date":"2020-07-27T14:39:02","date_gmt":"2020-07-27T14:39:02","guid":{"rendered":"https:\/\/borges.es\/?p=7376"},"modified":"2020-07-27T14:39:02","modified_gmt":"2020-07-27T14:39:02","slug":"beguda-vegetal","status":"publish","type":"post","link":"https:\/\/borges.es\/ca\/blog\/beguda-vegetal\/","title":{"rendered":"Planta cara a l\u2019estiu amb beguda vegetal ben fresca"},"content":{"rendered":"<p class=\"Cuerpo\"><span lang=\"EN-US\">Quan fa calor de deb\u00f2, el cos demana alguna cosa fresqueta. Per\u00f2, com que t\u2019agrada cuidar-te, val m\u00e9s que evitis els refrescos ensucrats i les begudes alcoh\u00f2liques, que s\u00f3n m\u00e9s aviat perjudicials. Sabies que hi ha alternatives tan saludables i nutritives com les begudes vegetals? Doncs s\u00ed, i a m\u00e9s s\u00f3n molt gustoses: les de nou, ametlla o avellana s\u00f3n bon\u00edssimes!<\/span><\/p>\n<p class=\"Cuerpo\"><span lang=\"EN-US\">Ja ho saps: no hi ha res millor que un got d\u2019alguna d\u2019elles si et vols refrescar i, de pas, tractar b\u00e9 el teu cos amb una dosi de salut, ja que contenen les propietats d\u2019aquestes fruites seques tan beneficioses. Per exemple, la beguda de nou \u00e9s <span style=\"color: #ff0000;\"><strong>rica en omega-<\/strong><\/span>3, que et cuida el cor perqu\u00e8 t\u00e9 a ratlla el colesterol; a m\u00e9s, \u00e9s <span style=\"color: #ff0000;\"><strong>baixa en sal i en sodi<\/strong><\/span>, i aix\u00f2 afavoreix l\u2019equilibri de la tensi\u00f3 arterial<\/span><span lang=\"PT\">.<\/span><span lang=\"EN-US\"> Per \u00faltim, com la d\u2019ametlla i la d\u2019avellana, <strong><span style=\"color: #ff0000;\">no porta lactosa<\/span><\/strong> (quina gran alternativa a la llet de vaca), <strong><span style=\"color: #ff0000;\">gluten ni sucres afegits<\/span><\/strong>.<\/span><\/p>\n","protected":false},"excerpt":{"rendered":"<p>Quan fa calor de deb\u00f2, el cos demana alguna cosa fresqueta. Per\u00f2, com que t\u2019agrada cuidar-te, val m\u00e9s que evitis&#8230;<\/p>\n","protected":false},"author":63,"featured_media":7377,"comment_status":"open","ping_status":"closed","sticky":false,"template":"","format":"standard","meta":{"_acf_changed":false,"footnotes":""},"categories":[2],"tags":[2469,2296,2152,1890,1888,1835,760,480,2671],"class_list":["post-7376","post","type-post","status-publish","format-standard","has-post-thumbnail","hentry","category-uncategorized-ca","tag-begudes-vegetals","tag-avellana","tag-beguda-vegetal","tag-refrescant","tag-estiu","tag-ametlla","tag-nous","tag-fruits-secs-ca","tag-saludable-ca"],"acf":[],"yoast_head":"<!-- This site is optimized with the Yoast SEO plugin v27.4 - https:\/\/yoast.com\/product\/yoast-seo-wordpress\/ -->\n<title>Planta cara a l\u2019estiu amb beguda vegetal ben fresca - Borges<\/title>\n<meta name=\"robots\" content=\"index, follow, max-snippet:-1, max-image-preview:large, max-video-preview:-1\" \/>\n<link rel=\"canonical\" href=\"https:\/\/borges.es\/ca\/blog\/beguda-vegetal\/\" \/>\n<meta property=\"og:locale\" content=\"ca_ES\" \/>\n<meta property=\"og:type\" content=\"article\" \/>\n<meta property=\"og:title\" content=\"Planta cara a l\u2019estiu amb beguda vegetal ben fresca - Borges\" \/>\n<meta property=\"og:description\" content=\"Quan fa calor de deb\u00f2, el cos demana alguna cosa fresqueta. Per\u00f2, com que t\u2019agrada cuidar-te, val m\u00e9s que evitis...\" \/>\n<meta property=\"og:url\" content=\"https:\/\/borges.es\/ca\/blog\/beguda-vegetal\/\" \/>\n<meta property=\"og:site_name\" content=\"Borges\" \/>\n<meta property=\"article:published_time\" content=\"2020-07-27T14:39:02+00:00\" \/>\n<meta property=\"og:image\" content=\"https:\/\/borges1896.com\/app\/uploads\/\/2020\/07\/MI-20200728-ALTA1.jpg\" \/>\n\t<meta property=\"og:image:width\" content=\"945\" \/>\n\t<meta property=\"og:image:height\" content=\"642\" \/>\n\t<meta property=\"og:image:type\" content=\"image\/jpeg\" \/>\n<meta name=\"author\" content=\"S\u00edlvia Serra\" \/>\n<meta name=\"twitter:card\" content=\"summary_large_image\" \/>\n<meta name=\"twitter:creator\" content=\"@mortensen\" \/>\n<meta name=\"twitter:label1\" content=\"Escrit per\" \/>\n\t<meta name=\"twitter:data1\" content=\"S\u00edlvia Serra\" \/>\n\t<meta name=\"twitter:label2\" content=\"Temps estimat de lectura\" \/>\n\t<meta name=\"twitter:data2\" content=\"1 minut\" \/>\n<script type=\"application\/ld+json\" class=\"yoast-schema-graph\">{\"@context\":\"https:\\\/\\\/schema.org\",\"@graph\":[{\"@type\":\"Article\",\"@id\":\"https:\\\/\\\/borges.es\\\/ca\\\/blog\\\/beguda-vegetal\\\/#article\",\"isPartOf\":{\"@id\":\"https:\\\/\\\/borges.es\\\/ca\\\/blog\\\/beguda-vegetal\\\/\"},\"author\":{\"name\":\"S\u00edlvia Serra\",\"@id\":\"https:\\\/\\\/borges.es\\\/ca\\\/#\\\/schema\\\/person\\\/4d4336303ff947bb61578b6173db1cb3\"},\"headline\":\"Planta cara a l\u2019estiu amb beguda vegetal ben fresca\",\"datePublished\":\"2020-07-27T14:39:02+00:00\",\"mainEntityOfPage\":{\"@id\":\"https:\\\/\\\/borges.es\\\/ca\\\/blog\\\/beguda-vegetal\\\/\"},\"wordCount\":188,\"commentCount\":0,\"image\":{\"@id\":\"https:\\\/\\\/borges.es\\\/ca\\\/blog\\\/beguda-vegetal\\\/#primaryimage\"},\"thumbnailUrl\":\"https:\\\/\\\/borges1896.com\\\/app\\\/uploads\\\/\\\/2020\\\/07\\\/MI-20200728-ALTA1.jpg\",\"keywords\":[\"begudes vegetals\",\"avellana\",\"beguda vegetal\",\"refrescant\",\"estiu\",\"ametlla\",\"nous\",\"fruits secs\",\"saludable\"],\"articleSection\":[\"Uncategorized @ca\"],\"inLanguage\":\"ca\",\"potentialAction\":[{\"@type\":\"CommentAction\",\"name\":\"Comment\",\"target\":[\"https:\\\/\\\/borges.es\\\/ca\\\/blog\\\/beguda-vegetal\\\/#respond\"]}]},{\"@type\":\"WebPage\",\"@id\":\"https:\\\/\\\/borges.es\\\/ca\\\/blog\\\/beguda-vegetal\\\/\",\"url\":\"https:\\\/\\\/borges.es\\\/ca\\\/blog\\\/beguda-vegetal\\\/\",\"name\":\"Planta cara a l\u2019estiu amb beguda vegetal ben fresca - Borges\",\"isPartOf\":{\"@id\":\"https:\\\/\\\/borges.es\\\/ca\\\/#website\"},\"primaryImageOfPage\":{\"@id\":\"https:\\\/\\\/borges.es\\\/ca\\\/blog\\\/beguda-vegetal\\\/#primaryimage\"},\"image\":{\"@id\":\"https:\\\/\\\/borges.es\\\/ca\\\/blog\\\/beguda-vegetal\\\/#primaryimage\"},\"thumbnailUrl\":\"https:\\\/\\\/borges1896.com\\\/app\\\/uploads\\\/\\\/2020\\\/07\\\/MI-20200728-ALTA1.jpg\",\"datePublished\":\"2020-07-27T14:39:02+00:00\",\"author\":{\"@id\":\"https:\\\/\\\/borges.es\\\/ca\\\/#\\\/schema\\\/person\\\/4d4336303ff947bb61578b6173db1cb3\"},\"breadcrumb\":{\"@id\":\"https:\\\/\\\/borges.es\\\/ca\\\/blog\\\/beguda-vegetal\\\/#breadcrumb\"},\"inLanguage\":\"ca\",\"potentialAction\":[{\"@type\":\"ReadAction\",\"target\":[\"https:\\\/\\\/borges.es\\\/ca\\\/blog\\\/beguda-vegetal\\\/\"]}]},{\"@type\":\"ImageObject\",\"inLanguage\":\"ca\",\"@id\":\"https:\\\/\\\/borges.es\\\/ca\\\/blog\\\/beguda-vegetal\\\/#primaryimage\",\"url\":\"https:\\\/\\\/borges1896.com\\\/app\\\/uploads\\\/\\\/2020\\\/07\\\/MI-20200728-ALTA1.jpg\",\"contentUrl\":\"https:\\\/\\\/borges1896.com\\\/app\\\/uploads\\\/\\\/2020\\\/07\\\/MI-20200728-ALTA1.jpg\",\"width\":945,\"height\":642,\"caption\":\"Borges - Begudes vegetals\"},{\"@type\":\"BreadcrumbList\",\"@id\":\"https:\\\/\\\/borges.es\\\/ca\\\/blog\\\/beguda-vegetal\\\/#breadcrumb\",\"itemListElement\":[{\"@type\":\"ListItem\",\"position\":1,\"name\":\"Home\",\"item\":\"https:\\\/\\\/borges.es\\\/ca\\\/\"},{\"@type\":\"ListItem\",\"position\":2,\"name\":\"Planta cara a l\u2019estiu amb beguda vegetal ben fresca\"}]},{\"@type\":\"WebSite\",\"@id\":\"https:\\\/\\\/borges.es\\\/ca\\\/#website\",\"url\":\"https:\\\/\\\/borges.es\\\/ca\\\/\",\"name\":\"Borges\",\"description\":\"Aqu\u00ed disfrutamos de la cocina saludable y sabrosa. \u00bfTe apuntas?\",\"inLanguage\":\"ca\"},{\"@type\":\"Person\",\"@id\":\"https:\\\/\\\/borges.es\\\/ca\\\/#\\\/schema\\\/person\\\/4d4336303ff947bb61578b6173db1cb3\",\"name\":\"S\u00edlvia Serra\",\"image\":{\"@type\":\"ImageObject\",\"inLanguage\":\"ca\",\"@id\":\"https:\\\/\\\/secure.gravatar.com\\\/avatar\\\/34074626096365f59765ad518fb0221300ade7a2b5a585b878a1aec5d37810e3?s=96&d=mm&r=g\",\"url\":\"https:\\\/\\\/secure.gravatar.com\\\/avatar\\\/34074626096365f59765ad518fb0221300ade7a2b5a585b878a1aec5d37810e3?s=96&d=mm&r=g\",\"contentUrl\":\"https:\\\/\\\/secure.gravatar.com\\\/avatar\\\/34074626096365f59765ad518fb0221300ade7a2b5a585b878a1aec5d37810e3?s=96&d=mm&r=g\",\"caption\":\"S\u00edlvia Serra\"},\"sameAs\":[\"https:\\\/\\\/x.com\\\/mortensen\"],\"url\":\"https:\\\/\\\/borges.es\\\/ca\\\/blog\\\/author\\\/silvia-serra\\\/\"}]}<\/script>\n<!-- \/ Yoast SEO plugin. -->","yoast_head_json":{"title":"Planta cara a l\u2019estiu amb beguda vegetal ben fresca - Borges","robots":{"index":"index","follow":"follow","max-snippet":"max-snippet:-1","max-image-preview":"max-image-preview:large","max-video-preview":"max-video-preview:-1"},"canonical":"https:\/\/borges.es\/ca\/blog\/beguda-vegetal\/","og_locale":"ca_ES","og_type":"article","og_title":"Planta cara a l\u2019estiu amb beguda vegetal ben fresca - Borges","og_description":"Quan fa calor de deb\u00f2, el cos demana alguna cosa fresqueta. Per\u00f2, com que t\u2019agrada cuidar-te, val m\u00e9s que evitis...","og_url":"https:\/\/borges.es\/ca\/blog\/beguda-vegetal\/","og_site_name":"Borges","article_published_time":"2020-07-27T14:39:02+00:00","og_image":[{"width":945,"height":642,"url":"https:\/\/borges1896.com\/app\/uploads\/\/2020\/07\/MI-20200728-ALTA1.jpg","type":"image\/jpeg"}],"author":"S\u00edlvia Serra","twitter_card":"summary_large_image","twitter_creator":"@mortensen","twitter_misc":{"Escrit per":"S\u00edlvia Serra","Temps estimat de lectura":"1 minut"},"schema":{"@context":"https:\/\/schema.org","@graph":[{"@type":"Article","@id":"https:\/\/borges.es\/ca\/blog\/beguda-vegetal\/#article","isPartOf":{"@id":"https:\/\/borges.es\/ca\/blog\/beguda-vegetal\/"},"author":{"name":"S\u00edlvia Serra","@id":"https:\/\/borges.es\/ca\/#\/schema\/person\/4d4336303ff947bb61578b6173db1cb3"},"headline":"Planta cara a l\u2019estiu amb beguda vegetal ben fresca","datePublished":"2020-07-27T14:39:02+00:00","mainEntityOfPage":{"@id":"https:\/\/borges.es\/ca\/blog\/beguda-vegetal\/"},"wordCount":188,"commentCount":0,"image":{"@id":"https:\/\/borges.es\/ca\/blog\/beguda-vegetal\/#primaryimage"},"thumbnailUrl":"https:\/\/borges1896.com\/app\/uploads\/\/2020\/07\/MI-20200728-ALTA1.jpg","keywords":["begudes vegetals","avellana","beguda vegetal","refrescant","estiu","ametlla","nous","fruits secs","saludable"],"articleSection":["Uncategorized @ca"],"inLanguage":"ca","potentialAction":[{"@type":"CommentAction","name":"Comment","target":["https:\/\/borges.es\/ca\/blog\/beguda-vegetal\/#respond"]}]},{"@type":"WebPage","@id":"https:\/\/borges.es\/ca\/blog\/beguda-vegetal\/","url":"https:\/\/borges.es\/ca\/blog\/beguda-vegetal\/","name":"Planta cara a l\u2019estiu amb beguda vegetal ben fresca - Borges","isPartOf":{"@id":"https:\/\/borges.es\/ca\/#website"},"primaryImageOfPage":{"@id":"https:\/\/borges.es\/ca\/blog\/beguda-vegetal\/#primaryimage"},"image":{"@id":"https:\/\/borges.es\/ca\/blog\/beguda-vegetal\/#primaryimage"},"thumbnailUrl":"https:\/\/borges1896.com\/app\/uploads\/\/2020\/07\/MI-20200728-ALTA1.jpg","datePublished":"2020-07-27T14:39:02+00:00","author":{"@id":"https:\/\/borges.es\/ca\/#\/schema\/person\/4d4336303ff947bb61578b6173db1cb3"},"breadcrumb":{"@id":"https:\/\/borges.es\/ca\/blog\/beguda-vegetal\/#breadcrumb"},"inLanguage":"ca","potentialAction":[{"@type":"ReadAction","target":["https:\/\/borges.es\/ca\/blog\/beguda-vegetal\/"]}]},{"@type":"ImageObject","inLanguage":"ca","@id":"https:\/\/borges.es\/ca\/blog\/beguda-vegetal\/#primaryimage","url":"https:\/\/borges1896.com\/app\/uploads\/\/2020\/07\/MI-20200728-ALTA1.jpg","contentUrl":"https:\/\/borges1896.com\/app\/uploads\/\/2020\/07\/MI-20200728-ALTA1.jpg","width":945,"height":642,"caption":"Borges - Begudes vegetals"},{"@type":"BreadcrumbList","@id":"https:\/\/borges.es\/ca\/blog\/beguda-vegetal\/#breadcrumb","itemListElement":[{"@type":"ListItem","position":1,"name":"Home","item":"https:\/\/borges.es\/ca\/"},{"@type":"ListItem","position":2,"name":"Planta cara a l\u2019estiu amb beguda vegetal ben fresca"}]},{"@type":"WebSite","@id":"https:\/\/borges.es\/ca\/#website","url":"https:\/\/borges.es\/ca\/","name":"Borges","description":"Aqu\u00ed disfrutamos de la cocina saludable y sabrosa. \u00bfTe apuntas?","inLanguage":"ca"},{"@type":"Person","@id":"https:\/\/borges.es\/ca\/#\/schema\/person\/4d4336303ff947bb61578b6173db1cb3","name":"S\u00edlvia Serra","image":{"@type":"ImageObject","inLanguage":"ca","@id":"https:\/\/secure.gravatar.com\/avatar\/34074626096365f59765ad518fb0221300ade7a2b5a585b878a1aec5d37810e3?s=96&d=mm&r=g","url":"https:\/\/secure.gravatar.com\/avatar\/34074626096365f59765ad518fb0221300ade7a2b5a585b878a1aec5d37810e3?s=96&d=mm&r=g","contentUrl":"https:\/\/secure.gravatar.com\/avatar\/34074626096365f59765ad518fb0221300ade7a2b5a585b878a1aec5d37810e3?s=96&d=mm&r=g","caption":"S\u00edlvia Serra"},"sameAs":["https:\/\/x.com\/mortensen"],"url":"https:\/\/borges.es\/ca\/blog\/author\/silvia-serra\/"}]}},"_links":{"self":[{"href":"https:\/\/borges.es\/ca\/wp-json\/wp\/v2\/posts\/7376","targetHints":{"allow":["GET"]}}],"collection":[{"href":"https:\/\/borges.es\/ca\/wp-json\/wp\/v2\/posts"}],"about":[{"href":"https:\/\/borges.es\/ca\/wp-json\/wp\/v2\/types\/post"}],"author":[{"embeddable":true,"href":"https:\/\/borges.es\/ca\/wp-json\/wp\/v2\/users\/63"}],"replies":[{"embeddable":true,"href":"https:\/\/borges.es\/ca\/wp-json\/wp\/v2\/comments?post=7376"}],"version-history":[{"count":1,"href":"https:\/\/borges.es\/ca\/wp-json\/wp\/v2\/posts\/7376\/revisions"}],"predecessor-version":[{"id":7379,"href":"https:\/\/borges.es\/ca\/wp-json\/wp\/v2\/posts\/7376\/revisions\/7379"}],"wp:featuredmedia":[{"embeddable":true,"href":"https:\/\/borges.es\/ca\/wp-json\/wp\/v2\/media\/7377"}],"wp:attachment":[{"href":"https:\/\/borges.es\/ca\/wp-json\/wp\/v2\/media?parent=7376"}],"wp:term":[{"taxonomy":"category","embeddable":true,"href":"https:\/\/borges.es\/ca\/wp-json\/wp\/v2\/categories?post=7376"},{"taxonomy":"post_tag","embeddable":true,"href":"https:\/\/borges.es\/ca\/wp-json\/wp\/v2\/tags?post=7376"}],"curies":[{"name":"wp","href":"https:\/\/api.w.org\/{rel}","templated":true}]}}