{"id":7803,"date":"2021-03-15T08:55:53","date_gmt":"2021-03-15T08:55:53","guid":{"rendered":"https:\/\/borges.es\/?p=7803"},"modified":"2021-03-15T08:55:53","modified_gmt":"2021-03-15T08:55:53","slug":"postres-sense-forn","status":"publish","type":"post","link":"https:\/\/borges.es\/ca\/blog\/postres-sense-forn\/","title":{"rendered":"Postres sense forn i amb beguda de nou"},"content":{"rendered":"<p>Qui no s\u2019entengui gaire b\u00e9 amb el forn estar\u00e0 encantat amb aquestes tres idees de postres saludables i bon\u00edssimes amb beguda de nou. Pren-ne nota!<\/p>\n<p><span style=\"color: #ff0000;\"><strong>Cr<\/strong><strong>e<\/strong><strong>ps, <\/strong><strong>\u201c<\/strong><\/span><strong><span style=\"color: #ff0000;\">mon amour\u201d<\/span><br \/>\n<\/strong><span style=\"font-size: 1rem;\">Una recepta francesa deliciosa que sempre triomfa. La pots personalitzar: substitueix la llet per beguda de nou i la farina de blat per farina de cigrons, d\u2019espelta o qualsevol altra que t\u2019agradi. Farceix les creps amb fruita de temporada i nous picades.<\/span><\/p>\n<p><span style=\"color: #ff0000;\"><strong>Gelat <\/strong><strong>de <\/strong><strong>x<\/strong><strong>ocolat<\/strong><\/span><strong><span style=\"color: #ff0000;\">a<\/span><br \/>\n<\/strong><span style=\"font-size: 1rem;\">No coneixem ning\u00fa a qui no agradi el gelat ni la xocolata. Aix\u00ed doncs, pot ser una bona idea preparar un gelat casol\u00e0 amb beguda de nou i xocolata negra, al qual pots afegir un <\/span><em style=\"font-size: 1rem;\">topping <\/em><span style=\"font-size: 1rem;\">de nous i una fulla de menta a l\u2019hora de servir-lo.<\/span><\/p>\n<p><span style=\"color: #ff0000;\"><strong>Un b<\/strong><strong>o<\/strong><\/span><strong><span style=\"color: #ff0000;\">n \u201csmoothie\u201d!<\/span><br \/>\n<\/strong><span style=\"font-size: 1rem;\">No hi ha res m\u00e9s bo i que entri m\u00e9s pels ulls que un acolorit <\/span><em style=\"font-size: 1rem;\">smoothie<\/em><span style=\"font-size: 1rem;\"> servit en un got transparent. Ja pots comen\u00e7ar a inventar: mescla beguda de nou amb fruites de temporada al teu gust i afegeix-hi, si en tens ganes, una galeta integral. Tindr\u00e0s unes postres sanes i llamineres, baixes en calories i irresistibles.<\/span><\/p>\n","protected":false},"excerpt":{"rendered":"<p>Qui no s\u2019entengui gaire b\u00e9 amb el forn estar\u00e0 encantat amb aquestes tres idees de postres saludables i bon\u00edssimes amb&#8230;<\/p>\n","protected":false},"author":63,"featured_media":7804,"comment_status":"open","ping_status":"closed","sticky":false,"template":"","format":"standard","meta":{"_acf_changed":false,"footnotes":""},"categories":[2],"tags":[1899,2862,2701,2469,2152,2088,2010,1907,1906,1843,1816,1777,1776,1768,1767,567,430],"class_list":["post-7803","post","type-post","status-publish","format-standard","has-post-thumbnail","hentry","category-uncategorized-ca","tag-fruita","tag-cuina-mediterrania","tag-postres-ca","tag-begudes-vegetals","tag-beguda-vegetal","tag-forn","tag-dieta-mediterrania","tag-crep","tag-batut","tag-gelat","tag-consells","tag-consell","tag-smoothie","tag-trucs","tag-truc","tag-xocolata","tag-beguda-de-nou"],"acf":[],"yoast_head":"<!-- This site is optimized with the Yoast SEO plugin v27.4 - https:\/\/yoast.com\/product\/yoast-seo-wordpress\/ -->\n<title>Postres sense forn i amb beguda de nou - Borges<\/title>\n<meta name=\"robots\" content=\"index, follow, max-snippet:-1, max-image-preview:large, max-video-preview:-1\" \/>\n<link rel=\"canonical\" href=\"https:\/\/borges.es\/ca\/blog\/postres-sense-forn\/\" \/>\n<meta property=\"og:locale\" content=\"ca_ES\" \/>\n<meta property=\"og:type\" content=\"article\" \/>\n<meta property=\"og:title\" content=\"Postres sense forn i amb beguda de nou - Borges\" \/>\n<meta property=\"og:description\" content=\"Qui no s\u2019entengui gaire b\u00e9 amb el forn estar\u00e0 encantat amb aquestes tres idees de postres saludables i bon\u00edssimes amb...\" \/>\n<meta property=\"og:url\" content=\"https:\/\/borges.es\/ca\/blog\/postres-sense-forn\/\" \/>\n<meta property=\"og:site_name\" content=\"Borges\" \/>\n<meta property=\"article:published_time\" content=\"2021-03-15T08:55:53+00:00\" \/>\n<meta property=\"og:image\" content=\"https:\/\/borges1896.com\/app\/uploads\/\/2021\/03\/MI-20210316a.jpg\" \/>\n\t<meta property=\"og:image:width\" content=\"945\" \/>\n\t<meta property=\"og:image:height\" content=\"758\" \/>\n\t<meta property=\"og:image:type\" content=\"image\/jpeg\" \/>\n<meta name=\"author\" content=\"S\u00edlvia Serra\" \/>\n<meta name=\"twitter:card\" content=\"summary_large_image\" \/>\n<meta name=\"twitter:creator\" content=\"@mortensen\" \/>\n<meta name=\"twitter:label1\" content=\"Escrit per\" \/>\n\t<meta name=\"twitter:data1\" content=\"S\u00edlvia Serra\" \/>\n\t<meta name=\"twitter:label2\" content=\"Temps estimat de lectura\" \/>\n\t<meta name=\"twitter:data2\" content=\"1 minut\" \/>\n<script type=\"application\/ld+json\" class=\"yoast-schema-graph\">{\"@context\":\"https:\\\/\\\/schema.org\",\"@graph\":[{\"@type\":\"Article\",\"@id\":\"https:\\\/\\\/borges.es\\\/ca\\\/blog\\\/postres-sense-forn\\\/#article\",\"isPartOf\":{\"@id\":\"https:\\\/\\\/borges.es\\\/ca\\\/blog\\\/postres-sense-forn\\\/\"},\"author\":{\"name\":\"S\u00edlvia Serra\",\"@id\":\"https:\\\/\\\/borges.es\\\/ca\\\/#\\\/schema\\\/person\\\/4d4336303ff947bb61578b6173db1cb3\"},\"headline\":\"Postres sense forn i amb beguda de nou\",\"datePublished\":\"2021-03-15T08:55:53+00:00\",\"mainEntityOfPage\":{\"@id\":\"https:\\\/\\\/borges.es\\\/ca\\\/blog\\\/postres-sense-forn\\\/\"},\"wordCount\":203,\"commentCount\":0,\"image\":{\"@id\":\"https:\\\/\\\/borges.es\\\/ca\\\/blog\\\/postres-sense-forn\\\/#primaryimage\"},\"thumbnailUrl\":\"https:\\\/\\\/borges1896.com\\\/app\\\/uploads\\\/\\\/2021\\\/03\\\/MI-20210316a.jpg\",\"keywords\":[\"fruita\",\"cuina mediterrania\",\"postres\",\"begudes vegetals\",\"beguda vegetal\",\"forn\",\"dieta mediterr\u00e0nia\",\"crep\",\"batut\",\"gelat\",\"consells\",\"consell\",\"smoothie\",\"trucs\",\"truc\",\"xocolata\",\"beguda de nou\"],\"articleSection\":[\"Uncategorized @ca\"],\"inLanguage\":\"ca\",\"potentialAction\":[{\"@type\":\"CommentAction\",\"name\":\"Comment\",\"target\":[\"https:\\\/\\\/borges.es\\\/ca\\\/blog\\\/postres-sense-forn\\\/#respond\"]}]},{\"@type\":\"WebPage\",\"@id\":\"https:\\\/\\\/borges.es\\\/ca\\\/blog\\\/postres-sense-forn\\\/\",\"url\":\"https:\\\/\\\/borges.es\\\/ca\\\/blog\\\/postres-sense-forn\\\/\",\"name\":\"Postres sense forn i amb beguda de nou - Borges\",\"isPartOf\":{\"@id\":\"https:\\\/\\\/borges.es\\\/ca\\\/#website\"},\"primaryImageOfPage\":{\"@id\":\"https:\\\/\\\/borges.es\\\/ca\\\/blog\\\/postres-sense-forn\\\/#primaryimage\"},\"image\":{\"@id\":\"https:\\\/\\\/borges.es\\\/ca\\\/blog\\\/postres-sense-forn\\\/#primaryimage\"},\"thumbnailUrl\":\"https:\\\/\\\/borges1896.com\\\/app\\\/uploads\\\/\\\/2021\\\/03\\\/MI-20210316a.jpg\",\"datePublished\":\"2021-03-15T08:55:53+00:00\",\"author\":{\"@id\":\"https:\\\/\\\/borges.es\\\/ca\\\/#\\\/schema\\\/person\\\/4d4336303ff947bb61578b6173db1cb3\"},\"breadcrumb\":{\"@id\":\"https:\\\/\\\/borges.es\\\/ca\\\/blog\\\/postres-sense-forn\\\/#breadcrumb\"},\"inLanguage\":\"ca\",\"potentialAction\":[{\"@type\":\"ReadAction\",\"target\":[\"https:\\\/\\\/borges.es\\\/ca\\\/blog\\\/postres-sense-forn\\\/\"]}]},{\"@type\":\"ImageObject\",\"inLanguage\":\"ca\",\"@id\":\"https:\\\/\\\/borges.es\\\/ca\\\/blog\\\/postres-sense-forn\\\/#primaryimage\",\"url\":\"https:\\\/\\\/borges1896.com\\\/app\\\/uploads\\\/\\\/2021\\\/03\\\/MI-20210316a.jpg\",\"contentUrl\":\"https:\\\/\\\/borges1896.com\\\/app\\\/uploads\\\/\\\/2021\\\/03\\\/MI-20210316a.jpg\",\"width\":945,\"height\":758,\"caption\":\"Borges - Postres sin horno\"},{\"@type\":\"BreadcrumbList\",\"@id\":\"https:\\\/\\\/borges.es\\\/ca\\\/blog\\\/postres-sense-forn\\\/#breadcrumb\",\"itemListElement\":[{\"@type\":\"ListItem\",\"position\":1,\"name\":\"Home\",\"item\":\"https:\\\/\\\/borges.es\\\/ca\\\/\"},{\"@type\":\"ListItem\",\"position\":2,\"name\":\"Postres sense forn i amb beguda de nou\"}]},{\"@type\":\"WebSite\",\"@id\":\"https:\\\/\\\/borges.es\\\/ca\\\/#website\",\"url\":\"https:\\\/\\\/borges.es\\\/ca\\\/\",\"name\":\"Borges\",\"description\":\"Aqu\u00ed disfrutamos de la cocina saludable y sabrosa. \u00bfTe apuntas?\",\"inLanguage\":\"ca\"},{\"@type\":\"Person\",\"@id\":\"https:\\\/\\\/borges.es\\\/ca\\\/#\\\/schema\\\/person\\\/4d4336303ff947bb61578b6173db1cb3\",\"name\":\"S\u00edlvia Serra\",\"image\":{\"@type\":\"ImageObject\",\"inLanguage\":\"ca\",\"@id\":\"https:\\\/\\\/secure.gravatar.com\\\/avatar\\\/34074626096365f59765ad518fb0221300ade7a2b5a585b878a1aec5d37810e3?s=96&d=mm&r=g\",\"url\":\"https:\\\/\\\/secure.gravatar.com\\\/avatar\\\/34074626096365f59765ad518fb0221300ade7a2b5a585b878a1aec5d37810e3?s=96&d=mm&r=g\",\"contentUrl\":\"https:\\\/\\\/secure.gravatar.com\\\/avatar\\\/34074626096365f59765ad518fb0221300ade7a2b5a585b878a1aec5d37810e3?s=96&d=mm&r=g\",\"caption\":\"S\u00edlvia Serra\"},\"sameAs\":[\"https:\\\/\\\/x.com\\\/mortensen\"],\"url\":\"https:\\\/\\\/borges.es\\\/ca\\\/blog\\\/author\\\/silvia-serra\\\/\"}]}<\/script>\n<!-- \/ Yoast SEO plugin. -->","yoast_head_json":{"title":"Postres sense forn i amb beguda de nou - Borges","robots":{"index":"index","follow":"follow","max-snippet":"max-snippet:-1","max-image-preview":"max-image-preview:large","max-video-preview":"max-video-preview:-1"},"canonical":"https:\/\/borges.es\/ca\/blog\/postres-sense-forn\/","og_locale":"ca_ES","og_type":"article","og_title":"Postres sense forn i amb beguda de nou - Borges","og_description":"Qui no s\u2019entengui gaire b\u00e9 amb el forn estar\u00e0 encantat amb aquestes tres idees de postres saludables i bon\u00edssimes amb...","og_url":"https:\/\/borges.es\/ca\/blog\/postres-sense-forn\/","og_site_name":"Borges","article_published_time":"2021-03-15T08:55:53+00:00","og_image":[{"width":945,"height":758,"url":"https:\/\/borges1896.com\/app\/uploads\/\/2021\/03\/MI-20210316a.jpg","type":"image\/jpeg"}],"author":"S\u00edlvia Serra","twitter_card":"summary_large_image","twitter_creator":"@mortensen","twitter_misc":{"Escrit per":"S\u00edlvia Serra","Temps estimat de lectura":"1 minut"},"schema":{"@context":"https:\/\/schema.org","@graph":[{"@type":"Article","@id":"https:\/\/borges.es\/ca\/blog\/postres-sense-forn\/#article","isPartOf":{"@id":"https:\/\/borges.es\/ca\/blog\/postres-sense-forn\/"},"author":{"name":"S\u00edlvia Serra","@id":"https:\/\/borges.es\/ca\/#\/schema\/person\/4d4336303ff947bb61578b6173db1cb3"},"headline":"Postres sense forn i amb beguda de nou","datePublished":"2021-03-15T08:55:53+00:00","mainEntityOfPage":{"@id":"https:\/\/borges.es\/ca\/blog\/postres-sense-forn\/"},"wordCount":203,"commentCount":0,"image":{"@id":"https:\/\/borges.es\/ca\/blog\/postres-sense-forn\/#primaryimage"},"thumbnailUrl":"https:\/\/borges1896.com\/app\/uploads\/\/2021\/03\/MI-20210316a.jpg","keywords":["fruita","cuina mediterrania","postres","begudes vegetals","beguda vegetal","forn","dieta mediterr\u00e0nia","crep","batut","gelat","consells","consell","smoothie","trucs","truc","xocolata","beguda de nou"],"articleSection":["Uncategorized @ca"],"inLanguage":"ca","potentialAction":[{"@type":"CommentAction","name":"Comment","target":["https:\/\/borges.es\/ca\/blog\/postres-sense-forn\/#respond"]}]},{"@type":"WebPage","@id":"https:\/\/borges.es\/ca\/blog\/postres-sense-forn\/","url":"https:\/\/borges.es\/ca\/blog\/postres-sense-forn\/","name":"Postres sense forn i amb beguda de nou - Borges","isPartOf":{"@id":"https:\/\/borges.es\/ca\/#website"},"primaryImageOfPage":{"@id":"https:\/\/borges.es\/ca\/blog\/postres-sense-forn\/#primaryimage"},"image":{"@id":"https:\/\/borges.es\/ca\/blog\/postres-sense-forn\/#primaryimage"},"thumbnailUrl":"https:\/\/borges1896.com\/app\/uploads\/\/2021\/03\/MI-20210316a.jpg","datePublished":"2021-03-15T08:55:53+00:00","author":{"@id":"https:\/\/borges.es\/ca\/#\/schema\/person\/4d4336303ff947bb61578b6173db1cb3"},"breadcrumb":{"@id":"https:\/\/borges.es\/ca\/blog\/postres-sense-forn\/#breadcrumb"},"inLanguage":"ca","potentialAction":[{"@type":"ReadAction","target":["https:\/\/borges.es\/ca\/blog\/postres-sense-forn\/"]}]},{"@type":"ImageObject","inLanguage":"ca","@id":"https:\/\/borges.es\/ca\/blog\/postres-sense-forn\/#primaryimage","url":"https:\/\/borges1896.com\/app\/uploads\/\/2021\/03\/MI-20210316a.jpg","contentUrl":"https:\/\/borges1896.com\/app\/uploads\/\/2021\/03\/MI-20210316a.jpg","width":945,"height":758,"caption":"Borges - Postres sin horno"},{"@type":"BreadcrumbList","@id":"https:\/\/borges.es\/ca\/blog\/postres-sense-forn\/#breadcrumb","itemListElement":[{"@type":"ListItem","position":1,"name":"Home","item":"https:\/\/borges.es\/ca\/"},{"@type":"ListItem","position":2,"name":"Postres sense forn i amb beguda de nou"}]},{"@type":"WebSite","@id":"https:\/\/borges.es\/ca\/#website","url":"https:\/\/borges.es\/ca\/","name":"Borges","description":"Aqu\u00ed disfrutamos de la cocina saludable y sabrosa. \u00bfTe apuntas?","inLanguage":"ca"},{"@type":"Person","@id":"https:\/\/borges.es\/ca\/#\/schema\/person\/4d4336303ff947bb61578b6173db1cb3","name":"S\u00edlvia Serra","image":{"@type":"ImageObject","inLanguage":"ca","@id":"https:\/\/secure.gravatar.com\/avatar\/34074626096365f59765ad518fb0221300ade7a2b5a585b878a1aec5d37810e3?s=96&d=mm&r=g","url":"https:\/\/secure.gravatar.com\/avatar\/34074626096365f59765ad518fb0221300ade7a2b5a585b878a1aec5d37810e3?s=96&d=mm&r=g","contentUrl":"https:\/\/secure.gravatar.com\/avatar\/34074626096365f59765ad518fb0221300ade7a2b5a585b878a1aec5d37810e3?s=96&d=mm&r=g","caption":"S\u00edlvia Serra"},"sameAs":["https:\/\/x.com\/mortensen"],"url":"https:\/\/borges.es\/ca\/blog\/author\/silvia-serra\/"}]}},"_links":{"self":[{"href":"https:\/\/borges.es\/ca\/wp-json\/wp\/v2\/posts\/7803","targetHints":{"allow":["GET"]}}],"collection":[{"href":"https:\/\/borges.es\/ca\/wp-json\/wp\/v2\/posts"}],"about":[{"href":"https:\/\/borges.es\/ca\/wp-json\/wp\/v2\/types\/post"}],"author":[{"embeddable":true,"href":"https:\/\/borges.es\/ca\/wp-json\/wp\/v2\/users\/63"}],"replies":[{"embeddable":true,"href":"https:\/\/borges.es\/ca\/wp-json\/wp\/v2\/comments?post=7803"}],"version-history":[{"count":1,"href":"https:\/\/borges.es\/ca\/wp-json\/wp\/v2\/posts\/7803\/revisions"}],"predecessor-version":[{"id":7806,"href":"https:\/\/borges.es\/ca\/wp-json\/wp\/v2\/posts\/7803\/revisions\/7806"}],"wp:featuredmedia":[{"embeddable":true,"href":"https:\/\/borges.es\/ca\/wp-json\/wp\/v2\/media\/7804"}],"wp:attachment":[{"href":"https:\/\/borges.es\/ca\/wp-json\/wp\/v2\/media?parent=7803"}],"wp:term":[{"taxonomy":"category","embeddable":true,"href":"https:\/\/borges.es\/ca\/wp-json\/wp\/v2\/categories?post=7803"},{"taxonomy":"post_tag","embeddable":true,"href":"https:\/\/borges.es\/ca\/wp-json\/wp\/v2\/tags?post=7803"}],"curies":[{"name":"wp","href":"https:\/\/api.w.org\/{rel}","templated":true}]}}